{"id":45387,"date":"2022-09-05T04:58:03","date_gmt":"2022-09-05T08:58:03","guid":{"rendered":"https:\/\/inces.gob.ve\/?p=45387"},"modified":"2022-09-04T22:59:09","modified_gmt":"2022-09-05T02:59:09","slug":"la-guaira-inces-entrego-titularidad-de-cargo-a-63-trabajadores","status":"publish","type":"post","link":"https:\/\/inces.gob.ve\/index.php\/2022\/09\/05\/la-guaira-inces-entrego-titularidad-de-cargo-a-63-trabajadores\/","title":{"rendered":"LA GUAIRA | Inces entreg\u00f3 titularidad de cargo a 63 trabajadores"},"content":{"rendered":"<p class=\"western\" lang=\"es-VE\" style=\"text-align: justify;\" align=\"center\"><span style=\"font-family: helvetica, arial, sans-serif; font-size: 14pt;\"><em><span lang=\"es-ES\"><b>** E<\/b><\/span><span lang=\"es-ES\"><b>sta misma acci\u00f3n se repite en todos los estados del pa\u00eds<\/b><\/span><\/em><!--more--><\/span><\/p>\n<p class=\"western\" lang=\"es-VE\" style=\"text-align: justify;\" align=\"justify\"><span style=\"font-family: helvetica, arial, sans-serif; font-size: 14pt;\"><span lang=\"es-ES\">El Inces La Guaira marc\u00f3 un nuevo cap<\/span><span lang=\"es-ES\">\u00ed<\/span><span lang=\"es-ES\">tulo en la historia de la instituci\u00f3n y es que este martes en compa\u00f1\u00eda de Nielsy Cabrera, <\/span><span lang=\"es-ES\">g<\/span><span lang=\"es-ES\">erente <\/span><span lang=\"es-ES\">g<\/span><span lang=\"es-ES\">eneral de Talento Humano <\/span><span lang=\"es-ES\">y de<\/span><span lang=\"es-ES\"> Gibr<\/span><span lang=\"es-ES\">\u00e1<\/span><span lang=\"es-ES\">n Henr\u00edquez, <\/span><span lang=\"es-ES\">g<\/span><span lang=\"es-ES\">erente <\/span><span lang=\"es-ES\">r<\/span><span lang=\"es-ES\">egional del Inces La Guaira, se entreg\u00f3 la titularidad de cargo a 63 trabajadores como parte de un acto de justicia social y car\u00e1cter revolucionario. <\/span><\/span><\/p>\n<p class=\"western\" lang=\"es-VE\" style=\"text-align: justify;\" align=\"justify\">\n<p class=\"western\" lang=\"es-VE\" style=\"text-align: justify;\" align=\"justify\"><span style=\"font-family: helvetica, arial, sans-serif; font-size: 14pt;\">\u201c<span lang=\"es-ES\">Este acto <\/span><span lang=\"es-ES\">es de<\/span><span lang=\"es-ES\"> importancia hist\u00f3rica para el Instituto Nacional de Capacitaci\u00f3n y Educaci\u00f3n Socialista, reconoce la incansable labor de cada trabajador, quienes d\u00eda a d\u00eda cumplen con sus labores con total esfuerzo y dedicaci\u00f3n\u201d, resalt\u00f3 Gibr<\/span><span lang=\"es-ES\">\u00e1n<\/span><span lang=\"es-ES\"> Henr\u00edquez. <\/span><\/span><\/p>\n<p class=\"western\" lang=\"es-VE\" style=\"text-align: justify;\" align=\"justify\">\n<p class=\"western\" lang=\"es-VE\" style=\"text-align: justify;\" align=\"justify\"><span style=\"font-family: helvetica, arial, sans-serif; font-size: 14pt;\"><span lang=\"es-ES\">Es importante destacar que esta actividad se realiza gracias a las atenciones dirigidas al sector educativo promovidas principalmente por el presidente de la Rep\u00fablica, Nicolas Maduro, la ministra de educaci\u00f3n, Yelitze Santaella y el presidente de Inces, Wuikelman Angel. <\/span><\/span><\/p>\n<p class=\"western\" lang=\"es-VE\" style=\"text-align: justify;\" align=\"justify\">\n<p class=\"western\" lang=\"es-VE\" style=\"text-align: justify;\" align=\"justify\"><a name=\"_GoBack\"><\/a><span style=\"font-family: helvetica, arial, sans-serif; font-size: 14pt;\"> \u201c<span lang=\"es-ES\">Ustedes forman parte de cada aporte y transformaci\u00f3n de esta instituci\u00f3n, es por ello que los motivo a seguir cumpliendo con total entrega como lo han venido haciendo desde hace muchos a\u00f1os\u201d, expres\u00f3 Nielsy Cabrera<\/span>.<\/span><\/p>\n","protected":false},"excerpt":{"rendered":"<p>** Esta misma acci\u00f3n se repite en todos los estados del pa\u00eds<\/p>\n","protected":false},"author":4,"featured_media":45388,"comment_status":"closed","ping_status":"closed","sticky":false,"template":"","format":"standard","meta":{"footnotes":""},"categories":[2],"tags":[],"class_list":["post-45387","post","type-post","status-publish","format-standard","has-post-thumbnail","hentry","category-blog"],"_links":{"self":[{"href":"https:\/\/inces.gob.ve\/index.php\/wp-json\/wp\/v2\/posts\/45387","targetHints":{"allow":["GET"]}}],"collection":[{"href":"https:\/\/inces.gob.ve\/index.php\/wp-json\/wp\/v2\/posts"}],"about":[{"href":"https:\/\/inces.gob.ve\/index.php\/wp-json\/wp\/v2\/types\/post"}],"author":[{"embeddable":true,"href":"https:\/\/inces.gob.ve\/index.php\/wp-json\/wp\/v2\/users\/4"}],"replies":[{"embeddable":true,"href":"https:\/\/inces.gob.ve\/index.php\/wp-json\/wp\/v2\/comments?post=45387"}],"version-history":[{"count":1,"href":"https:\/\/inces.gob.ve\/index.php\/wp-json\/wp\/v2\/posts\/45387\/revisions"}],"predecessor-version":[{"id":45389,"href":"https:\/\/inces.gob.ve\/index.php\/wp-json\/wp\/v2\/posts\/45387\/revisions\/45389"}],"wp:featuredmedia":[{"embeddable":true,"href":"https:\/\/inces.gob.ve\/index.php\/wp-json\/wp\/v2\/media\/45388"}],"wp:attachment":[{"href":"https:\/\/inces.gob.ve\/index.php\/wp-json\/wp\/v2\/media?parent=45387"}],"wp:term":[{"taxonomy":"category","embeddable":true,"href":"https:\/\/inces.gob.ve\/index.php\/wp-json\/wp\/v2\/categories?post=45387"},{"taxonomy":"post_tag","embeddable":true,"href":"https:\/\/inces.gob.ve\/index.php\/wp-json\/wp\/v2\/tags?post=45387"}],"curies":[{"name":"wp","href":"https:\/\/api.w.org\/{rel}","templated":true}]}}