{"id":45418,"date":"2022-09-05T12:27:09","date_gmt":"2022-09-05T16:27:09","guid":{"rendered":"https:\/\/inces.gob.ve\/?p=45418"},"modified":"2022-09-08T20:55:34","modified_gmt":"2022-09-09T00:55:34","slug":"merida-jornada-deportiva-y-recreativa-para-celebrar-63-aniversarios-del-inces-2","status":"publish","type":"post","link":"https:\/\/inces.gob.ve\/index.php\/2022\/09\/05\/merida-jornada-deportiva-y-recreativa-para-celebrar-63-aniversarios-del-inces-2\/","title":{"rendered":"M\u00c9RIDA | Inces celebra su 63 aniversario con una jornada deportiva y recreativa"},"content":{"rendered":"<p style=\"text-align: justify;\"><span style=\"font-family: helvetica, arial, sans-serif; font-size: 14pt;\"><em>** La gran familia Inces desarroll\u00f3 exitosa jornada deportiva en varias disciplinas, mientras los ni\u00f1os y ni\u00f1as disfrutaron de una jornada recreativa<\/em><\/span><!--more--><\/p>\n<p>&nbsp;<\/p>\n<p style=\"text-align: justify;\"><span style=\"font-family: helvetica, arial, sans-serif; font-size: 14pt;\"><em>\u00a0<\/em><\/span><span style=\"font-family: helvetica, arial, sans-serif; font-size: 14pt;\"><strong>NADIA LOBO<\/strong><\/span><\/p>\n<p style=\"text-align: justify;\"><span style=\"font-family: helvetica, arial, sans-serif; font-size: 14pt;\">Como parte de las actividades organizadas para celebrar el 63 aniversario del Inces, se desarroll\u00f3 un encuentro deportivo que permiti\u00f3 crear lazos de compa\u00f1erismo y camarader\u00eda entre los trabajadores atletas de los diferentes centros de formaci\u00f3n socialista (CFS) ubicados a lo largo y ancho del estado M\u00e9rida.<\/span><\/p>\n<p style=\"text-align: justify;\">\n<p style=\"text-align: justify;\"><span style=\"font-family: helvetica, arial, sans-serif; font-size: 14pt;\">As\u00ed lo dio a conocer el gerente regional del Inces M\u00e9rida, Geldrit Roca, quien se\u00f1al\u00f3 que la actividad deportiva y recreativa se desarroll\u00f3 en las instalaciones del Club Militar \u201cRivas D\u00e1vila\u201d, d\u00f3nde jugaron en las siguientes disciplinas deportivas: voleibol, futbol-sala, softbol, kickball, domin\u00f3, bolas criollas y bailo-terapia en las categor\u00edas femenino, masculino y mixto.<\/span><\/p>\n<p>&nbsp;<\/p>\n<p style=\"text-align: justify;\"><img loading=\"lazy\" decoding=\"async\" class=\"aligncenter wp-image-45421 size-large\" src=\"https:\/\/inces.gob.ve\/wp-content\/uploads\/2022\/09\/NINOS-8-1024x768.jpg\" alt=\"\" width=\"640\" height=\"480\" srcset=\"https:\/\/inces.gob.ve\/wp-content\/uploads\/2022\/09\/NINOS-8-1024x768.jpg 1024w, https:\/\/inces.gob.ve\/wp-content\/uploads\/2022\/09\/NINOS-8-300x225.jpg 300w, https:\/\/inces.gob.ve\/wp-content\/uploads\/2022\/09\/NINOS-8-768x576.jpg 768w, https:\/\/inces.gob.ve\/wp-content\/uploads\/2022\/09\/NINOS-8-136x102.jpg 136w, https:\/\/inces.gob.ve\/wp-content\/uploads\/2022\/09\/NINOS-8.jpg 1040w\" sizes=\"auto, (max-width: 640px) 100vw, 640px\" \/><\/p>\n<p>&nbsp;<\/p>\n<p style=\"text-align: justify;\"><span style=\"font-family: helvetica, arial, sans-serif; font-size: 14pt;\">Destac\u00f3 la participaci\u00f3n de trabajadores, maestros t\u00e9cnicos productivos, estudiantes y en especial, una nutrida concurrencia de j\u00f3venes aprendices del Inces, de los centros de formaci\u00f3n socialista (CFS) Bicentenario, El Vig\u00eda, La Azulita, Comercial M\u00e9rida y Eli\u00e9zer Otaiza.<\/span><\/p>\n<p>&nbsp;<\/p>\n<p style=\"text-align: justify;\"><img loading=\"lazy\" decoding=\"async\" class=\"aligncenter wp-image-45419 size-large\" src=\"https:\/\/inces.gob.ve\/wp-content\/uploads\/2022\/09\/NINOS-1-1024x768.jpg\" alt=\"\" width=\"640\" height=\"480\" srcset=\"https:\/\/inces.gob.ve\/wp-content\/uploads\/2022\/09\/NINOS-1-1024x768.jpg 1024w, https:\/\/inces.gob.ve\/wp-content\/uploads\/2022\/09\/NINOS-1-300x225.jpg 300w, https:\/\/inces.gob.ve\/wp-content\/uploads\/2022\/09\/NINOS-1-768x576.jpg 768w, https:\/\/inces.gob.ve\/wp-content\/uploads\/2022\/09\/NINOS-1-136x102.jpg 136w, https:\/\/inces.gob.ve\/wp-content\/uploads\/2022\/09\/NINOS-1.jpg 1040w\" sizes=\"auto, (max-width: 640px) 100vw, 640px\" \/><\/p>\n<p>&nbsp;<\/p>\n<p style=\"text-align: justify;\"><span style=\"font-family: helvetica, arial, sans-serif; font-size: 14pt;\">La actividad cont\u00f3 con la presencia de las madrinas del Inces y del \u00a0Deporte se\u00f1oritas Mar\u00eda Jos\u00e9 Segura P\u00e1ez y Johannelys Carolina Atencio M\u00e1rquez respectivamente, quienes son participantes del CFS El Vig\u00eda.<\/span><\/p>\n<p style=\"text-align: justify;\"><img loading=\"lazy\" decoding=\"async\" class=\"aligncenter wp-image-45420 size-large\" src=\"https:\/\/inces.gob.ve\/wp-content\/uploads\/2022\/09\/DEPORTE-8-1024x768.jpg\" alt=\"\" width=\"640\" height=\"480\" srcset=\"https:\/\/inces.gob.ve\/wp-content\/uploads\/2022\/09\/DEPORTE-8-1024x768.jpg 1024w, https:\/\/inces.gob.ve\/wp-content\/uploads\/2022\/09\/DEPORTE-8-300x225.jpg 300w, https:\/\/inces.gob.ve\/wp-content\/uploads\/2022\/09\/DEPORTE-8-768x576.jpg 768w, https:\/\/inces.gob.ve\/wp-content\/uploads\/2022\/09\/DEPORTE-8-136x102.jpg 136w, https:\/\/inces.gob.ve\/wp-content\/uploads\/2022\/09\/DEPORTE-8.jpg 1040w\" sizes=\"auto, (max-width: 640px) 100vw, 640px\" \/><\/p>\n<p>&nbsp;<\/p>\n<p style=\"text-align: justify;\"><span style=\"font-family: helvetica, arial, sans-serif; font-size: 14pt;\">Indic\u00f3 igualmente que la gerencia regional desarroll\u00f3 una jornada especial para los hijos e hijas de los trabajadores del Inces, donde disfrutaron de inflables, cama el\u00e1stica, juegos, concursos, perros calientes y cotillones, contando adem\u00e1s con el apoyo de Roxana Mart\u00ednez, coordinadora regional del Ministerio de la Juventud y el Deporte y su equipo de trabajo.<\/span><\/p>\n","protected":false},"excerpt":{"rendered":"<p>** La gran familia Inces desarroll\u00f3 exitosa jornada deportiva en varias disciplinas, mientras los ni\u00f1os y ni\u00f1as disfrutaron de una jornada recreativa<\/p>\n","protected":false},"author":4,"featured_media":45422,"comment_status":"closed","ping_status":"closed","sticky":false,"template":"","format":"standard","meta":{"footnotes":""},"categories":[2],"tags":[],"class_list":["post-45418","post","type-post","status-publish","format-standard","has-post-thumbnail","hentry","category-blog"],"_links":{"self":[{"href":"https:\/\/inces.gob.ve\/index.php\/wp-json\/wp\/v2\/posts\/45418","targetHints":{"allow":["GET"]}}],"collection":[{"href":"https:\/\/inces.gob.ve\/index.php\/wp-json\/wp\/v2\/posts"}],"about":[{"href":"https:\/\/inces.gob.ve\/index.php\/wp-json\/wp\/v2\/types\/post"}],"author":[{"embeddable":true,"href":"https:\/\/inces.gob.ve\/index.php\/wp-json\/wp\/v2\/users\/4"}],"replies":[{"embeddable":true,"href":"https:\/\/inces.gob.ve\/index.php\/wp-json\/wp\/v2\/comments?post=45418"}],"version-history":[{"count":3,"href":"https:\/\/inces.gob.ve\/index.php\/wp-json\/wp\/v2\/posts\/45418\/revisions"}],"predecessor-version":[{"id":45604,"href":"https:\/\/inces.gob.ve\/index.php\/wp-json\/wp\/v2\/posts\/45418\/revisions\/45604"}],"wp:featuredmedia":[{"embeddable":true,"href":"https:\/\/inces.gob.ve\/index.php\/wp-json\/wp\/v2\/media\/45422"}],"wp:attachment":[{"href":"https:\/\/inces.gob.ve\/index.php\/wp-json\/wp\/v2\/media?parent=45418"}],"wp:term":[{"taxonomy":"category","embeddable":true,"href":"https:\/\/inces.gob.ve\/index.php\/wp-json\/wp\/v2\/categories?post=45418"},{"taxonomy":"post_tag","embeddable":true,"href":"https:\/\/inces.gob.ve\/index.php\/wp-json\/wp\/v2\/tags?post=45418"}],"curies":[{"name":"wp","href":"https:\/\/api.w.org\/{rel}","templated":true}]}}