{"id":45424,"date":"2022-08-15T12:28:19","date_gmt":"2022-08-15T16:28:19","guid":{"rendered":"https:\/\/inces.gob.ve\/?p=45424"},"modified":"2022-09-05T12:42:45","modified_gmt":"2022-09-05T16:42:45","slug":"aragua-cfsp-agricola-acompano-socializaciones-producciones-artesanales-y-carnicas","status":"publish","type":"post","link":"https:\/\/inces.gob.ve\/index.php\/2022\/08\/15\/aragua-cfsp-agricola-acompano-socializaciones-producciones-artesanales-y-carnicas\/","title":{"rendered":"ARAGUA | CFSP Agr\u00edcola acompa\u00f1\u00f3 socializaciones, producciones artesanales y c\u00e1rnicas"},"content":{"rendered":"<div dir=\"auto\" style=\"text-align: justify;\"><em><strong><span style=\"font-family: helvetica, arial, sans-serif; font-size: 14pt;\">** Con visi\u00f3n productiva el CFSP Agr\u00edcola celebra los 63 aniversario trabajando<\/span><\/strong><\/em><\/div>\n<p><!--more--><\/p>\n<div dir=\"auto\"><\/div>\n<div dir=\"auto\" style=\"text-align: justify;\"><\/div>\n<div dir=\"auto\" style=\"text-align: justify;\"><strong><span style=\"font-family: helvetica, arial, sans-serif; font-size: 14pt;\">NINOSKA PATRIZ<\/span><\/strong><\/div>\n<div dir=\"auto\" style=\"text-align: justify;\"><\/div>\n<div dir=\"auto\" style=\"text-align: justify;\"><span style=\"font-family: helvetica, arial, sans-serif; font-size: 14pt;\">Exitoso curso elaboraci\u00f3n de productos l\u00e1cteos se llev\u00f3 a cabo desde el ambiente: \u00abCasa de los abuelos Samanes I&#8217;. El mismo fu\u00e9 dictado por la maestra Yaritza Valdez quien desarroll\u00f3 la formaci\u00f3n Elaboraci\u00f3n de productos con crema de leche (queso crema con piment\u00f3n dulce ,crema natural y panes relleno de queso crema).<\/span><\/div>\n<div dir=\"auto\" style=\"text-align: justify;\"><\/div>\n<div dir=\"auto\"><\/div>\n<div dir=\"auto\" style=\"text-align: justify;\"><span style=\"font-family: helvetica, arial, sans-serif; font-size: 14pt;\">\u00abAgradecidos con la parroquia Andr\u00e9s Eloy Blanco, seguimos formando las Unidades de Producci\u00f3n Familiar (UPF), Comuna oh nada\u00bb, expres\u00f3 Mar\u00eda Jos\u00e9 D\u00edaz, jefa del Centro de Formaci\u00f3n Socialista Programa Agr\u00edcola.\u00a0\u00a0<\/span><\/div>\n<div dir=\"auto\" style=\"text-align: justify;\"><\/div>\n<div dir=\"auto\" style=\"text-align: justify;\"><span style=\"font-family: helvetica, arial, sans-serif; font-size: 14pt;\">Del mismo modo se realiz\u00f3 compa\u00f1amiento al profesor Jos\u00e9 Rodr\u00edguez y parte de su grupo de trabajo, desde donde se verific\u00f3 la siembra de quinchoncho, con aproximadamente 100 plantas, tambi\u00e9n ma\u00edz y frijol sin germinar a\u00fan. Al respecto Rodr\u00edguez coment\u00f3: \u00abSe est\u00e1 organizando un nuevo grupo de personas a ser captadas para, desde el sector Tapa-Tapa, terreno entre la Autopista Regional del Centro y el Terminal de TransMaracay.<\/span><\/div>\n<div dir=\"auto\"><\/div>\n<div dir=\"auto\" style=\"text-align: justify;\"><\/div>\n<div dir=\"auto\" style=\"text-align: justify;\"><strong><span style=\"font-family: helvetica, arial, sans-serif; font-size: 14pt;\">**Se concret\u00f3 reuni\u00f3n de trabajo con el Taller Laboral Especial, Turmero\/Mari\u00f1o**.<\/span><\/strong><\/div>\n<div dir=\"auto\" style=\"text-align: justify;\"><\/div>\n<div dir=\"auto\" style=\"text-align: justify;\"><span style=\"font-family: helvetica, arial, sans-serif; font-size: 14pt;\">En este sentido, junto a los profesores Javier Montilla (supervisor), Jhonny Rojas (analista) y las Ingenieras Judeima Azocar y Glenda Duarte (enlace) se fij\u00f3 el nuevo inicio de cursos a partir del 20 de septiembre del a\u00f1o en curso.<\/span><\/div>\n<div dir=\"auto\" style=\"text-align: justify;\"><\/div>\n<div dir=\"auto\"><\/div>\n<div dir=\"auto\" style=\"text-align: justify;\"><strong><span style=\"font-family: helvetica, arial, sans-serif; font-size: 14pt;\">**Se levant\u00f3 diagn\u00f3stico de cr\u00eda cunicula**<\/span><\/strong><\/div>\n<div dir=\"auto\" style=\"text-align: justify;\"><\/div>\n<div dir=\"auto\" style=\"text-align: justify;\"><span style=\"font-family: helvetica, arial, sans-serif; font-size: 14pt;\">En alianza conjunta, desde el CFS Construcci\u00f3n en compa\u00f1\u00eda de la M\u00e9dico Veterinaria (MV) Carmen G\u00f3mez se plante\u00f3 un cronograma de asesor\u00edas, en la b\u00fasqueda de mejoras para el desempe\u00f1o de la unidad productiva.<\/span><\/div>\n","protected":false},"excerpt":{"rendered":"<p>** Con visi\u00f3n productiva el CFSP Agr\u00edcola celebra los 63 aniversario trabajando<\/p>\n","protected":false},"author":4,"featured_media":0,"comment_status":"closed","ping_status":"closed","sticky":false,"template":"","format":"standard","meta":{"footnotes":""},"categories":[2],"tags":[],"class_list":["post-45424","post","type-post","status-publish","format-standard","hentry","category-blog"],"_links":{"self":[{"href":"https:\/\/inces.gob.ve\/index.php\/wp-json\/wp\/v2\/posts\/45424","targetHints":{"allow":["GET"]}}],"collection":[{"href":"https:\/\/inces.gob.ve\/index.php\/wp-json\/wp\/v2\/posts"}],"about":[{"href":"https:\/\/inces.gob.ve\/index.php\/wp-json\/wp\/v2\/types\/post"}],"author":[{"embeddable":true,"href":"https:\/\/inces.gob.ve\/index.php\/wp-json\/wp\/v2\/users\/4"}],"replies":[{"embeddable":true,"href":"https:\/\/inces.gob.ve\/index.php\/wp-json\/wp\/v2\/comments?post=45424"}],"version-history":[{"count":1,"href":"https:\/\/inces.gob.ve\/index.php\/wp-json\/wp\/v2\/posts\/45424\/revisions"}],"predecessor-version":[{"id":45428,"href":"https:\/\/inces.gob.ve\/index.php\/wp-json\/wp\/v2\/posts\/45424\/revisions\/45428"}],"wp:attachment":[{"href":"https:\/\/inces.gob.ve\/index.php\/wp-json\/wp\/v2\/media?parent=45424"}],"wp:term":[{"taxonomy":"category","embeddable":true,"href":"https:\/\/inces.gob.ve\/index.php\/wp-json\/wp\/v2\/categories?post=45424"},{"taxonomy":"post_tag","embeddable":true,"href":"https:\/\/inces.gob.ve\/index.php\/wp-json\/wp\/v2\/tags?post=45424"}],"curies":[{"name":"wp","href":"https:\/\/api.w.org\/{rel}","templated":true}]}}