{"id":45432,"date":"2022-08-19T13:11:38","date_gmt":"2022-08-19T17:11:38","guid":{"rendered":"https:\/\/inces.gob.ve\/?p=45432"},"modified":"2022-09-05T13:18:56","modified_gmt":"2022-09-05T17:18:56","slug":"miranda-inces-certifico-169-privadas-de-libertad-en-el-inof-de-los-teques","status":"publish","type":"post","link":"https:\/\/inces.gob.ve\/index.php\/2022\/08\/19\/miranda-inces-certifico-169-privadas-de-libertad-en-el-inof-de-los-teques\/","title":{"rendered":"MIRANDA | Inces certific\u00f3 169 privadas de libertad en el INOF de los Teques"},"content":{"rendered":"<div style=\"text-align: justify;\"><em><strong><span style=\"font-family: helvetica, arial, sans-serif; font-size: 14pt;\">** Los centros de reclusi\u00f3n forman parte de los \u00e1mbitos de la matriz program\u00e1tica del Inces<\/span><\/strong><\/em><\/div>\n<p style=\"text-align: justify;\"><!--more--><\/p>\n<div style=\"text-align: justify;\"><\/div>\n<div style=\"text-align: justify;\"><\/div>\n<div style=\"text-align: justify;\"><span style=\"font-family: helvetica, arial, sans-serif; font-size: 14pt;\">Siguiendo los lineamientos del viceministro de Comunidades Educativas y Uni\u00f3n con el Pueblo y presidente del Inces, Wuikelman Angel Paredes, este martes 16 de agosto, por parte del Instituto Nacional de Capacitaci\u00f3n y Educaci\u00f3n Socialista (Inces), el gerente regional de Miranda Erick Vera inform\u00f3 que fueron entregados 169 certificados de saberes y oficios en distinta saludas ocupacionales, en conjunto con el Ministerio del Poder Popular para el Servicio Penitenciario.<\/span><\/div>\n<p style=\"text-align: justify;\">\n<span style=\"font-family: helvetica, arial, sans-serif; font-size: 14pt;\">\u201cComo parte de un sistema penitenciario humanista, donde todos y todas tienen derecho a reinsertarse en la sociedad, el Inces garantiza la formaci\u00f3n t\u00e9cnica profesional pertinente para convertir a los ciudadanos y ciudadanas en sujetos productivos que aporten al crecimiento de nuestro pa\u00eds\u201d. Detall\u00f3 el gerente regional Erick Vera.<\/span><\/p>\n<p style=\"text-align: justify;\">\n<p><span style=\"font-family: helvetica, arial, sans-serif; font-size: 14pt;\">El Inces, contin\u00faa de la mano con el Ministerio Penitenciario, implementando nuevas plataformas de educaci\u00f3n oportunas y de calidad a los privados de libertad, de esta transformaci\u00f3n positiva, brindando las herramientas necesarias para brindar una formaci\u00f3n integral que permita que los privados de libertad fortalezcan sus habilidades y destrezas para su incorporaci\u00f3n en diversas \u00e1reas socio-productivas.<\/span><\/p>\n<p>&nbsp;<\/p>\n<p style=\"text-align: justify;\"><img loading=\"lazy\" decoding=\"async\" class=\"aligncenter wp-image-45433 size-large\" src=\"https:\/\/inces.gob.ve\/wp-content\/uploads\/2022\/09\/299988472_174338795043968_4279535222707427976_n-1024x768.jpg\" alt=\"\" width=\"640\" height=\"480\" srcset=\"https:\/\/inces.gob.ve\/wp-content\/uploads\/2022\/09\/299988472_174338795043968_4279535222707427976_n-1024x768.jpg 1024w, https:\/\/inces.gob.ve\/wp-content\/uploads\/2022\/09\/299988472_174338795043968_4279535222707427976_n-300x225.jpg 300w, https:\/\/inces.gob.ve\/wp-content\/uploads\/2022\/09\/299988472_174338795043968_4279535222707427976_n-768x576.jpg 768w, https:\/\/inces.gob.ve\/wp-content\/uploads\/2022\/09\/299988472_174338795043968_4279535222707427976_n-136x102.jpg 136w, https:\/\/inces.gob.ve\/wp-content\/uploads\/2022\/09\/299988472_174338795043968_4279535222707427976_n.jpg 1080w\" sizes=\"auto, (max-width: 640px) 100vw, 640px\" \/><\/p>\n<p style=\"text-align: justify;\"><span style=\"font-family: helvetica, arial, sans-serif; font-size: 14pt;\">La ministra Mirelys Contreras destac\u00f3 \u201cHoy se entreg\u00f3 estos certificados en peluquer\u00eda, textil, bordado entre otros y realizando el trabajo en todos los centros penitenciarios, a trav\u00e9s del Inces, que siempre ha acompa\u00f1ado la formaci\u00f3n de todos los privados y privadas de libertad\u201d.<\/span><\/p>\n<p style=\"text-align: justify;\">\n<p><span style=\"font-family: helvetica, arial, sans-serif; font-size: 14pt;\">La certificaci\u00f3n se llev\u00f3 a cabo en el municipio Guaicaipuro, de Los Teques, del estado Bolivariano de Miranda,\u00a0 en el Instituto Nacional de Orientaci\u00f3n Femenina (INOF).<\/span><\/p>\n<p style=\"text-align: justify;\">\n<span style=\"font-family: helvetica, arial, sans-serif; font-size: 14pt;\">En la actividad estuvieron presentes la ministra para el servicio penitenciario Mirelys Contreras, el gerente regional Inces Miranda, Erick Vera, la coordinadora nacional del \u00e1mbito penitenciario del Inces, Maribel Lugo, el director general de atenci\u00f3n integral, David Villegas, la secretaria de Seguridad y Ciudadan\u00eda de la gobernaci\u00f3n bolivariana de Miranda, Merary Orozco, el alcalde del municipio Guaicaipuro, Farith Fraija, la presidenta del circuito Judicial Metropolitano de Caracas, Lisbeth Hern\u00e1ndez, el presidente circuito judicial del Estado de Miranda, Bernaldo Ovierno,\u00a0 la directora del centro penitenciario, Jessica Ter\u00e1n y entre otras autoridades.<span style=\"color: #888888;\"><br clear=\"all\" \/><\/span><\/span><\/p>\n<p style=\"text-align: justify;\">\n<p style=\"text-align: justify;\"><span style=\"font-family: helvetica, arial, sans-serif; font-size: 14pt;\">\u00a0<\/span><\/p>\n","protected":false},"excerpt":{"rendered":"<p>** Los centros de reclusi\u00f3n forman parte de los \u00e1mbitos de la matriz program\u00e1tica del Inces<\/p>\n","protected":false},"author":4,"featured_media":45434,"comment_status":"closed","ping_status":"closed","sticky":false,"template":"","format":"standard","meta":{"footnotes":""},"categories":[2],"tags":[],"class_list":["post-45432","post","type-post","status-publish","format-standard","has-post-thumbnail","hentry","category-blog"],"_links":{"self":[{"href":"https:\/\/inces.gob.ve\/index.php\/wp-json\/wp\/v2\/posts\/45432","targetHints":{"allow":["GET"]}}],"collection":[{"href":"https:\/\/inces.gob.ve\/index.php\/wp-json\/wp\/v2\/posts"}],"about":[{"href":"https:\/\/inces.gob.ve\/index.php\/wp-json\/wp\/v2\/types\/post"}],"author":[{"embeddable":true,"href":"https:\/\/inces.gob.ve\/index.php\/wp-json\/wp\/v2\/users\/4"}],"replies":[{"embeddable":true,"href":"https:\/\/inces.gob.ve\/index.php\/wp-json\/wp\/v2\/comments?post=45432"}],"version-history":[{"count":1,"href":"https:\/\/inces.gob.ve\/index.php\/wp-json\/wp\/v2\/posts\/45432\/revisions"}],"predecessor-version":[{"id":45435,"href":"https:\/\/inces.gob.ve\/index.php\/wp-json\/wp\/v2\/posts\/45432\/revisions\/45435"}],"wp:featuredmedia":[{"embeddable":true,"href":"https:\/\/inces.gob.ve\/index.php\/wp-json\/wp\/v2\/media\/45434"}],"wp:attachment":[{"href":"https:\/\/inces.gob.ve\/index.php\/wp-json\/wp\/v2\/media?parent=45432"}],"wp:term":[{"taxonomy":"category","embeddable":true,"href":"https:\/\/inces.gob.ve\/index.php\/wp-json\/wp\/v2\/categories?post=45432"},{"taxonomy":"post_tag","embeddable":true,"href":"https:\/\/inces.gob.ve\/index.php\/wp-json\/wp\/v2\/tags?post=45432"}],"curies":[{"name":"wp","href":"https:\/\/api.w.org\/{rel}","templated":true}]}}