{"id":45466,"date":"2022-09-06T09:55:13","date_gmt":"2022-09-06T13:55:13","guid":{"rendered":"https:\/\/inces.gob.ve\/?p=45466"},"modified":"2022-09-06T09:55:13","modified_gmt":"2022-09-06T13:55:13","slug":"zulia-participantes-de-formaciones-del-inces-atendieron-en-jornada-al-personal-del-mppe","status":"publish","type":"post","link":"https:\/\/inces.gob.ve\/index.php\/2022\/09\/06\/zulia-participantes-de-formaciones-del-inces-atendieron-en-jornada-al-personal-del-mppe\/","title":{"rendered":"ZULIA | Participantes de formaciones del Inces atendieron en jornada al personal del MPPE"},"content":{"rendered":"<p style=\"text-align: justify;\"><em><strong><span style=\"font-family: helvetica, arial, sans-serif; font-size: 14pt;\">** El m<\/span><span style=\"font-family: helvetica, arial, sans-serif; font-size: 14pt;\">agisterio recibi\u00f3 la acci\u00f3n c\u00edvica y productiva de los participantes de las formaciones de barber\u00eda y peluquer\u00eda del Inces en Maracaibo, mientras que en Cabimas se desarroll\u00f3 un proceso de\u00a0 acreditaci\u00f3n y certificaci\u00f3n de saberes dirigida a los integrantes de\u00a0 Bricomiles<\/span><\/strong><\/em><!--more--><\/p>\n<p>&nbsp;<\/p>\n<p style=\"text-align: justify;\"><strong><span style=\"font-family: helvetica, arial, sans-serif; font-size: 14pt;\">MARIANA ALBARR\u00c1N \/ LENIN R\u00cdOS<\/span><\/strong><\/p>\n<p style=\"text-align: justify;\"><span style=\"font-family: helvetica, arial, sans-serif; font-size: 14pt;\">La recompensa de una buena acci\u00f3n est\u00e1 en haberla hecho, como demostraron nueve participantes de las formaciones en las ocupaciones productivas de Barber\u00eda y Peluquer\u00eda, del Centro de Formaci\u00f3n Socialista Maracaibo del Instituto Nacional de Capacitaci\u00f3n y Educaci\u00f3n Socialista (INCES), en el Zulia,\u00a0 que se desplegaron este jueves, en la Escuela B\u00e1sica Dr. Marcial Hern\u00e1ndez, de Maracaibo, brindando atenci\u00f3n integral al conglomerado de: docentes, personal administrativo y obrero, cocineras y cocineros adscritos al Ministerio del Poder Popular para la Educaci\u00f3n, jornada que lider\u00f3 la titular del despacho Yelitze Santaella.<\/span><\/p>\n<p style=\"text-align: justify;\">\n<p><img loading=\"lazy\" decoding=\"async\" class=\"aligncenter wp-image-45467 size-full\" src=\"https:\/\/inces.gob.ve\/wp-content\/uploads\/2022\/09\/WhatsApp-Image-2022-09-01-at-8.23.28-PM1.jpeg\" alt=\"\" width=\"1008\" height=\"490\" srcset=\"https:\/\/inces.gob.ve\/wp-content\/uploads\/2022\/09\/WhatsApp-Image-2022-09-01-at-8.23.28-PM1.jpeg 1008w, https:\/\/inces.gob.ve\/wp-content\/uploads\/2022\/09\/WhatsApp-Image-2022-09-01-at-8.23.28-PM1-300x146.jpeg 300w, https:\/\/inces.gob.ve\/wp-content\/uploads\/2022\/09\/WhatsApp-Image-2022-09-01-at-8.23.28-PM1-768x373.jpeg 768w\" sizes=\"auto, (max-width: 1008px) 100vw, 1008px\" \/><\/p>\n<p>&nbsp;<\/p>\n<p style=\"text-align: justify;\"><span style=\"font-family: helvetica, arial, sans-serif; font-size: 14pt;\">En la actividad se sum\u00f3, el gerente del Inces Zulia, Jos\u00e9 Vicente Farias Echeverri junto a una representaci\u00f3n del Programa Nacional de Aprendizaje del \u00e1rea administrativa, se encargaron de sumar su gota de amor, para la promoci\u00f3n del bienestar del magisterio zuliano.<\/span><\/p>\n<p>&nbsp;<\/p>\n<p style=\"text-align: justify;\"><img loading=\"lazy\" decoding=\"async\" class=\"aligncenter wp-image-45470 size-large\" src=\"https:\/\/inces.gob.ve\/wp-content\/uploads\/2022\/09\/WhatsApp-Image-2022-09-01-at-7.43.53-PM-1024x768.jpeg\" alt=\"\" width=\"640\" height=\"480\" srcset=\"https:\/\/inces.gob.ve\/wp-content\/uploads\/2022\/09\/WhatsApp-Image-2022-09-01-at-7.43.53-PM-1024x768.jpeg 1024w, https:\/\/inces.gob.ve\/wp-content\/uploads\/2022\/09\/WhatsApp-Image-2022-09-01-at-7.43.53-PM-300x225.jpeg 300w, https:\/\/inces.gob.ve\/wp-content\/uploads\/2022\/09\/WhatsApp-Image-2022-09-01-at-7.43.53-PM-768x576.jpeg 768w, https:\/\/inces.gob.ve\/wp-content\/uploads\/2022\/09\/WhatsApp-Image-2022-09-01-at-7.43.53-PM-136x102.jpeg 136w, https:\/\/inces.gob.ve\/wp-content\/uploads\/2022\/09\/WhatsApp-Image-2022-09-01-at-7.43.53-PM.jpeg 1040w\" sizes=\"auto, (max-width: 640px) 100vw, 640px\" \/><\/p>\n<p>&nbsp;<\/p>\n<p style=\"text-align: justify;\"><span style=\"font-family: helvetica, arial, sans-serif; font-size: 14pt;\">Al respecto, Farias Echeverri expres\u00f3 que: \u201cEl Inces siempre estar\u00e1 al servicio de la poblaci\u00f3n y estamos juntos por la educaci\u00f3n del futuro al incorporar la formaci\u00f3n t\u00e9cnica profesional en todo el sistema venezolano, tal como promueve el Viceministro de Comunidades Educativas y Uni\u00f3n con el Pueblo y Presidente del ente, Wuikelman \u00c1ngel Paredes\u201d.<\/span><\/p>\n<p>&nbsp;<\/p>\n<p><img loading=\"lazy\" decoding=\"async\" class=\"aligncenter wp-image-45469 size-large\" src=\"https:\/\/inces.gob.ve\/wp-content\/uploads\/2022\/09\/WhatsApp-Image-2022-09-01-at-7.44.34-PM-1024x768.jpeg\" alt=\"\" width=\"640\" height=\"480\" srcset=\"https:\/\/inces.gob.ve\/wp-content\/uploads\/2022\/09\/WhatsApp-Image-2022-09-01-at-7.44.34-PM-1024x768.jpeg 1024w, https:\/\/inces.gob.ve\/wp-content\/uploads\/2022\/09\/WhatsApp-Image-2022-09-01-at-7.44.34-PM-300x225.jpeg 300w, https:\/\/inces.gob.ve\/wp-content\/uploads\/2022\/09\/WhatsApp-Image-2022-09-01-at-7.44.34-PM-768x576.jpeg 768w, https:\/\/inces.gob.ve\/wp-content\/uploads\/2022\/09\/WhatsApp-Image-2022-09-01-at-7.44.34-PM-136x102.jpeg 136w, https:\/\/inces.gob.ve\/wp-content\/uploads\/2022\/09\/WhatsApp-Image-2022-09-01-at-7.44.34-PM.jpeg 1040w\" sizes=\"auto, (max-width: 640px) 100vw, 640px\" \/><\/p>\n<p style=\"text-align: justify;\">\n<p style=\"text-align: justify;\"><span style=\"font-family: helvetica, arial, sans-serif; font-size: 14pt;\">En el marco de la visita de la ministra del Poder Popular para la Educaci\u00f3n al Zulia, a la Escuela T\u00e9cnica Comercial Hermagoras Ch\u00e1vez, espacio donde se desarrollara la jornada de atenci\u00f3n m\u00e9dica integral correspondiente al eje Costa Oriental del Lago de los docentes, el Inces se sum\u00f3 a trav\u00e9s Centro de Formaci\u00f3n Socialista Cabimas, con el proceso de\u00a0 acreditaci\u00f3n y certificaci\u00f3n de saberes de los integrantes de las\u00a0 Bricomiles, en\u00a0 diferentes oficios de ocupaciones de los motores Industrial y Construcci\u00f3n.<\/span><\/p>\n","protected":false},"excerpt":{"rendered":"<p>** El magisterio recibi\u00f3 la acci\u00f3n c\u00edvica y productiva de los participantes de las formaciones de barber\u00eda y peluquer\u00eda del Inces en Maracaibo, mientras que en Cabimas se desarroll\u00f3 un proceso de\u00a0 acreditaci\u00f3n y certificaci\u00f3n de saberes dirigida a los integrantes de\u00a0 Bricomiles<\/p>\n","protected":false},"author":4,"featured_media":45468,"comment_status":"closed","ping_status":"closed","sticky":false,"template":"","format":"standard","meta":{"footnotes":""},"categories":[2],"tags":[],"class_list":["post-45466","post","type-post","status-publish","format-standard","has-post-thumbnail","hentry","category-blog"],"_links":{"self":[{"href":"https:\/\/inces.gob.ve\/index.php\/wp-json\/wp\/v2\/posts\/45466","targetHints":{"allow":["GET"]}}],"collection":[{"href":"https:\/\/inces.gob.ve\/index.php\/wp-json\/wp\/v2\/posts"}],"about":[{"href":"https:\/\/inces.gob.ve\/index.php\/wp-json\/wp\/v2\/types\/post"}],"author":[{"embeddable":true,"href":"https:\/\/inces.gob.ve\/index.php\/wp-json\/wp\/v2\/users\/4"}],"replies":[{"embeddable":true,"href":"https:\/\/inces.gob.ve\/index.php\/wp-json\/wp\/v2\/comments?post=45466"}],"version-history":[{"count":1,"href":"https:\/\/inces.gob.ve\/index.php\/wp-json\/wp\/v2\/posts\/45466\/revisions"}],"predecessor-version":[{"id":45471,"href":"https:\/\/inces.gob.ve\/index.php\/wp-json\/wp\/v2\/posts\/45466\/revisions\/45471"}],"wp:featuredmedia":[{"embeddable":true,"href":"https:\/\/inces.gob.ve\/index.php\/wp-json\/wp\/v2\/media\/45468"}],"wp:attachment":[{"href":"https:\/\/inces.gob.ve\/index.php\/wp-json\/wp\/v2\/media?parent=45466"}],"wp:term":[{"taxonomy":"category","embeddable":true,"href":"https:\/\/inces.gob.ve\/index.php\/wp-json\/wp\/v2\/categories?post=45466"},{"taxonomy":"post_tag","embeddable":true,"href":"https:\/\/inces.gob.ve\/index.php\/wp-json\/wp\/v2\/tags?post=45466"}],"curies":[{"name":"wp","href":"https:\/\/api.w.org\/{rel}","templated":true}]}}