{"id":45725,"date":"2022-09-12T12:35:28","date_gmt":"2022-09-12T16:35:28","guid":{"rendered":"https:\/\/inces.gob.ve\/?p=45725"},"modified":"2022-09-12T14:37:15","modified_gmt":"2022-09-12T18:37:15","slug":"falcon-inces-acredito-a-trabajadores-de-la-empresa-construcciones-atlas","status":"publish","type":"post","link":"https:\/\/inces.gob.ve\/index.php\/2022\/09\/12\/falcon-inces-acredito-a-trabajadores-de-la-empresa-construcciones-atlas\/","title":{"rendered":"FALCON | Inces acredit\u00f3 a trabajadores de la empresa Construcciones Atlas"},"content":{"rendered":"<p align=\"justify\"><span style=\"font-family: helvetica, sans-serif;\"><span style=\"font-size: large;\"><i><b>**El centro de formaci\u00f3n socialista \u201cFrancisco de Miranda\u00bb certific\u00f3 los saberes de un grupo hombres que ejercen oficios aprendidos emp\u00edricamente y con la pr\u00e1ctica sistem\u00e1tica <\/b><\/i><\/span><\/span><!--more--><\/p>\n<p align=\"justify\"><span style=\"font-family: helvetica, sans-serif;\"><span style=\"font-size: large;\">MIRIAM GON\u0179ALEZ VILLARROEL.<\/span><\/span><\/p>\n<p align=\"justify\"><span style=\"font-family: helvetica, sans-serif;\"><span style=\"font-size: large;\">El Instituto Nacional de Capacitaci\u00f3n y Educaci\u00f3n Socialista (Inces) en el estado Falc\u00f3n, a trav\u00e9s del centro de formaci\u00f3n socialista (CFS) Construcci\u00f3n \u00abFrancisco de Miranda\u00bb en la ciudad de Punto Fijo, contin\u00faa atendiendo con certificaci\u00f3n de saberes a la entidad de trabajo: Construcciones Atlas, en ocupaciones productivas en funci\u00f3n de los oficios y servicios que ofrece la empresa.<\/span><\/span><\/p>\n<p align=\"justify\"><span style=\"font-family: helvetica, sans-serif;\"><span style=\"font-size: large;\"><img loading=\"lazy\" decoding=\"async\" class=\"aligncenter wp-image-45729 size-full\" src=\"https:\/\/inces.gob.ve\/wp-content\/uploads\/2022\/09\/Inces-acredito-a-trabajadores-3-.jpg\" alt=\"\" width=\"800\" height=\"701\" srcset=\"https:\/\/inces.gob.ve\/wp-content\/uploads\/2022\/09\/Inces-acredito-a-trabajadores-3-.jpg 800w, https:\/\/inces.gob.ve\/wp-content\/uploads\/2022\/09\/Inces-acredito-a-trabajadores-3--300x263.jpg 300w, https:\/\/inces.gob.ve\/wp-content\/uploads\/2022\/09\/Inces-acredito-a-trabajadores-3--768x673.jpg 768w\" sizes=\"auto, (max-width: 800px) 100vw, 800px\" \/><\/span><\/span><\/p>\n<p align=\"justify\"><span style=\"font-family: helvetica, sans-serif;\"><span style=\"font-size: large;\">En esta ocasi\u00f3n, inform\u00f3 Omar Gonz\u00e1lez, jefe del CFS \u00abFrancisco de Miranda\u00bb, se atendi\u00f3 a la entidad de trabajo con la certificaci\u00f3n de saberes emp\u00edricos de 10 trabajadores que ejercen la labor de Operador de Montacargas, para lo cual se cont\u00f3 durante el proceso de evaluaci\u00f3n, con el apoyo de Francisco Villegas, operador y mec\u00e1nico especialista en equipos pesados y gr\u00faa telesc\u00f3pica, acreditado como maestro voluntario por el Inces y por Eddie Mata, maestro t\u00e9cnicos productivo del centro de formaci\u00f3n.<\/span><\/span><\/p>\n<p align=\"justify\"><span style=\"font-family: helvetica, sans-serif;\"><span style=\"font-size: large;\"><img loading=\"lazy\" decoding=\"async\" class=\"aligncenter wp-image-45730 size-full\" src=\"https:\/\/inces.gob.ve\/wp-content\/uploads\/2022\/09\/Inces-acredito-a-trabajadores-5-.jpg\" alt=\"\" width=\"800\" height=\"579\" srcset=\"https:\/\/inces.gob.ve\/wp-content\/uploads\/2022\/09\/Inces-acredito-a-trabajadores-5-.jpg 800w, https:\/\/inces.gob.ve\/wp-content\/uploads\/2022\/09\/Inces-acredito-a-trabajadores-5--300x217.jpg 300w, https:\/\/inces.gob.ve\/wp-content\/uploads\/2022\/09\/Inces-acredito-a-trabajadores-5--768x556.jpg 768w\" sizes=\"auto, (max-width: 800px) 100vw, 800px\" \/><\/span><\/span><\/p>\n<p align=\"justify\"><span style=\"font-family: helvetica, sans-serif;\"><span style=\"font-size: large;\">Igualmente coment\u00f3 Gonz\u00e1lez como el plan de acreditaci\u00f3n se realiz\u00f3 en varias jornadas de trabajo, logrando certificar a 15 trabajadores de la misma empresa, en las ocupaciones productivas: Andamiero, Pintor de Obras, Alba\u00f1il de Primera y Cabillero de Primera. Manifest\u00f3, con el apoyo Jenny Hern\u00e1ndez y el talento t\u00e9cnico del maestro, Eddie Mata se realizaron los procesos de caracterizaci\u00f3n, pruebas te\u00f3rica y pr\u00e1cticas, para un total hasta ahora de 25 trabajadores certificados, a los cuales el Inces reconoce sus saberes, haciendo justicia social.<\/span><\/span><\/p>\n<p align=\"justify\"><img loading=\"lazy\" decoding=\"async\" class=\"aligncenter wp-image-45729 size-full\" src=\"https:\/\/inces.gob.ve\/wp-content\/uploads\/2022\/09\/Inces-acredito-a-trabajadores-3-.jpg\" alt=\"\" width=\"800\" height=\"701\" srcset=\"https:\/\/inces.gob.ve\/wp-content\/uploads\/2022\/09\/Inces-acredito-a-trabajadores-3-.jpg 800w, https:\/\/inces.gob.ve\/wp-content\/uploads\/2022\/09\/Inces-acredito-a-trabajadores-3--300x263.jpg 300w, https:\/\/inces.gob.ve\/wp-content\/uploads\/2022\/09\/Inces-acredito-a-trabajadores-3--768x673.jpg 768w\" sizes=\"auto, (max-width: 800px) 100vw, 800px\" \/><\/p>\n<p align=\"justify\"><span style=\"font-family: helvetica, sans-serif;\"><span style=\"font-size: large;\">El jefe del CFS, agradeci\u00f3 la colaboraci\u00f3n de Constructora Atlas, quien ha brindado el apoyo con sus maquinarias en la certificaci\u00f3n de Operador de Montacargas de trabajadores de otras empresas y de las comunidades, para el desarrollo de las evaluaciones pr\u00e1cticas.<\/span><\/span><\/p>\n<p align=\"justify\"><span style=\"font-family: helvetica, sans-serif;\"><span style=\"font-size: large;\">Finalmente la gerente regional, Eneyda Mart\u00ednez Rodr\u00edguez, gerente regional del Inces, en estas acciones que van en pro del crecimiento profesional de la clase trabajadora de empresas de la regi\u00f3n, el Inces siempre ha proporcionado respuestas a trav\u00e9s de la Formaci\u00f3n Profesional, para consolidar vinculaciones productivas que conllevan a darles respuestas al recurso humano de las entidades de trabajo.<img loading=\"lazy\" decoding=\"async\" class=\"aligncenter wp-image-45726 \" src=\"https:\/\/inces.gob.ve\/wp-content\/uploads\/2022\/09\/Inces-acredito-a-trabajadores-4-.jpg\" alt=\"\" width=\"418\" height=\"652\" srcset=\"https:\/\/inces.gob.ve\/wp-content\/uploads\/2022\/09\/Inces-acredito-a-trabajadores-4-.jpg 513w, https:\/\/inces.gob.ve\/wp-content\/uploads\/2022\/09\/Inces-acredito-a-trabajadores-4--192x300.jpg 192w, https:\/\/inces.gob.ve\/wp-content\/uploads\/2022\/09\/Inces-acredito-a-trabajadores-4--492x768.jpg 492w\" sizes=\"auto, (max-width: 418px) 100vw, 418px\" \/><\/span><\/span><\/p>\n","protected":false},"excerpt":{"rendered":"<p>**El centro de formaci\u00f3n socialista \u201cFrancisco de Miranda\u00bb certific\u00f3 los saberes de un grupo hombres que ejercen oficios aprendidos emp\u00edricamente y con la pr\u00e1ctica sistem\u00e1tica<\/p>\n","protected":false},"author":15,"featured_media":45728,"comment_status":"closed","ping_status":"closed","sticky":false,"template":"","format":"standard","meta":{"footnotes":""},"categories":[2],"tags":[],"class_list":["post-45725","post","type-post","status-publish","format-standard","has-post-thumbnail","hentry","category-blog"],"_links":{"self":[{"href":"https:\/\/inces.gob.ve\/index.php\/wp-json\/wp\/v2\/posts\/45725","targetHints":{"allow":["GET"]}}],"collection":[{"href":"https:\/\/inces.gob.ve\/index.php\/wp-json\/wp\/v2\/posts"}],"about":[{"href":"https:\/\/inces.gob.ve\/index.php\/wp-json\/wp\/v2\/types\/post"}],"author":[{"embeddable":true,"href":"https:\/\/inces.gob.ve\/index.php\/wp-json\/wp\/v2\/users\/15"}],"replies":[{"embeddable":true,"href":"https:\/\/inces.gob.ve\/index.php\/wp-json\/wp\/v2\/comments?post=45725"}],"version-history":[{"count":3,"href":"https:\/\/inces.gob.ve\/index.php\/wp-json\/wp\/v2\/posts\/45725\/revisions"}],"predecessor-version":[{"id":45737,"href":"https:\/\/inces.gob.ve\/index.php\/wp-json\/wp\/v2\/posts\/45725\/revisions\/45737"}],"wp:featuredmedia":[{"embeddable":true,"href":"https:\/\/inces.gob.ve\/index.php\/wp-json\/wp\/v2\/media\/45728"}],"wp:attachment":[{"href":"https:\/\/inces.gob.ve\/index.php\/wp-json\/wp\/v2\/media?parent=45725"}],"wp:term":[{"taxonomy":"category","embeddable":true,"href":"https:\/\/inces.gob.ve\/index.php\/wp-json\/wp\/v2\/categories?post=45725"},{"taxonomy":"post_tag","embeddable":true,"href":"https:\/\/inces.gob.ve\/index.php\/wp-json\/wp\/v2\/tags?post=45725"}],"curies":[{"name":"wp","href":"https:\/\/api.w.org\/{rel}","templated":true}]}}