{"id":45835,"date":"2022-09-13T17:42:45","date_gmt":"2022-09-13T21:42:45","guid":{"rendered":"https:\/\/inces.gob.ve\/?p=45835"},"modified":"2022-09-14T16:39:57","modified_gmt":"2022-09-14T20:39:57","slug":"acreditados-45-guias-turisticos-del-distrito-capital","status":"publish","type":"post","link":"https:\/\/inces.gob.ve\/index.php\/2022\/09\/13\/acreditados-45-guias-turisticos-del-distrito-capital\/","title":{"rendered":"Un total de 45 gu\u00edas tur\u00edsticos del Distrito Capital est\u00e1n en proceso de formaci\u00f3n"},"content":{"rendered":"<p style=\"text-align: justify;\"><span style=\"font-family: helvetica, sans-serif;\"><span style=\"font-size: large;\"><i><b>**Los conocimientos emp\u00edricos son reconocidos por el Inces<\/b><\/i><\/span><\/span><!--more--><\/p>\n<p style=\"text-align: justify;\"><span style=\"font-family: helvetica, sans-serif;\"><span style=\"font-size: large;\">Dimas P\u00e1ez<\/span><\/span><\/p>\n<p style=\"text-align: justify;\"><span style=\"font-family: helvetica, sans-serif;\"><span style=\"font-size: large;\">F\/ Rafael Urbina<\/span><\/span><\/p>\n<p style=\"text-align: justify;\"><span style=\"font-family: helvetica, sans-serif;\"><span style=\"font-size: large;\">Bajo la gu\u00eda y coordinaci\u00f3n del Programa Turismo, un total de 45 gu\u00edas del Distrito Capital se encuentran en proceso de formaci\u00f3n; actividad que se lleva a cabo en el edificio anexo del Instituto Nacional de Capacitaci\u00f3n y Educaci\u00f3n Socialista (Inces), de la Nueva Granada.<\/span><\/span><\/p>\n<p>&nbsp;<\/p>\n<p style=\"text-align: justify;\"><img loading=\"lazy\" decoding=\"async\" class=\"aligncenter wp-image-45838 size-full\" src=\"https:\/\/inces.gob.ve\/wp-content\/uploads\/2022\/09\/Programa-Turismo-y-Hoteleria2--e1663104869585.jpg\" alt=\"\" width=\"800\" height=\"536\" \/><\/p>\n<p>&nbsp;<\/p>\n<p style=\"text-align: justify;\"><span style=\"font-family: helvetica, sans-serif;\"><span style=\"font-size: large;\">Los participantes, quienes aspiran obtener el certificado como Gu\u00eda Tur\u00edstico que ofrece el Inces, tienen el compromiso de aprobar la malla curricular que exige el Ministerio del Poder Popular para el Turismo y Comercio Exterior.<\/span><\/span><\/p>\n<p>&nbsp;<\/p>\n<p style=\"text-align: justify;\"><span style=\"font-family: helvetica, sans-serif;\"><span style=\"font-size: large;\">Al respecto, la coordinadora nacional del Programa Turismo del Inces, Mar\u00eda Virginia Blanco, especific\u00f3 que los cursantes deben formarse pr\u00e1ctica y te\u00f3ricamente en Oratoria, Geograf\u00eda Tur\u00edstica e Historia de Venezuela, Legislaci\u00f3n Tur\u00edstica, T\u00e9cnicas de Interpretaci\u00f3n y Guianza, Calidad en el Servicio y Primeros Auxilios.\u00a0\u00a0<\/span><\/span><\/p>\n<p>&nbsp;<\/p>\n<p style=\"text-align: justify;\"><img loading=\"lazy\" decoding=\"async\" class=\"aligncenter wp-image-45847 size-full\" src=\"https:\/\/inces.gob.ve\/wp-content\/uploads\/2022\/09\/Programa-Turismo-y-Hoteleria-8--e1663105171745.jpg\" alt=\"\" width=\"800\" height=\"536\" \/><\/p>\n<p>&nbsp;<\/p>\n<p style=\"text-align: justify;\"><span style=\"font-family: helvetica, sans-serif;\"><span style=\"font-size: large;\">En cuanto a esta formaci\u00f3n Blanco expres\u00f3: \u201cEstamos en medio de una jornada formativa que fue dise\u00f1ada espec\u00edficamente para los Gu\u00edas de Turismo. Para ello ofrecemos una formaci\u00f3n con varios cursos. Este proceso comenz\u00f3 el pasado mes de mayo junto a Inatur y Mintur\u00bb. Especific\u00f3 la coordinadora nacional que para la acreditaci\u00f3n se toma en cuenta la experiencia de los participantes, que oscila entre 3 y los 45 a\u00f1os, as\u00ed como el conocimiento que se ha obtenido de manera emp\u00edrica\u00bb.\u00a0<\/span><\/span><\/p>\n<p>&nbsp;<\/p>\n<p style=\"text-align: justify;\"><span style=\"font-family: helvetica, sans-serif;\"><span style=\"font-size: large;\">Las formaciones que el Inces est\u00e1 ofreciendo a estos 45 gu\u00edas son el resultado de una evaluaci\u00f3n\u00a0 que permiti\u00f3 hacer el diagn\u00f3stico de aquellas \u00e1reas que deb\u00edan ser reforzadas, explic\u00f3 la coordinadora nacional de Turismo.<\/span><\/span><\/p>\n<p>&nbsp;<\/p>\n<p style=\"text-align: justify;\"><img loading=\"lazy\" decoding=\"async\" class=\"aligncenter wp-image-45842 size-full\" src=\"https:\/\/inces.gob.ve\/wp-content\/uploads\/2022\/09\/Programa-Turismo-y-Hoteleria-4-e1663105225971.jpg\" alt=\"\" width=\"800\" height=\"536\" \/><\/p>\n<p>&nbsp;<\/p>\n<p><strong>TALLER DE PRIMERO AUXILIO<\/strong><\/p>\n<p style=\"text-align: justify;\"><span style=\"font-family: helvetica, sans-serif;\"><span style=\"font-size: large;\">En consonancia con el objetivo del Inces: acreditar a 45 gu\u00edas tur\u00edsticos, se ofreci\u00f3 el taller Primeros Auxilios; unidad que fue dictada por la Sargento Mayor, Kerlys Aparicio y la Sargento de 2do., Pieranyela Brice\u00f1o, ambas integrantes del Cuerpo de Bomberos del Distrito Capital.\u00a0 <\/span><\/span><\/p>\n<p>&nbsp;<\/p>\n<p style=\"text-align: justify;\"><span style=\"font-family: helvetica, sans-serif;\"><span style=\"font-size: large;\">Al respecto Aparicio coment\u00f3: \u201cEl taller Primeros Auxilios B\u00e1sicos tiene el objetivo de dar a los participantes los conocimientos m\u00ednimos al momento de presentarse una emergencia, para que puedan identificar qu\u00e9 hacer y para tomar decisiones efectivas, asimismo, para ayudar a cualquier persona que tenga un percance\u201d.<\/span><\/span><\/p>\n<p>&nbsp;<\/p>\n<p style=\"text-align: justify;\"><span style=\"font-family: helvetica, sans-serif;\"><span style=\"font-size: large;\">Por su parte, la gu\u00eda tur\u00edstica Luana Cabrera dej\u00f3 saber su opini\u00f3n respecto al taller de Primeros Auxilios: \u201cEsta oportunidad que nos est\u00e1 ofreciendo el Inces nos permite evaluar todo lo que hemos aprendido durante tantos a\u00f1os de trabajo; ahora estamos reforzando y legalizando todos ese conocimiento. Vivimos una buena etapa del turismo en Venezuela\u201d.\u00a0 <\/span><\/span><\/p>\n<p>&nbsp;<\/p>\n<p>&nbsp;<\/p>\n","protected":false},"excerpt":{"rendered":"<p>**Los conocimientos emp\u00edricos son reconocidos por el Inces<\/p>\n","protected":false},"author":15,"featured_media":45846,"comment_status":"closed","ping_status":"closed","sticky":false,"template":"","format":"standard","meta":{"footnotes":""},"categories":[2],"tags":[],"class_list":["post-45835","post","type-post","status-publish","format-standard","has-post-thumbnail","hentry","category-blog"],"_links":{"self":[{"href":"https:\/\/inces.gob.ve\/index.php\/wp-json\/wp\/v2\/posts\/45835","targetHints":{"allow":["GET"]}}],"collection":[{"href":"https:\/\/inces.gob.ve\/index.php\/wp-json\/wp\/v2\/posts"}],"about":[{"href":"https:\/\/inces.gob.ve\/index.php\/wp-json\/wp\/v2\/types\/post"}],"author":[{"embeddable":true,"href":"https:\/\/inces.gob.ve\/index.php\/wp-json\/wp\/v2\/users\/15"}],"replies":[{"embeddable":true,"href":"https:\/\/inces.gob.ve\/index.php\/wp-json\/wp\/v2\/comments?post=45835"}],"version-history":[{"count":8,"href":"https:\/\/inces.gob.ve\/index.php\/wp-json\/wp\/v2\/posts\/45835\/revisions"}],"predecessor-version":[{"id":45949,"href":"https:\/\/inces.gob.ve\/index.php\/wp-json\/wp\/v2\/posts\/45835\/revisions\/45949"}],"wp:featuredmedia":[{"embeddable":true,"href":"https:\/\/inces.gob.ve\/index.php\/wp-json\/wp\/v2\/media\/45846"}],"wp:attachment":[{"href":"https:\/\/inces.gob.ve\/index.php\/wp-json\/wp\/v2\/media?parent=45835"}],"wp:term":[{"taxonomy":"category","embeddable":true,"href":"https:\/\/inces.gob.ve\/index.php\/wp-json\/wp\/v2\/categories?post=45835"},{"taxonomy":"post_tag","embeddable":true,"href":"https:\/\/inces.gob.ve\/index.php\/wp-json\/wp\/v2\/tags?post=45835"}],"curies":[{"name":"wp","href":"https:\/\/api.w.org\/{rel}","templated":true}]}}