{"id":45921,"date":"2022-09-14T15:12:08","date_gmt":"2022-09-14T19:12:08","guid":{"rendered":"https:\/\/inces.gob.ve\/?p=45921"},"modified":"2022-09-16T19:44:54","modified_gmt":"2022-09-16T23:44:54","slug":"cojedes-clase-trabajadora-del-inces-recibe-beneficio-del-clap-obrero","status":"publish","type":"post","link":"https:\/\/inces.gob.ve\/index.php\/2022\/09\/14\/cojedes-clase-trabajadora-del-inces-recibe-beneficio-del-clap-obrero\/","title":{"rendered":"COJEDES\u00a0|\u00a0 Clase trabajadora del Inces recibe beneficio del Clap Obrero"},"content":{"rendered":"<p align=\"justify\"><span style=\"font-family: helvetica, sans-serif;\"><span style=\"font-size: large;\">*<i><b>* Pol\u00edticas alimentarias\u00a0 del gobierno bolivariano llegan para beneficiar al personal administrativo, obrero y \u00a0maestros t\u00e9cnicos productivos<\/b><\/i><\/span><\/span><!--more--><\/p>\n<p align=\"justify\"><span style=\"font-family: helvetica, sans-serif;\"><span style=\"font-size: large;\">Un total de\u00a0 240 trabajadores del\u00a0 Instituto Nacional de Capacitaci\u00f3n y Educaci\u00f3n\u00a0 Socialista (Inces), en el estado Cojedes, recibieron el beneficio del programa bolivariano a cargo de lOS\u00a0 Comit\u00e9s Locales de Abastecimiento y Producci\u00f3n (Clap). La entrega de la bolsa de comida Clap obrero, se hizo en el centro de formaci\u00f3n socialista\u00a0 (CFS) \u201cArgimiro Gabaldon\u00bb.<\/span><\/span><\/p>\n<p align=\"justify\"><span style=\"font-family: helvetica, sans-serif;\"><span style=\"font-size: large;\">En la log\u00edstica estuvo presente como responsable directo el gerente regional Jos\u00e9 Antonio Mart\u00ednez, junto al responsable de Recursos Humanos, Miguel Villanueva, la coordinadora del CFS \u201cArgimiro Gabaldon, Mar\u00eda Valentina Hern\u00e1ndez y un grupo de trabajadores quienes apoyaron en el proceso de la entrega de las bolsas Clap a \u00a0cada trabajador.<\/span><\/span><\/p>\n<p align=\"justify\"><img loading=\"lazy\" decoding=\"async\" class=\"aligncenter wp-image-45923 size-full\" src=\"https:\/\/inces.gob.ve\/wp-content\/uploads\/2022\/09\/Inces-beneficio-Clap-Obrero-2--e1663171881150.jpg\" alt=\"\" width=\"800\" height=\"450\" \/><\/p>\n<p align=\"justify\">\u201c<span style=\"font-family: helvetica, sans-serif;\"><span style=\"font-size: large;\"><span lang=\"es-ES\">Estamos replicando el beneficio de la bolsa Clap a nuestra clase trabajadora, es un lineamiento encomendado por nuestro presidente bolivariano, Nicol\u00e1s Maduro\u00a0 Moros y por la gesti\u00f3n de nuestro m\u00e1ximo representante inceista, Wuikelma \u00c1ngel.\u00a0 Es oportuno la entrega masiva del combo Clap, ya que contrarrestar\u00a0 los ataques de inflaci\u00f3n\u201d, indic\u00f3 Mart\u00ednez.<\/span><\/span><\/span><\/p>\n<p align=\"justify\"><span style=\"font-family: helvetica, sans-serif;\"><span style=\"font-size: large;\">El trabajador Richard Sequera, del \u00e1rea agr\u00edcola, expres\u00f3: \u201cEs una ayuda social que nos permite complementar nuestra alimentaci\u00f3n y la de nuestra familia. El costo como sabemos todos es subsidiado y reconocemos el esfuerzo del gobierno bolivariano. Esperamos que se mantengan estos beneficios, ya que es una gran ayuda para nuestra seguridad alimentaria\u201d.\u00a0<\/span><\/span><\/p>\n<p align=\"justify\"><span style=\"font-family: helvetica, sans-serif;\"><span style=\"font-size: large;\">Prensa Inces Cojedes.-<\/span><\/span><\/p>\n","protected":false},"excerpt":{"rendered":"<p>** Pol\u00edticas alimentarias\u00a0 del gobierno bolivariano llegan para beneficiar al personal administrativo, obrero y \u00a0maestros t\u00e9cnicos productivos<\/p>\n","protected":false},"author":15,"featured_media":45922,"comment_status":"closed","ping_status":"closed","sticky":false,"template":"","format":"standard","meta":{"footnotes":""},"categories":[2],"tags":[],"class_list":["post-45921","post","type-post","status-publish","format-standard","has-post-thumbnail","hentry","category-blog"],"_links":{"self":[{"href":"https:\/\/inces.gob.ve\/index.php\/wp-json\/wp\/v2\/posts\/45921","targetHints":{"allow":["GET"]}}],"collection":[{"href":"https:\/\/inces.gob.ve\/index.php\/wp-json\/wp\/v2\/posts"}],"about":[{"href":"https:\/\/inces.gob.ve\/index.php\/wp-json\/wp\/v2\/types\/post"}],"author":[{"embeddable":true,"href":"https:\/\/inces.gob.ve\/index.php\/wp-json\/wp\/v2\/users\/15"}],"replies":[{"embeddable":true,"href":"https:\/\/inces.gob.ve\/index.php\/wp-json\/wp\/v2\/comments?post=45921"}],"version-history":[{"count":3,"href":"https:\/\/inces.gob.ve\/index.php\/wp-json\/wp\/v2\/posts\/45921\/revisions"}],"predecessor-version":[{"id":46022,"href":"https:\/\/inces.gob.ve\/index.php\/wp-json\/wp\/v2\/posts\/45921\/revisions\/46022"}],"wp:featuredmedia":[{"embeddable":true,"href":"https:\/\/inces.gob.ve\/index.php\/wp-json\/wp\/v2\/media\/45922"}],"wp:attachment":[{"href":"https:\/\/inces.gob.ve\/index.php\/wp-json\/wp\/v2\/media?parent=45921"}],"wp:term":[{"taxonomy":"category","embeddable":true,"href":"https:\/\/inces.gob.ve\/index.php\/wp-json\/wp\/v2\/categories?post=45921"},{"taxonomy":"post_tag","embeddable":true,"href":"https:\/\/inces.gob.ve\/index.php\/wp-json\/wp\/v2\/tags?post=45921"}],"curies":[{"name":"wp","href":"https:\/\/api.w.org\/{rel}","templated":true}]}}