{"id":45981,"date":"2022-09-15T14:20:19","date_gmt":"2022-09-15T18:20:19","guid":{"rendered":"https:\/\/inces.gob.ve\/?p=45981"},"modified":"2022-09-16T19:45:04","modified_gmt":"2022-09-16T23:45:04","slug":"nueva-esparta-la-diversion-se-vistio-de-plan-vacacional","status":"publish","type":"post","link":"https:\/\/inces.gob.ve\/index.php\/2022\/09\/15\/nueva-esparta-la-diversion-se-vistio-de-plan-vacacional\/","title":{"rendered":"NUEVA ESPARTA | La diversi\u00f3n se visti\u00f3 de Plan Vacacional"},"content":{"rendered":"<p align=\"justify\"><span style=\"font-family: helvetica, sans-serif;\"><span style=\"font-size: large;\"><i><b>**Los ni\u00f1os y adolescentes, hijos de los trabajadores Inces visitaron sitios hist\u00f3ricos, playas, sierra y el cine<\/b><\/i><\/span><\/span><!--more--><\/p>\n<p align=\"justify\"><span style=\"font-family: helvetica, sans-serif;\"><span style=\"font-size: large;\">ELEITA C\u00c8SPEDES DE ATEPAZ<\/span><\/span><\/p>\n<p align=\"justify\"><span style=\"font-family: helvetica, sans-serif;\"><span style=\"font-size: large;\">Trajeados con sus llamativas gorras y \u00a0franelas en colores naranja, verde, blanco, negro y azul, con la inscripci\u00f3n de Inces en sus pechos, los hijos de los trabajadores de esta instituci\u00f3n disfrutaron cuatro d\u00edas de plena diversi\u00f3n, compartir, recreaci\u00f3n y degustaci\u00f3n de deliciosos almuerzos y meriendas.<img loading=\"lazy\" decoding=\"async\" class=\"aligncenter wp-image-45984 \" src=\"https:\/\/inces.gob.ve\/wp-content\/uploads\/2022\/09\/Plan-Vacacional3--1024x1024.jpg\" alt=\"\" width=\"568\" height=\"568\" \/> <\/span><\/span><\/p>\n<p align=\"justify\"><span style=\"font-family: helvetica, sans-serif;\"><span style=\"font-size: large;\">Los ni\u00f1os y adolescentes recorrieron \u00a0en sus visitas guiadas lugares como el Castillo de San Carlos de Borromeo en Pampatar; el Parque Nacional Cerro El Copey-J\u00f3vito Villalba, en La Sierra, municipio Arismendi; playa\u00a0 aleda\u00f1a al C\u00edrculo Militar en el Municipio Maneiro y asistieron al cine en uno de los centros comerciales de Pampatar, contando siempre con la compa\u00f1\u00eda de los recreadores y el equipo conformado para este Plan Vacacional Inces 2022 en la siempre hermosa Isla de Margarita.<\/span><\/span><\/p>\n<p align=\"justify\"><img loading=\"lazy\" decoding=\"async\" class=\"aligncenter wp-image-45982 \" src=\"https:\/\/inces.gob.ve\/wp-content\/uploads\/2022\/09\/Plan-Vacacional1--576x1024.jpg\" alt=\"\" width=\"361\" height=\"642\" \/><\/p>\n<p align=\"justify\"><span style=\"font-family: helvetica, sans-serif;\"><span style=\"font-size: large;\">Para finalizar la jornada se reunieron en la Hacienda Nido de \u00c1guilas, ubicada en Tacarigua, municipio G\u00f3mez, donde los protagonistas pudieron montar a caballo, lanzarse en tirolesa, pasear en motos de cuatro ruedas, disfrutar de un ambiente natural y unir sus lazos de amistad con sus compa\u00f1eros de patrulla y todos los participantes\u00a0 de esta divertida actividad recreacional.<\/span><\/span><\/p>\n<p align=\"justify\"><img loading=\"lazy\" decoding=\"async\" class=\"aligncenter wp-image-45983 size-full\" src=\"https:\/\/inces.gob.ve\/wp-content\/uploads\/2022\/09\/Plan-Vacacional2--e1663265941152.jpg\" alt=\"\" width=\"800\" height=\"450\" \/><\/p>\n<p align=\"justify\"><span style=\"font-family: helvetica, sans-serif;\"><span style=\"font-size: large;\">\u00abCon mucha alegr\u00eda, diversi\u00f3n y disfrute culminamos nuestro plan vacacional Inces Nueva Esparta 2022 y desde la divisi\u00f3n de Talento Humano y en nombre de todo el equipo organizador quiero dar las gracias a todos ustedes trabajadores por la confianza depositada en nosotros para que sus hijos e hijas participaran en nuestro plan y de esta manera compartir estos cuatro d\u00edas con ellos\u00bb, expres\u00f3 Ismel Narv\u00e1ez, jefe de la Divisi\u00f3n de Talento Humano del Inces Nueva Esparta.<\/span><\/span><\/p>\n","protected":false},"excerpt":{"rendered":"<p>**Los ni\u00f1os y adolescentes, hijos de los trabajadores Inces visitaron sitios hist\u00f3ricos, playas, sierra y el cine<\/p>\n","protected":false},"author":15,"featured_media":45985,"comment_status":"closed","ping_status":"closed","sticky":false,"template":"","format":"standard","meta":{"footnotes":""},"categories":[2],"tags":[],"class_list":["post-45981","post","type-post","status-publish","format-standard","has-post-thumbnail","hentry","category-blog"],"_links":{"self":[{"href":"https:\/\/inces.gob.ve\/index.php\/wp-json\/wp\/v2\/posts\/45981","targetHints":{"allow":["GET"]}}],"collection":[{"href":"https:\/\/inces.gob.ve\/index.php\/wp-json\/wp\/v2\/posts"}],"about":[{"href":"https:\/\/inces.gob.ve\/index.php\/wp-json\/wp\/v2\/types\/post"}],"author":[{"embeddable":true,"href":"https:\/\/inces.gob.ve\/index.php\/wp-json\/wp\/v2\/users\/15"}],"replies":[{"embeddable":true,"href":"https:\/\/inces.gob.ve\/index.php\/wp-json\/wp\/v2\/comments?post=45981"}],"version-history":[{"count":3,"href":"https:\/\/inces.gob.ve\/index.php\/wp-json\/wp\/v2\/posts\/45981\/revisions"}],"predecessor-version":[{"id":46023,"href":"https:\/\/inces.gob.ve\/index.php\/wp-json\/wp\/v2\/posts\/45981\/revisions\/46023"}],"wp:featuredmedia":[{"embeddable":true,"href":"https:\/\/inces.gob.ve\/index.php\/wp-json\/wp\/v2\/media\/45985"}],"wp:attachment":[{"href":"https:\/\/inces.gob.ve\/index.php\/wp-json\/wp\/v2\/media?parent=45981"}],"wp:term":[{"taxonomy":"category","embeddable":true,"href":"https:\/\/inces.gob.ve\/index.php\/wp-json\/wp\/v2\/categories?post=45981"},{"taxonomy":"post_tag","embeddable":true,"href":"https:\/\/inces.gob.ve\/index.php\/wp-json\/wp\/v2\/tags?post=45981"}],"curies":[{"name":"wp","href":"https:\/\/api.w.org\/{rel}","templated":true}]}}