{"id":46199,"date":"2022-09-20T08:14:21","date_gmt":"2022-09-20T12:14:21","guid":{"rendered":"https:\/\/inces.gob.ve\/?p=46199"},"modified":"2022-09-20T08:19:27","modified_gmt":"2022-09-20T12:19:27","slug":"venezuela-participa-en-cumbre-sobre-la-transformacion-de-la-educacion-de-la-onu","status":"publish","type":"post","link":"https:\/\/inces.gob.ve\/index.php\/2022\/09\/20\/venezuela-participa-en-cumbre-sobre-la-transformacion-de-la-educacion-de-la-onu\/","title":{"rendered":"Venezuela participa en Cumbre sobre la Transformaci\u00f3n de la Educaci\u00f3n de la ONU"},"content":{"rendered":"<header id=\"masthead\" class=\"site-header clearfix \">\n<div id=\"header-text-nav-container\" class=\"clearfix\">\n<div id=\"site-navigation-sticky-wrapper\" class=\"sticky-wrapper is-sticky\">\n<nav id=\"site-navigation\" class=\"main-navigation clearfix\" role=\"navigation\">\n<div class=\"inner-wrap clearfix\" style=\"text-align: justify;\">Fuente: VTV<\/div>\n<div class=\"inner-wrap clearfix\" style=\"text-align: justify; padding-left: 40px;\"><\/div>\n<\/nav>\n<\/div>\n<\/div>\n<\/header>\n<p><!--more--><\/p>\n<div id=\"main\" class=\"clearfix\">\n<div class=\"inner-wrap clearfix\">\n<div id=\"primary\">\n<div id=\"content\" class=\"clearfix\">\n<article id=\"post-576204\" class=\"post-576204 post type-post status-publish format-standard has-post-thumbnail hentry category-nacionales tag-derechos-laborales tag-desarrollo tag-educacion tag-gobierno tag-maestra tag-maestro tag-onu tag-sostenible tag-venezuela\">\n<div class=\"article-content clearfix\">\n<div class=\"entry-content clearfix\">\n<p style=\"text-align: justify;\"><span style=\"font-family: helvetica, arial, sans-serif; font-size: 14pt;\">Durante la realizaci\u00f3n de la Cumbre sobre la Transformaci\u00f3n de la Educaci\u00f3n de las Naciones Unidas (ONU), la ministra para la Educaci\u00f3n, Yelitze Santaella, ratific\u00f3 el compromiso del Gobierno Nacional con el Objetivo de Desarrollo Sostenible en su punto cuatro sobre Educaci\u00f3n de Calidad, Inclusiva y Equitativa en favor de maestros y estudiantes.<\/span><\/p>\n<p>&nbsp;<\/p>\n<p style=\"text-align: justify;\"><span style=\"font-family: helvetica, arial, sans-serif; font-size: 14pt;\">Destac\u00f3 que en Venezuela la educaci\u00f3n representa un derecho humano fundamental y un deber social, por lo que es, democr\u00e1tica, obligatoria e inclusiva, de todos los sectores de la vida nacional.<\/span><\/p>\n<p>&nbsp;<\/p>\n<p style=\"text-align: justify;\"><span style=\"font-family: helvetica, arial, sans-serif; font-size: 14pt;\">Asimismo, indic\u00f3 que el Estado venezolano durante aproximadamente m\u00e1s de un a\u00f1o y medio, incorpor\u00f3 un plan de atenci\u00f3n a los docentes denominado, \u201cPor Amor a mi Maestra a mi Maestro\u201d, con el objetivo de atender directamente a los educadores, tanto activos como jubilados.<\/span><\/p>\n<p>&nbsp;<\/p>\n<p style=\"text-align: justify;\"><span style=\"font-family: helvetica, arial, sans-serif; font-size: 14pt;\">Santaella, resalt\u00f3 que en el mes de marzo como parte de las mejoras de las condiciones econ\u00f3micas del magisterio venezolano el presidente Nicol\u00e1s Maduro, otorg\u00f3 el aumento de un 835% del salario de los maestros y maestras.<\/span><\/p>\n<p>&nbsp;<\/p>\n<p style=\"text-align: justify;\"><span style=\"font-family: helvetica, arial, sans-serif; font-size: 14pt;\">En cuanto a la atenci\u00f3n del sector educativo durante la pandemia por la COVID-19, el Gobierno Bolivariano incorpor\u00f3 56 mil nuevos docentes para un total de 434 mil 892 maestro activos para cubrir las necesidades dentro del sistema educativo. \u00a0<\/span><\/p>\n<p>&nbsp;<\/p>\n<p style=\"text-align: justify;\"><span style=\"font-family: helvetica, arial, sans-serif; font-size: 14pt;\">De igual manera, ratific\u00f3 que se ha dado la clasificaci\u00f3n docente seg\u00fan su escala a 173 mil docentes. Indic\u00f3 que en los actuales momentos se mantiene una mesa de discusi\u00f3n de la tercera convenci\u00f3n colectiva llamada \u201c\u00danica y Unitaria\u201d.<\/span><\/p>\n<p>&nbsp;<\/p>\n<p style=\"text-align: justify;\"><span style=\"font-family: helvetica, arial, sans-serif; font-size: 14pt;\">La ministra tambi\u00e9n destac\u00f3 que en beneficio de los Derechos Laborales de los trabajadores y trabajadoras del Ministerio del Poder Popular para la Educaci\u00f3n, se han habilitado 78 centros de atenci\u00f3n integral de salud, as\u00ed como se les ofrece servicio de farmacias a 667 mil maestros. Se le ha brindado atenci\u00f3n en distintos operativos quir\u00fargicos a 320 mil maestros.<\/span><\/p>\n<p>&nbsp;<\/p>\n<p style=\"text-align: justify;\"><span style=\"font-family: helvetica, arial, sans-serif; font-size: 14pt;\">En el \u00e1mbito de especializaci\u00f3n, Santaella subray\u00f3 que durante el a\u00f1o 2021 participaron 135 mil maestros en el Plan Nacional de Formaci\u00f3n, los cuales ser\u00e1n formadores a otros maestros, \u201cesto nos va a permitir actualizar permanentemente en innovaci\u00f3n, investigaci\u00f3n, nuevas tecnolog\u00edas, nuevos procesos educativos, se van a convertir en los grandes h\u00e9roes para lo que es la transformaci\u00f3n educativa el Estado venezolano\u201d.<\/span><\/p>\n<p>&nbsp;<\/p>\n<p style=\"text-align: justify;\"><span style=\"font-family: helvetica, arial, sans-serif; font-size: 14pt;\">\u201cNosotros hemos creado la Universidad Nacional Experimental del Magisterio Samuel Robinson y el Sistema Nacional de Investigaci\u00f3n y Formaci\u00f3n, ofreciendo m\u00e1s de 40 programas, tanto de pregrado como de postgrado a todo nuestro personal que est\u00e1 en servicio\u201d, agreg\u00f3.<\/span><\/p>\n<p>&nbsp;<\/p>\n<p style=\"text-align: justify;\"><span style=\"font-family: helvetica, arial, sans-serif; font-size: 14pt;\">Denunci\u00f3 ante la ONU el bloqueo ilegal, del cual es v\u00edctima la naci\u00f3n y solicit\u00f3 la solidaridad del organismo para que sean liberados los recursos que han sido ilegalmente por Estados Unidos, \u201chemos estado solicitando que estos recursos sean liberados, porque el quinto objetivo de esta Cumbre, precisamente tiene que ver con el financiamiento a la educaci\u00f3n, es necesario la liberaci\u00f3n de estos recursos para que Venezuela y su gobierno leg\u00edtimamente, puedan hacer uso de ello para la inversi\u00f3n que necesitamos para seguir la educaci\u00f3n.<\/span><\/p>\n<\/div>\n<\/div>\n<\/article>\n<\/div>\n<\/div>\n<\/div>\n<\/div>\n","protected":false},"excerpt":{"rendered":"<p>Fuente: VTV<\/p>\n","protected":false},"author":4,"featured_media":46200,"comment_status":"closed","ping_status":"closed","sticky":false,"template":"","format":"standard","meta":{"footnotes":""},"categories":[2],"tags":[],"class_list":["post-46199","post","type-post","status-publish","format-standard","has-post-thumbnail","hentry","category-blog"],"_links":{"self":[{"href":"https:\/\/inces.gob.ve\/index.php\/wp-json\/wp\/v2\/posts\/46199","targetHints":{"allow":["GET"]}}],"collection":[{"href":"https:\/\/inces.gob.ve\/index.php\/wp-json\/wp\/v2\/posts"}],"about":[{"href":"https:\/\/inces.gob.ve\/index.php\/wp-json\/wp\/v2\/types\/post"}],"author":[{"embeddable":true,"href":"https:\/\/inces.gob.ve\/index.php\/wp-json\/wp\/v2\/users\/4"}],"replies":[{"embeddable":true,"href":"https:\/\/inces.gob.ve\/index.php\/wp-json\/wp\/v2\/comments?post=46199"}],"version-history":[{"count":1,"href":"https:\/\/inces.gob.ve\/index.php\/wp-json\/wp\/v2\/posts\/46199\/revisions"}],"predecessor-version":[{"id":46201,"href":"https:\/\/inces.gob.ve\/index.php\/wp-json\/wp\/v2\/posts\/46199\/revisions\/46201"}],"wp:featuredmedia":[{"embeddable":true,"href":"https:\/\/inces.gob.ve\/index.php\/wp-json\/wp\/v2\/media\/46200"}],"wp:attachment":[{"href":"https:\/\/inces.gob.ve\/index.php\/wp-json\/wp\/v2\/media?parent=46199"}],"wp:term":[{"taxonomy":"category","embeddable":true,"href":"https:\/\/inces.gob.ve\/index.php\/wp-json\/wp\/v2\/categories?post=46199"},{"taxonomy":"post_tag","embeddable":true,"href":"https:\/\/inces.gob.ve\/index.php\/wp-json\/wp\/v2\/tags?post=46199"}],"curies":[{"name":"wp","href":"https:\/\/api.w.org\/{rel}","templated":true}]}}