{"id":46376,"date":"2022-09-21T12:22:02","date_gmt":"2022-09-21T16:22:02","guid":{"rendered":"https:\/\/inces.gob.ve\/?p=46376"},"modified":"2022-09-21T13:31:24","modified_gmt":"2022-09-21T17:31:24","slug":"caracas-jornada-de-embellecimiento-y-trabajo-voluntario-se-realizo-en-los-espacios-del-centro-de-formacion-socialista-simon-rodriguez","status":"publish","type":"post","link":"https:\/\/inces.gob.ve\/index.php\/2022\/09\/21\/caracas-jornada-de-embellecimiento-y-trabajo-voluntario-se-realizo-en-los-espacios-del-centro-de-formacion-socialista-simon-rodriguez\/","title":{"rendered":"CARACAS | Jornada de embellecimiento y trabajo voluntario se realiz\u00f3 en los espacios del Centro de Formacion Socialista \u00abSimon Rodriguez\u00bb"},"content":{"rendered":"<div style=\"text-align: justify;\"><span style=\"font-family: helvetica, arial, sans-serif; font-size: 14pt;\"><em><strong><span style=\"color: #000000;\">** Con autogesti\u00f3n se logra recuperar y mantener espacios foramtivos y administrativos<br \/>\n<\/span><\/strong><\/em><\/span><\/div>\n<div style=\"text-align: justify;\"><span style=\"font-family: helvetica, arial, sans-serif; font-size: 14pt;\"><em><strong><span style=\"color: #000000;\">Con el objetivo de darle vida y limpieza a los espacios del Centro de Formaci\u00f3n Socialista \u00abSimon Rodriguez\u00bb , se realiz\u00f3 una jornada de limpieza gestionada y articulada por la jefa del centro, Jessica Asprilla, acompa\u00f1ada por l\u00edderes de la comunidad,<\/span><\/strong><\/em><\/span><\/div>\n<p style=\"text-align: justify;\"><span style=\"font-family: helvetica, arial, sans-serif; font-size: 14pt;\"><!--more--><\/span><\/p>\n<div style=\"text-align: justify;\"><span style=\"color: #000000; font-family: helvetica, arial, sans-serif; font-size: 14pt;\">\u00a0<\/span><\/div>\n<div style=\"text-align: justify;\"><span style=\"font-family: helvetica, arial, sans-serif; font-size: 14pt;\"><span style=\"color: #000000;\">Dicha jornada<\/span>\u00a0estuvo acompa\u00f1ada por la Fundaci\u00f3n\u00a0Tres Ra\u00edces de la parroquia 23 de Enero, cuadrillas de la alcald\u00eda de Caracas y\u00a0entidades\u00a0que administran el manejo de los residuos no reciclables, cuidado y ejecutan acciones para la protecci\u00f3n del medio ambiente.<\/span><\/div>\n<div><img loading=\"lazy\" decoding=\"async\" class=\"aligncenter wp-image-46379 size-full\" src=\"https:\/\/inces.gob.ve\/wp-content\/uploads\/2022\/09\/embellecimiento-y-trabajo-voluntario-4--scaled-e1663777173242.jpg\" alt=\"\" width=\"800\" height=\"600\" \/><\/div>\n<div style=\"text-align: justify;\"><\/div>\n<div style=\"text-align: justify;\"><span style=\"color: #000000; font-family: helvetica, arial, sans-serif; font-size: 14pt;\">Con esta actividad se logr\u00f3\u00a0integrar a la comunidad y concientizar sobre los posibles riesgos que se pueden generar al descuidar la\u00a0limpieza en las \u00e1reas comunes, adem\u00e1s de hacer un llamado a todos\u00a0 para generar estos espacios de protecci\u00f3n y prevenci\u00f3n colectiva.<\/span><\/div>\n<div style=\"text-align: justify;\"><span style=\"color: #000000; font-family: helvetica, arial, sans-serif; font-size: 14pt;\"><img loading=\"lazy\" decoding=\"async\" class=\"aligncenter wp-image-46378 size-full\" src=\"https:\/\/inces.gob.ve\/wp-content\/uploads\/2022\/09\/embellecimiento-y-trabajo-voluntario-2--e1663777211653.jpg\" alt=\"\" width=\"800\" height=\"450\" \/><\/span><\/div>\n<div style=\"text-align: justify;\"><span style=\"color: #000000; font-family: helvetica, arial, sans-serif; font-size: 14pt;\">\u00abPara mi es un honor que hoy todos y todas unidos como uno solo, un solo pueblo estemos ac\u00e1 d\u00e1ndole vida a nuestros espacios, espacios que son para la formaci\u00f3n de nuestros j\u00f3venes. Gracias a la fundaci\u00f3n\u00a0Tres Ra\u00edces por su colaboraci\u00f3n, a la cuadrilla de la alcald\u00eda de Caracas que nos ayud\u00f3 con el desmalezamiento de nuestras \u00e1reas\u00a0verdes lo que fue de vital importancia en esta jornada\u00bb, expres\u00f3 Asprilla.<\/span><\/div>\n<div><img loading=\"lazy\" decoding=\"async\" class=\"aligncenter wp-image-46377 size-full\" src=\"https:\/\/inces.gob.ve\/wp-content\/uploads\/2022\/09\/embellecimiento-y-trabajo-voluntario-1--scaled-e1663777239300.jpg\" alt=\"\" width=\"800\" height=\"600\" \/><\/div>\n","protected":false},"excerpt":{"rendered":"<p>** Con autogesti\u00f3n se logra recuperar y mantener espacios foramtivos y administrativos Con el objetivo de darle vida y limpieza a los espacios del Centro de Formaci\u00f3n Socialista \u00abSimon Rodriguez\u00bb , se realiz\u00f3 una jornada de limpieza gestionada y articulada por la jefa del centro, Jessica Asprilla, acompa\u00f1ada por l\u00edderes de la comunidad,<\/p>\n","protected":false},"author":15,"featured_media":46380,"comment_status":"closed","ping_status":"closed","sticky":false,"template":"","format":"standard","meta":{"footnotes":""},"categories":[2],"tags":[],"class_list":["post-46376","post","type-post","status-publish","format-standard","has-post-thumbnail","hentry","category-blog"],"_links":{"self":[{"href":"https:\/\/inces.gob.ve\/index.php\/wp-json\/wp\/v2\/posts\/46376","targetHints":{"allow":["GET"]}}],"collection":[{"href":"https:\/\/inces.gob.ve\/index.php\/wp-json\/wp\/v2\/posts"}],"about":[{"href":"https:\/\/inces.gob.ve\/index.php\/wp-json\/wp\/v2\/types\/post"}],"author":[{"embeddable":true,"href":"https:\/\/inces.gob.ve\/index.php\/wp-json\/wp\/v2\/users\/15"}],"replies":[{"embeddable":true,"href":"https:\/\/inces.gob.ve\/index.php\/wp-json\/wp\/v2\/comments?post=46376"}],"version-history":[{"count":1,"href":"https:\/\/inces.gob.ve\/index.php\/wp-json\/wp\/v2\/posts\/46376\/revisions"}],"predecessor-version":[{"id":46381,"href":"https:\/\/inces.gob.ve\/index.php\/wp-json\/wp\/v2\/posts\/46376\/revisions\/46381"}],"wp:featuredmedia":[{"embeddable":true,"href":"https:\/\/inces.gob.ve\/index.php\/wp-json\/wp\/v2\/media\/46380"}],"wp:attachment":[{"href":"https:\/\/inces.gob.ve\/index.php\/wp-json\/wp\/v2\/media?parent=46376"}],"wp:term":[{"taxonomy":"category","embeddable":true,"href":"https:\/\/inces.gob.ve\/index.php\/wp-json\/wp\/v2\/categories?post=46376"},{"taxonomy":"post_tag","embeddable":true,"href":"https:\/\/inces.gob.ve\/index.php\/wp-json\/wp\/v2\/tags?post=46376"}],"curies":[{"name":"wp","href":"https:\/\/api.w.org\/{rel}","templated":true}]}}