{"id":46420,"date":"2022-09-22T09:12:07","date_gmt":"2022-09-22T13:12:07","guid":{"rendered":"https:\/\/inces.gob.ve\/?p=46420"},"modified":"2022-09-22T16:47:44","modified_gmt":"2022-09-22T20:47:44","slug":"inces-militar-formo-y-acredito-a-223-procesados-militares-y-custodios","status":"publish","type":"post","link":"https:\/\/inces.gob.ve\/index.php\/2022\/09\/22\/inces-militar-formo-y-acredito-a-223-procesados-militares-y-custodios\/","title":{"rendered":"Inces militar form\u00f3 y acredit\u00f3 a 223 procesados militares y custodios"},"content":{"rendered":"<p><span style=\"font-size: 14pt; font-family: helvetica, arial, sans-serif;\"><em><b>** Como parte del convenio interinstitucional entre el Ministerio del poder Popular para la Defensa y el Inces se llev\u00f3 a cabo la actividad<\/b><\/em><!--more--><\/span><\/p>\n<p>&nbsp;<\/p>\n<p style=\"text-align: justify;\" align=\"justify\"><span style=\"font-size: 14pt; font-family: helvetica, arial, sans-serif;\"><b>Dimas P\u00e1ez<\/b><\/span><\/p>\n<p style=\"text-align: justify;\" align=\"justify\"><span style=\"font-size: 14pt; font-family: helvetica, arial, sans-serif;\"><b>F\/Rafael Urbina<\/b><\/span><\/p>\n<p style=\"text-align: justify;\" align=\"justify\"><span style=\"font-size: 14pt; font-family: helvetica, arial, sans-serif;\">En el Centro Nacional de Procesados Militares (Cenapromil) de Los Teques, estado Miranda, el gerente general del Inces Militar, contraalmirante Luis Ren\u00e9 Agreda Dur\u00e1n, hizo entrega de 223 certificados por formaci\u00f3n y por conocimientos emp\u00edricos, a procesados y custodios de este recinto militar.<\/span><\/p>\n<p align=\"justify\"><img loading=\"lazy\" decoding=\"async\" class=\"aligncenter wp-image-46423 \" src=\"https:\/\/inces.gob.ve\/wp-content\/uploads\/2022\/09\/WhatsApp-Image-2022-09-22-at-8.11.42-AM-1-1024x1024.jpeg\" alt=\"\" width=\"684\" height=\"684\" srcset=\"https:\/\/inces.gob.ve\/wp-content\/uploads\/2022\/09\/WhatsApp-Image-2022-09-22-at-8.11.42-AM-1-1024x1024.jpeg 1024w, https:\/\/inces.gob.ve\/wp-content\/uploads\/2022\/09\/WhatsApp-Image-2022-09-22-at-8.11.42-AM-1-300x300.jpeg 300w, https:\/\/inces.gob.ve\/wp-content\/uploads\/2022\/09\/WhatsApp-Image-2022-09-22-at-8.11.42-AM-1-150x150.jpeg 150w, https:\/\/inces.gob.ve\/wp-content\/uploads\/2022\/09\/WhatsApp-Image-2022-09-22-at-8.11.42-AM-1-768x768.jpeg 768w, https:\/\/inces.gob.ve\/wp-content\/uploads\/2022\/09\/WhatsApp-Image-2022-09-22-at-8.11.42-AM-1.jpeg 1080w\" sizes=\"auto, (max-width: 684px) 100vw, 684px\" \/><\/p>\n<p style=\"text-align: justify;\" align=\"justify\"><span style=\"font-size: 14pt; font-family: helvetica, arial, sans-serif;\">El contraalmirante estuvo acompa\u00f1ado por el Director del Servicio Penitenciario Militar de la Fuerza Armada Nacional Bolivarina (FANB), general de divisi\u00f3n Octavio G\u00f3mez; por el gerente regional de Inces Militar, teniente coronel Maureen Ruiz; por el gerente general de Formaci\u00f3n profesional Hern\u00e1n Garboza, el gerente regional del estado Miranda, Erick Vera, la coordinadora nacional del \u00c1mbito Penitenciario Maribel Lugo y la gerente de Formaci\u00f3n de Inces Militar, Norelia Trujillo, quienes se dieron cita para la entrega de los certificados.<\/span><\/p>\n<p style=\"text-align: justify;\" align=\"justify\"><span style=\"font-size: 14pt; font-family: helvetica, arial, sans-serif;\">En este segundo semestre se llev\u00f3 a cabo un conjunto de acciones que conllevaron al plan de Formaci\u00f3n, Acreditaci\u00f3n y Certificaci\u00f3n de conocimientos por experiencias, con el fin de potenciar las \u00e1reas productivas del Servicio Penitenciario Militar de la FANB.<\/span><\/p>\n<p align=\"justify\"><img loading=\"lazy\" decoding=\"async\" class=\"aligncenter wp-image-46458 \" src=\"https:\/\/inces.gob.ve\/wp-content\/uploads\/2022\/09\/Inces-militar-111-000--e1663879503960.jpg\" alt=\"\" width=\"772\" height=\"517\" \/><\/p>\n<p style=\"text-align: justify;\" align=\"justify\"><span style=\"font-size: 14pt; font-family: helvetica, arial, sans-serif;\">Esta acci\u00f3n de reconocimiento se realiza con el fin de cumplir con las orientaciones establecidas en la Matriz Program\u00e1tica en cuanto a los \u00e1mbitos Instalaciones Militares y recintos penitenciario.<\/span><\/p>\n<p style=\"text-align: justify;\" align=\"justify\"><span style=\"font-size: 14pt; font-family: helvetica, arial, sans-serif;\">En esta oportunidad se abordaron los motores: Turismo, Econom\u00eda Comunal Social y Socialista, Forestal, Industria, Construcci\u00f3n, Agroalimentario y Banca y Finanzas.<\/span><\/p>\n<p align=\"justify\"><img loading=\"lazy\" decoding=\"async\" class=\"aligncenter wp-image-46422 size-large\" src=\"https:\/\/inces.gob.ve\/wp-content\/uploads\/2022\/09\/WhatsApp-Image-2022-09-22-at-8.12.00-AM-1024x768.jpeg\" alt=\"\" width=\"640\" height=\"480\" srcset=\"https:\/\/inces.gob.ve\/wp-content\/uploads\/2022\/09\/WhatsApp-Image-2022-09-22-at-8.12.00-AM-1024x768.jpeg 1024w, https:\/\/inces.gob.ve\/wp-content\/uploads\/2022\/09\/WhatsApp-Image-2022-09-22-at-8.12.00-AM-300x225.jpeg 300w, https:\/\/inces.gob.ve\/wp-content\/uploads\/2022\/09\/WhatsApp-Image-2022-09-22-at-8.12.00-AM-768x576.jpeg 768w, https:\/\/inces.gob.ve\/wp-content\/uploads\/2022\/09\/WhatsApp-Image-2022-09-22-at-8.12.00-AM-136x102.jpeg 136w, https:\/\/inces.gob.ve\/wp-content\/uploads\/2022\/09\/WhatsApp-Image-2022-09-22-at-8.12.00-AM.jpeg 1040w\" sizes=\"auto, (max-width: 640px) 100vw, 640px\" \/><\/p>\n<p style=\"text-align: justify;\" align=\"justify\"><span style=\"font-size: 14pt; font-family: helvetica, arial, sans-serif;\">Las instalaciones del Centro Penitenciario se aprovecharon para resaltar las potencialidades que tienen los procesados del Cenapromil como son: panader\u00eda, cafeter\u00eda, luncher\u00eda, restaurant, preparaci\u00f3n de comida r\u00e1pida, helader\u00eda y talleres de carpinter\u00eda y textil, espacios para huertos, jardiner\u00eda y Biblioteca.<\/span><\/p>\n<p style=\"text-align: justify;\" align=\"justify\"><span style=\"font-size: 14pt; font-family: helvetica, arial, sans-serif;\">Todos los productos producidos en el Cenapromil son para su autosustento.<\/span><\/p>\n<p align=\"justify\"><img loading=\"lazy\" decoding=\"async\" class=\"aligncenter wp-image-46457 \" src=\"https:\/\/inces.gob.ve\/wp-content\/uploads\/2022\/09\/Inces-militar-000-0--e1663879560699.jpg\" alt=\"\" width=\"751\" height=\"503\" \/><\/p>\n","protected":false},"excerpt":{"rendered":"<p>** Como parte del convenio interinstitucional entre el Ministerio del poder Popular para la Defensa y el Inces se llev\u00f3 a cabo la actividad<\/p>\n","protected":false},"author":4,"featured_media":46424,"comment_status":"closed","ping_status":"closed","sticky":false,"template":"","format":"standard","meta":{"footnotes":""},"categories":[2],"tags":[],"class_list":["post-46420","post","type-post","status-publish","format-standard","has-post-thumbnail","hentry","category-blog"],"_links":{"self":[{"href":"https:\/\/inces.gob.ve\/index.php\/wp-json\/wp\/v2\/posts\/46420","targetHints":{"allow":["GET"]}}],"collection":[{"href":"https:\/\/inces.gob.ve\/index.php\/wp-json\/wp\/v2\/posts"}],"about":[{"href":"https:\/\/inces.gob.ve\/index.php\/wp-json\/wp\/v2\/types\/post"}],"author":[{"embeddable":true,"href":"https:\/\/inces.gob.ve\/index.php\/wp-json\/wp\/v2\/users\/4"}],"replies":[{"embeddable":true,"href":"https:\/\/inces.gob.ve\/index.php\/wp-json\/wp\/v2\/comments?post=46420"}],"version-history":[{"count":7,"href":"https:\/\/inces.gob.ve\/index.php\/wp-json\/wp\/v2\/posts\/46420\/revisions"}],"predecessor-version":[{"id":46461,"href":"https:\/\/inces.gob.ve\/index.php\/wp-json\/wp\/v2\/posts\/46420\/revisions\/46461"}],"wp:featuredmedia":[{"embeddable":true,"href":"https:\/\/inces.gob.ve\/index.php\/wp-json\/wp\/v2\/media\/46424"}],"wp:attachment":[{"href":"https:\/\/inces.gob.ve\/index.php\/wp-json\/wp\/v2\/media?parent=46420"}],"wp:term":[{"taxonomy":"category","embeddable":true,"href":"https:\/\/inces.gob.ve\/index.php\/wp-json\/wp\/v2\/categories?post=46420"},{"taxonomy":"post_tag","embeddable":true,"href":"https:\/\/inces.gob.ve\/index.php\/wp-json\/wp\/v2\/tags?post=46420"}],"curies":[{"name":"wp","href":"https:\/\/api.w.org\/{rel}","templated":true}]}}