{"id":46433,"date":"2022-09-22T15:14:27","date_gmt":"2022-09-22T19:14:27","guid":{"rendered":"https:\/\/inces.gob.ve\/?p=46433"},"modified":"2022-09-22T16:20:25","modified_gmt":"2022-09-22T20:20:25","slug":"caracas-inces-busca-alianzas-y-convenios-con-autotech-taller-escuela","status":"publish","type":"post","link":"https:\/\/inces.gob.ve\/index.php\/2022\/09\/22\/caracas-inces-busca-alianzas-y-convenios-con-autotech-taller-escuela\/","title":{"rendered":"CARACAS | Inces busca alianzas y convenios con Autotech Taller-Escuela"},"content":{"rendered":"<div dir=\"auto\" style=\"text-align: justify;\"><span style=\"font-family: helvetica, arial, sans-serif;\"><em><strong><span style=\"font-size: 14pt;\">**Con el fin de procurar convenios y alianzas estrat\u00e9gicas entre el Instituto Nacional de Capacitaci\u00f3n y Educaci\u00f3n Socialista (Inces) y Autotech Taller-Escuela, el presidente del Inces, Wuikelman Angel Paredes, visit\u00f3 los espacios de dicha escuela para formalizar acciones y evaluar sus instalaciones.<\/span><\/strong><\/em><\/span><\/div>\n<p><span style=\"font-family: helvetica, arial, sans-serif;\"><!--more--><\/span><\/p>\n<div dir=\"auto\" style=\"text-align: justify;\"><\/div>\n<div dir=\"auto\" style=\"text-align: justify;\"><\/div>\n<div dir=\"auto\" style=\"text-align: justify;\"><span style=\"font-size: 14pt; font-family: helvetica, arial, sans-serif;\">Durante la visita se conocieron los autos el\u00e9ctricos que han llegado al pa\u00eds, incluyendo las partes mec\u00e1nica automotriz y mec\u00e1nica el\u00e9ctrica.<\/span><\/div>\n<div dir=\"auto\"><\/div>\n<div dir=\"auto\" style=\"text-align: justify;\"><span style=\"font-family: helvetica, arial, sans-serif;\"><img loading=\"lazy\" decoding=\"async\" class=\"aligncenter wp-image-46434 size-full\" src=\"https:\/\/inces.gob.ve\/wp-content\/uploads\/2022\/09\/convenios-con-Autotech-Taller-Escuela1--e1663873759158.jpg\" alt=\"\" width=\"800\" height=\"428\" \/><\/span><\/div>\n<div dir=\"auto\" style=\"text-align: justify;\"><\/div>\n<div dir=\"auto\" style=\"text-align: justify;\"><span style=\"font-size: 14pt; font-family: helvetica, arial, sans-serif;\">Se cont\u00f3 con la presencia del gerente nacional de Encadenamiento Productivo, Jorge P\u00e9rez; la gerente regional del Distrito Capital, Tania D\u00edaz; la jefa del Centro de Formaci\u00f3n Socialista Sim\u00f3n Rodr\u00edguez, Jessica Aspriya y el coordinador de Encadenamiento Productivo de Distrito Capital,\u00a0 F\u00e9lix Gonz\u00e1les, quienes acompa\u00f1aron al presidente Angel durante su visita.\u00a0<\/span><\/div>\n<div dir=\"auto\"><span style=\"font-family: helvetica, arial, sans-serif;\"><img loading=\"lazy\" decoding=\"async\" class=\"aligncenter wp-image-46437 size-full\" src=\"https:\/\/inces.gob.ve\/wp-content\/uploads\/2022\/09\/convenios-con-Autotech-Taller-Escuela-4--e1663873795520.jpg\" alt=\"\" width=\"800\" height=\"599\" \/><\/span><\/div>\n<div dir=\"auto\" style=\"text-align: justify;\"><\/div>\n<div dir=\"auto\" style=\"text-align: justify;\"><span style=\"font-size: 14pt; font-family: helvetica, arial, sans-serif;\">\u00abNuestra filosof\u00eda es aprender &#8211; haciendo. De all\u00ed proviene nuestro nombre Autotech Taller &#8211; Escuela, porque ofrecemos nuestro servicio de taller mec\u00e1nico mientras ofrecemos una constante formaci\u00f3n a los estudiantes, para que ellos tengan un proceso de capacitaci\u00f3n e interacci\u00f3n con aquellas fallas reales que pueda presentar un veh\u00edculo\u00bb, expres\u00f3 Luis Arleo, presidente de Autotech.<\/span><\/div>\n<div dir=\"auto\"><\/div>\n<div dir=\"auto\"><span style=\"font-family: helvetica, arial, sans-serif;\"><img loading=\"lazy\" decoding=\"async\" class=\"aligncenter wp-image-46438 size-full\" src=\"https:\/\/inces.gob.ve\/wp-content\/uploads\/2022\/09\/convenios-con-Autotech-Taller-Escuela-6--e1663873843518.jpg\" alt=\"\" width=\"800\" height=\"600\" \/><\/span><\/div>\n<div dir=\"auto\" style=\"text-align: justify;\"><\/div>\n<div dir=\"auto\" style=\"text-align: justify;\"><span style=\"font-size: 14pt; font-family: helvetica, arial, sans-serif;\">Se supo que el programa de Entrenamiento en Operaci\u00f3n, Diagn\u00f3stico de Veh\u00edculos El\u00e9ctricos y Estaciones de Carga est\u00e1 dirigido a treinta t\u00e9cnicos Master Automotriz. Es una de las nuevas modalidades integradas a la maya curricular de\u00a0 este taller escuela, siendo dirigido por el ingeniero Tirso Castro.<\/span><\/div>\n<div dir=\"auto\" style=\"text-align: justify;\"><\/div>\n<div dir=\"auto\" style=\"text-align: justify;\"><span style=\"font-size: 14pt;\"><span style=\"font-family: helvetica, arial, sans-serif;\">\u00abPara nosotros es muy importante contar con la presencia del presidente del Inces, Wuikelman Angel, porque sabemos el reconocimiento que tiene esta instituci\u00f3n. Adem\u00e1s compartimos la misma visi\u00f3n de proyecto pa\u00eds y por ello esperamos poder trabajar con esta alianza\u00bb, indic\u00f3 Castro.<\/span><\/span><\/div>\n<div dir=\"auto\" style=\"text-align: justify;\"><span style=\"font-size: 14pt;\"><img loading=\"lazy\" decoding=\"async\" class=\"aligncenter wp-image-46440 size-full\" src=\"https:\/\/inces.gob.ve\/wp-content\/uploads\/2022\/09\/Autotech-Taller-Escuela-002--e1663874036461.jpg\" alt=\"\" width=\"800\" height=\"600\" \/><\/span><\/div>\n","protected":false},"excerpt":{"rendered":"<p>**Con el fin de procurar convenios y alianzas estrat\u00e9gicas entre el Instituto Nacional de Capacitaci\u00f3n y Educaci\u00f3n Socialista (Inces) y Autotech Taller-Escuela, el presidente del Inces, Wuikelman Angel Paredes, visit\u00f3 los espacios de dicha escuela para formalizar acciones y evaluar sus instalaciones.<\/p>\n","protected":false},"author":15,"featured_media":46439,"comment_status":"closed","ping_status":"closed","sticky":false,"template":"","format":"standard","meta":{"footnotes":""},"categories":[2],"tags":[],"class_list":["post-46433","post","type-post","status-publish","format-standard","has-post-thumbnail","hentry","category-blog"],"_links":{"self":[{"href":"https:\/\/inces.gob.ve\/index.php\/wp-json\/wp\/v2\/posts\/46433","targetHints":{"allow":["GET"]}}],"collection":[{"href":"https:\/\/inces.gob.ve\/index.php\/wp-json\/wp\/v2\/posts"}],"about":[{"href":"https:\/\/inces.gob.ve\/index.php\/wp-json\/wp\/v2\/types\/post"}],"author":[{"embeddable":true,"href":"https:\/\/inces.gob.ve\/index.php\/wp-json\/wp\/v2\/users\/15"}],"replies":[{"embeddable":true,"href":"https:\/\/inces.gob.ve\/index.php\/wp-json\/wp\/v2\/comments?post=46433"}],"version-history":[{"count":4,"href":"https:\/\/inces.gob.ve\/index.php\/wp-json\/wp\/v2\/posts\/46433\/revisions"}],"predecessor-version":[{"id":46453,"href":"https:\/\/inces.gob.ve\/index.php\/wp-json\/wp\/v2\/posts\/46433\/revisions\/46453"}],"wp:featuredmedia":[{"embeddable":true,"href":"https:\/\/inces.gob.ve\/index.php\/wp-json\/wp\/v2\/media\/46439"}],"wp:attachment":[{"href":"https:\/\/inces.gob.ve\/index.php\/wp-json\/wp\/v2\/media?parent=46433"}],"wp:term":[{"taxonomy":"category","embeddable":true,"href":"https:\/\/inces.gob.ve\/index.php\/wp-json\/wp\/v2\/categories?post=46433"},{"taxonomy":"post_tag","embeddable":true,"href":"https:\/\/inces.gob.ve\/index.php\/wp-json\/wp\/v2\/tags?post=46433"}],"curies":[{"name":"wp","href":"https:\/\/api.w.org\/{rel}","templated":true}]}}