{"id":46446,"date":"2022-09-22T15:29:33","date_gmt":"2022-09-22T19:29:33","guid":{"rendered":"https:\/\/inces.gob.ve\/?p=46446"},"modified":"2022-09-22T16:00:13","modified_gmt":"2022-09-22T20:00:13","slug":"falcon-redi-occidente-construye-plan-de-formacion-de-facilitadores-y-trabajadores-inces","status":"publish","type":"post","link":"https:\/\/inces.gob.ve\/index.php\/2022\/09\/22\/falcon-redi-occidente-construye-plan-de-formacion-de-facilitadores-y-trabajadores-inces\/","title":{"rendered":"FALC\u00d3N | REDI Occidente construye Plan de Formaci\u00f3n de Facilitadores y  Trabajadores Inces"},"content":{"rendered":"<div dir=\"auto\"><\/div>\n<div dir=\"auto\" style=\"text-align: justify;\"><span style=\"font-family: helvetica, arial, sans-serif; font-size: 14pt;\"><em><strong>**En los espacios del centro de formaci\u00f3n socialista (CFS) \u00abAli Primera\u00bb del Instituto Nacional de Capacitaci\u00f3n y Educaci\u00f3n Socialista (Inces) en la ciudad de Punto Fijo, se encuentran los Gerentes Regionales, Jefes de Formaci\u00f3n Profesional y Coordinadores de Programas de los Estados Lara, Yaracuy, Zulia, Falc\u00f3n y del Inces Sede para construir en colectivo el Plan de Formaci\u00f3n de Facilitadores y Trabajadores Inces, para el desarrollo de una pertinente Ense\u00f1anza y Formaci\u00f3n T\u00e9cnica Profesional (EFTP).<\/strong><\/em><\/span><\/div>\n<p style=\"text-align: justify;\"><span style=\"font-family: helvetica, arial, sans-serif; font-size: 14pt;\"><!--more--><\/span><\/p>\n<p>&nbsp;<\/p>\n<div dir=\"auto\" style=\"text-align: justify;\"><span style=\"font-family: helvetica, arial, sans-serif; font-size: 14pt;\">MIRIAM GONZ\u00c1LEZ VILLARROEL.\u00a0<\/span><\/div>\n<div dir=\"auto\"><\/div>\n<div dir=\"auto\" style=\"text-align: justify;\"><span style=\"font-family: helvetica, arial, sans-serif; font-size: 14pt;\">Los representantes del Inces de la Redi Occidente y de Sede, siguiendo orientaciones del presidente del Inces, Wuikelman Angel Paredes,\u00a0 durante 5 dias, intercambian saberes con la finalidad de construir un Subsistema de Ense\u00f1anza y Formaci\u00f3n T\u00e9cnica Profesional y poder\u00a0 definir planes formativos que promuevan el trabajo y crecimiento econ\u00f3mico del pa\u00eds para el a\u00f1o 2023.\u00a0<\/span><\/div>\n<div dir=\"auto\" style=\"text-align: justify;\"><\/div>\n<div dir=\"auto\" style=\"text-align: justify;\"><span style=\"font-family: helvetica, arial, sans-serif; font-size: 14pt;\">Definen tambi\u00e9n, objetivos de desarrollo sostenible como herramientas de planificaci\u00f3n y seguimiento de la ruta hacia un desarrollo sostenible e inclusivo con educaci\u00f3n de calidad.<\/span><\/div>\n<div dir=\"auto\" style=\"text-align: justify;\"><\/div>\n<div dir=\"auto\" style=\"text-align: justify;\"><span style=\"font-family: helvetica, arial, sans-serif; font-size: 14pt;\">En el encuentro de Saberes entre representantes de la REDI Occidente del Inces, Juan Correa y Jes\u00fas Hern\u00e1ndez del Inces Sede, han venido socializando la Matriz Program\u00e1tica Inces,\u00a0 ejes tem\u00e1ticos y su pertinencIa para la comprensi\u00f3n de las pol\u00edticas publicas alineadas a los objetivos de desarrollo estrat\u00e9gico, vinculadas al plan de la patria 2019-2025, entre otros temas importantes.<\/span><\/div>\n","protected":false},"excerpt":{"rendered":"<p>**En los espacios del centro de formaci\u00f3n socialista (CFS) \u00abAli Primera\u00bb del Instituto Nacional de Capacitaci\u00f3n y Educaci\u00f3n Socialista (Inces) en la ciudad de Punto Fijo, se encuentran los Gerentes Regionales, Jefes de Formaci\u00f3n Profesional y Coordinadores de Programas de los Estados Lara, Yaracuy, Zulia, Falc\u00f3n y del Inces Sede para construir en colectivo el [&hellip;]<\/p>\n","protected":false},"author":15,"featured_media":46447,"comment_status":"closed","ping_status":"closed","sticky":false,"template":"","format":"standard","meta":{"footnotes":""},"categories":[2],"tags":[],"class_list":["post-46446","post","type-post","status-publish","format-standard","has-post-thumbnail","hentry","category-blog"],"_links":{"self":[{"href":"https:\/\/inces.gob.ve\/index.php\/wp-json\/wp\/v2\/posts\/46446","targetHints":{"allow":["GET"]}}],"collection":[{"href":"https:\/\/inces.gob.ve\/index.php\/wp-json\/wp\/v2\/posts"}],"about":[{"href":"https:\/\/inces.gob.ve\/index.php\/wp-json\/wp\/v2\/types\/post"}],"author":[{"embeddable":true,"href":"https:\/\/inces.gob.ve\/index.php\/wp-json\/wp\/v2\/users\/15"}],"replies":[{"embeddable":true,"href":"https:\/\/inces.gob.ve\/index.php\/wp-json\/wp\/v2\/comments?post=46446"}],"version-history":[{"count":1,"href":"https:\/\/inces.gob.ve\/index.php\/wp-json\/wp\/v2\/posts\/46446\/revisions"}],"predecessor-version":[{"id":46448,"href":"https:\/\/inces.gob.ve\/index.php\/wp-json\/wp\/v2\/posts\/46446\/revisions\/46448"}],"wp:featuredmedia":[{"embeddable":true,"href":"https:\/\/inces.gob.ve\/index.php\/wp-json\/wp\/v2\/media\/46447"}],"wp:attachment":[{"href":"https:\/\/inces.gob.ve\/index.php\/wp-json\/wp\/v2\/media?parent=46446"}],"wp:term":[{"taxonomy":"category","embeddable":true,"href":"https:\/\/inces.gob.ve\/index.php\/wp-json\/wp\/v2\/categories?post=46446"},{"taxonomy":"post_tag","embeddable":true,"href":"https:\/\/inces.gob.ve\/index.php\/wp-json\/wp\/v2\/tags?post=46446"}],"curies":[{"name":"wp","href":"https:\/\/api.w.org\/{rel}","templated":true}]}}