{"id":46502,"date":"2022-09-26T07:40:53","date_gmt":"2022-09-26T11:40:53","guid":{"rendered":"https:\/\/inces.gob.ve\/?p=46502"},"modified":"2022-09-26T07:40:53","modified_gmt":"2022-09-26T11:40:53","slug":"venezolanos-en-ecuador-se-graduan-de-bachiller","status":"publish","type":"post","link":"https:\/\/inces.gob.ve\/index.php\/2022\/09\/26\/venezolanos-en-ecuador-se-graduan-de-bachiller\/","title":{"rendered":"Venezolanos en Ecuador se grad\u00faan de bachiller"},"content":{"rendered":"<p style=\"text-align: justify;\"><span style=\"font-size: 14pt; font-family: helvetica, arial, sans-serif;\"><i><b>** El documento legal, emitido por el Inces y avalado por el Ministerio de Educaci\u00f3n, se acompa\u00f1a de un certificado que se corresponde con alguna ocupaci\u00f3n productiva cursada por el estudiante<\/b><\/i><!--more--><\/span><\/p>\n<p style=\"text-align: justify;\">\n<p style=\"text-align: justify;\"><span style=\"font-size: 14pt; font-family: helvetica, arial, sans-serif;\"><i><b>L.T.<\/b><\/i><\/span><\/p>\n<p style=\"text-align: justify;\"><span style=\"font-size: 14pt; font-family: helvetica, arial, sans-serif;\">En un esfuerzo conjunto, el Instituto Nacional de Capacitaci\u00f3n y Educaci\u00f3n Socialista (Inces) y el Consulado de Venezuela en Ecuador lograron graduar la primera cohorte de bachilleres fuera de las fronteras de nuestro pa\u00eds.<\/span><\/p>\n<p>&nbsp;<\/p>\n<p style=\"text-align: justify;\"><span style=\"font-size: 14pt; font-family: helvetica, arial, sans-serif;\">En noviembre de 2021, el jefe de misi\u00f3n de Venezuela, Pedro Sazzone, a trav\u00e9s de la Canciller\u00eda, solicit\u00f3 al Inces formaci\u00f3n en l\u00ednea para aquellos connacionales que hab\u00edan emigrado al pa\u00eds latinoamericano sin haber culminado su bachillerato.<\/span><\/p>\n<p><img loading=\"lazy\" decoding=\"async\" class=\"aligncenter wp-image-46503 size-large\" src=\"https:\/\/inces.gob.ve\/wp-content\/uploads\/2022\/09\/WhatsApp-Image-2022-09-23-at-12.14.25-PM-800x1024.jpeg\" alt=\"\" width=\"640\" height=\"819\" srcset=\"https:\/\/inces.gob.ve\/wp-content\/uploads\/2022\/09\/WhatsApp-Image-2022-09-23-at-12.14.25-PM-800x1024.jpeg 800w, https:\/\/inces.gob.ve\/wp-content\/uploads\/2022\/09\/WhatsApp-Image-2022-09-23-at-12.14.25-PM-234x300.jpeg 234w, https:\/\/inces.gob.ve\/wp-content\/uploads\/2022\/09\/WhatsApp-Image-2022-09-23-at-12.14.25-PM-768x983.jpeg 768w, https:\/\/inces.gob.ve\/wp-content\/uploads\/2022\/09\/WhatsApp-Image-2022-09-23-at-12.14.25-PM-600x768.jpeg 600w, https:\/\/inces.gob.ve\/wp-content\/uploads\/2022\/09\/WhatsApp-Image-2022-09-23-at-12.14.25-PM.jpeg 900w\" sizes=\"auto, (max-width: 640px) 100vw, 640px\" \/><\/p>\n<p style=\"text-align: justify;\"><span style=\"font-size: 14pt; font-family: helvetica, arial, sans-serif;\">Luego de un proceso de evaluaci\u00f3n y planificaci\u00f3n se abrieron inscripciones, alcanzando un matr\u00edcula de 290 venezolanos inscritos en diferentes niveles de educaci\u00f3n media y diversificada.<\/span><\/p>\n<p>&nbsp;<\/p>\n<p style=\"text-align: justify;\"><span style=\"font-size: 14pt; font-family: helvetica, arial, sans-serif;\">Es as\u00ed como en este mes de septiembre egresan como bachilleres de la Rep\u00fablica 10 compatriotas, quienes adem\u00e1s se formaron con Inces no solo en las \u00e1reas que competen al ciclo diversificado, sino que egresan con un certificado de validez internacional con el perfil productivo en ceremonial, etiqueta y protocolo.<\/span><\/p>\n<p>&nbsp;<\/p>\n<p style=\"text-align: justify;\"><span style=\"font-size: 14pt; font-family: helvetica, arial, sans-serif;\">Cerca de un centenar de venezolanos contin\u00faan form\u00e1ndose en l\u00ednea y se espera que en el mes de febrero de 2023 al menos 18 alcancen la meta de ser bachilleres.<\/span><\/p>\n<p><img loading=\"lazy\" decoding=\"async\" class=\"aligncenter wp-image-46504 size-large\" src=\"https:\/\/inces.gob.ve\/wp-content\/uploads\/2022\/09\/WhatsApp-Image-2022-09-23-at-12.14.28-PM1-862x1024.jpeg\" alt=\"\" width=\"640\" height=\"760\" srcset=\"https:\/\/inces.gob.ve\/wp-content\/uploads\/2022\/09\/WhatsApp-Image-2022-09-23-at-12.14.28-PM1-862x1024.jpeg 862w, https:\/\/inces.gob.ve\/wp-content\/uploads\/2022\/09\/WhatsApp-Image-2022-09-23-at-12.14.28-PM1-253x300.jpeg 253w, https:\/\/inces.gob.ve\/wp-content\/uploads\/2022\/09\/WhatsApp-Image-2022-09-23-at-12.14.28-PM1-768x912.jpeg 768w, https:\/\/inces.gob.ve\/wp-content\/uploads\/2022\/09\/WhatsApp-Image-2022-09-23-at-12.14.28-PM1-647x768.jpeg 647w, https:\/\/inces.gob.ve\/wp-content\/uploads\/2022\/09\/WhatsApp-Image-2022-09-23-at-12.14.28-PM1.jpeg 896w\" sizes=\"auto, (max-width: 640px) 100vw, 640px\" \/><\/p>\n<p style=\"text-align: justify;\"><span style=\"font-size: 14pt; font-family: helvetica, arial, sans-serif;\">Este caso in\u00e9dito de formaci\u00f3n y titulaci\u00f3n a distancia es un novedad en el mundo entero, y una iniciativa que esperamos pueda ser aplicada tambi\u00e9n en otros pa\u00edses, con \u00e9nfasis en los del continente americano.<\/span><\/p>\n","protected":false},"excerpt":{"rendered":"<p>** El documento legal, emitido por el Inces y avalado por el Ministerio de Educaci\u00f3n, se acompa\u00f1a de un certificado que se corresponde con alguna ocupaci\u00f3n productiva cursada por el estudiante<\/p>\n","protected":false},"author":4,"featured_media":46505,"comment_status":"closed","ping_status":"closed","sticky":false,"template":"","format":"standard","meta":{"footnotes":""},"categories":[2],"tags":[],"class_list":["post-46502","post","type-post","status-publish","format-standard","has-post-thumbnail","hentry","category-blog"],"_links":{"self":[{"href":"https:\/\/inces.gob.ve\/index.php\/wp-json\/wp\/v2\/posts\/46502","targetHints":{"allow":["GET"]}}],"collection":[{"href":"https:\/\/inces.gob.ve\/index.php\/wp-json\/wp\/v2\/posts"}],"about":[{"href":"https:\/\/inces.gob.ve\/index.php\/wp-json\/wp\/v2\/types\/post"}],"author":[{"embeddable":true,"href":"https:\/\/inces.gob.ve\/index.php\/wp-json\/wp\/v2\/users\/4"}],"replies":[{"embeddable":true,"href":"https:\/\/inces.gob.ve\/index.php\/wp-json\/wp\/v2\/comments?post=46502"}],"version-history":[{"count":1,"href":"https:\/\/inces.gob.ve\/index.php\/wp-json\/wp\/v2\/posts\/46502\/revisions"}],"predecessor-version":[{"id":46506,"href":"https:\/\/inces.gob.ve\/index.php\/wp-json\/wp\/v2\/posts\/46502\/revisions\/46506"}],"wp:featuredmedia":[{"embeddable":true,"href":"https:\/\/inces.gob.ve\/index.php\/wp-json\/wp\/v2\/media\/46505"}],"wp:attachment":[{"href":"https:\/\/inces.gob.ve\/index.php\/wp-json\/wp\/v2\/media?parent=46502"}],"wp:term":[{"taxonomy":"category","embeddable":true,"href":"https:\/\/inces.gob.ve\/index.php\/wp-json\/wp\/v2\/categories?post=46502"},{"taxonomy":"post_tag","embeddable":true,"href":"https:\/\/inces.gob.ve\/index.php\/wp-json\/wp\/v2\/tags?post=46502"}],"curies":[{"name":"wp","href":"https:\/\/api.w.org\/{rel}","templated":true}]}}