{"id":46555,"date":"2022-09-27T11:57:44","date_gmt":"2022-09-27T15:57:44","guid":{"rendered":"https:\/\/inces.gob.ve\/?p=46555"},"modified":"2022-09-27T11:59:57","modified_gmt":"2022-09-27T15:59:57","slug":"merida-unidad-de-tributos-del-inces-avanza-en-atencion-empresarial","status":"publish","type":"post","link":"https:\/\/inces.gob.ve\/index.php\/2022\/09\/27\/merida-unidad-de-tributos-del-inces-avanza-en-atencion-empresarial\/","title":{"rendered":"M\u00c9RIDA | Unidad de Tributos del Inces avanza en atenci\u00f3n empresarial"},"content":{"rendered":"<div dir=\"ltr\">\n<p align=\"justify\"><span style=\"font-size: 14pt;\"><em><strong><span style=\"font-family: helvetica, sans-serif;\">** En un trabajo conjunto, tambi\u00e9n participaron: IVSS, Mintras, y Colegio de Contadores n\u00facleo El Vig\u00eda<\/span><\/strong><\/em><\/span><\/p>\n<\/div>\n<p align=\"justify\"><span style=\"font-size: 14pt;\"><!--more--><\/span><\/p>\n<div dir=\"ltr\">\n<p align=\"justify\"><span style=\"font-family: helvetica, sans-serif; font-size: 14pt;\">NADIA LOBO<\/span><\/p>\n<p align=\"justify\"><span style=\"font-family: helvetica, sans-serif; font-size: 14pt;\">El Inces, a trav\u00e9s de la Unidad Estadal de Administraci\u00f3n Tributaria, realiz\u00f3 exitosas jornadas de orientaci\u00f3n en el municipio Alberto Adriani del estado M\u00e9rida, siguiendo orientaciones del presidente del instituto, Wuikelman Angel Paredes y el gobernador de esta entidad andina, Jehyson Guzm\u00e1n. <\/span><\/p>\n<p align=\"justify\"><span style=\"font-family: helvetica, sans-serif; font-size: 14pt;\">As\u00ed lo inform\u00f3 el gerente regional del Inces, Geldrit Roca, quien calific\u00f3 como fruct\u00edferos los encuentros que se han venido desarrollando en la entidad, con una masiva asistencia entre contadores, administradores, empresarios, entidades de trabajo p\u00fablicas y privadas, que conocieron a detalle normativas y reglamentos vigentes sobre los compromisos tributarios. <\/span><\/p>\n<p align=\"justify\"><span style=\"font-family: helvetica, sans-serif; font-size: 14pt;\">Destac\u00f3 que est\u00e1 oportunidad, la actividad de orientaci\u00f3n se desarroll\u00f3 en el Colegio de Contadores, con sede en la ciudad de El Vig\u00eda, donde se atendieron casos muy particulares y se orient\u00f3 a las entidades de trabajo en el manejo del sistema de Registro Nacional de Contribuciones Parafiscales (RNCP) del Inces.<\/span><\/p>\n<p align=\"justify\"><img loading=\"lazy\" decoding=\"async\" class=\"aligncenter wp-image-46556 size-full\" src=\"https:\/\/inces.gob.ve\/wp-content\/uploads\/2022\/09\/TRIBUTOS-VIGIA-1-1-e1664294197462.jpg\" alt=\"\" width=\"800\" height=\"600\" \/><\/p>\n<p align=\"justify\"><span style=\"font-family: helvetica, sans-serif; font-size: 14pt;\">Tambi\u00e9n explic\u00f3 sobre los art\u00edculos de la Ley del Inces que tratan sobre las contribuciones parafiscales, que nacen con el fin de coadyuvar, contribuir y ayudar a la consecuci\u00f3n de nuestros fines formativos. \u201cComo todos sabemos, nuestra instituci\u00f3n est\u00e1 creada para la formaci\u00f3n y autoformaci\u00f3n colectiva integral, continua y permanente de todos los trabajadores y trabajadoras del pa\u00eds\u201d, indic\u00f3. <\/span><\/p>\n<p align=\"justify\"><span style=\"font-family: helvetica, sans-serif; font-size: 14pt;\">Por su parte, Nathaly Blanco Morales, responsable de La Unidad Estadal de Administraci\u00f3n Tributaria, invit\u00f3 a las empresas p\u00fablicas y privadas a ingresar v\u00eda online, a trav\u00e9s del portal\u00a0<a href=\"http:\/\/www.inces.gob.ve\/\" target=\"_blank\" rel=\"noopener\">www.inces.gob.ve<\/a> (RNCP) d\u00f3nde adem\u00e1s de registrarse, encontrar\u00e1 informaci\u00f3n correspondiente a las contribuciones parafiscales. <\/span><\/p>\n<p align=\"justify\"><span style=\"font-size: 14pt;\">\u201c<span style=\"font-family: helvetica, sans-serif;\">Todas las entidades de trabajo del sector p\u00fablico y privado deber\u00e1n, en un plazo de 45 d\u00edas h\u00e1biles, registrarse en el portal web de la instituci\u00f3n, donde adem\u00e1s, podr\u00e1 actualizar datos, declarar y reportar los pagos por concepto de aportes en l\u00ednea, para la emisi\u00f3n de una posterior solvencia electr\u00f3nica\u201d. Resalt\u00f3 Blanco. <\/span><\/span><\/p>\n<p align=\"justify\"><span style=\"font-family: helvetica, sans-serif; font-size: 14pt;\">En este sentido, la titular de la Unidad Estadal de Administraci\u00f3n Tributaria, hizo un llamado a las entidades de trabajo, a evitar sanciones, estar atentos a las visitas de verificaci\u00f3n de los deberes formales que se estar\u00e1n desarrollando de manera permanente, al mismo tiempo que ratific\u00f3, que los tr\u00e1mites ante el Inces, son totalmente gratuitos.<\/span><\/p>\n<\/div>\n<p>&nbsp;<\/p>\n","protected":false},"excerpt":{"rendered":"<p>** En un trabajo conjunto, tambi\u00e9n participaron: IVSS, Mintras, y Colegio de Contadores n\u00facleo El Vig\u00eda<\/p>\n","protected":false},"author":15,"featured_media":46557,"comment_status":"closed","ping_status":"closed","sticky":false,"template":"","format":"standard","meta":{"footnotes":""},"categories":[2],"tags":[],"class_list":["post-46555","post","type-post","status-publish","format-standard","has-post-thumbnail","hentry","category-blog"],"_links":{"self":[{"href":"https:\/\/inces.gob.ve\/index.php\/wp-json\/wp\/v2\/posts\/46555","targetHints":{"allow":["GET"]}}],"collection":[{"href":"https:\/\/inces.gob.ve\/index.php\/wp-json\/wp\/v2\/posts"}],"about":[{"href":"https:\/\/inces.gob.ve\/index.php\/wp-json\/wp\/v2\/types\/post"}],"author":[{"embeddable":true,"href":"https:\/\/inces.gob.ve\/index.php\/wp-json\/wp\/v2\/users\/15"}],"replies":[{"embeddable":true,"href":"https:\/\/inces.gob.ve\/index.php\/wp-json\/wp\/v2\/comments?post=46555"}],"version-history":[{"count":2,"href":"https:\/\/inces.gob.ve\/index.php\/wp-json\/wp\/v2\/posts\/46555\/revisions"}],"predecessor-version":[{"id":46559,"href":"https:\/\/inces.gob.ve\/index.php\/wp-json\/wp\/v2\/posts\/46555\/revisions\/46559"}],"wp:featuredmedia":[{"embeddable":true,"href":"https:\/\/inces.gob.ve\/index.php\/wp-json\/wp\/v2\/media\/46557"}],"wp:attachment":[{"href":"https:\/\/inces.gob.ve\/index.php\/wp-json\/wp\/v2\/media?parent=46555"}],"wp:term":[{"taxonomy":"category","embeddable":true,"href":"https:\/\/inces.gob.ve\/index.php\/wp-json\/wp\/v2\/categories?post=46555"},{"taxonomy":"post_tag","embeddable":true,"href":"https:\/\/inces.gob.ve\/index.php\/wp-json\/wp\/v2\/tags?post=46555"}],"curies":[{"name":"wp","href":"https:\/\/api.w.org\/{rel}","templated":true}]}}