{"id":46610,"date":"2022-09-28T14:44:29","date_gmt":"2022-09-28T18:44:29","guid":{"rendered":"https:\/\/inces.gob.ve\/?p=46610"},"modified":"2022-09-28T14:47:32","modified_gmt":"2022-09-28T18:47:32","slug":"yaracuy-inces-participo-en-el-taller-la-formacion-del-facilitador-inces","status":"publish","type":"post","link":"https:\/\/inces.gob.ve\/index.php\/2022\/09\/28\/yaracuy-inces-participo-en-el-taller-la-formacion-del-facilitador-inces\/","title":{"rendered":"YARACUY | Inces particip\u00f3 en el taller \u201cLa Formaci\u00f3n del Facilitador Inces\u201d"},"content":{"rendered":"<p style=\"text-align: justify;\"><span style=\"font-family: helvetica, arial, sans-serif; font-size: 14pt;\"><strong><em>** La actividad se desarroll\u00f3 en el estado Falc\u00f3n<\/em><br \/>\n<\/strong><!--more--><\/span><\/p>\n<p>&nbsp;<\/p>\n<p style=\"text-align: justify;\"><span style=\"font-family: helvetica, arial, sans-serif; font-size: 14pt;\">YOLAICE VARGAS<\/span><\/p>\n<p style=\"text-align: justify;\"><span style=\"font-family: helvetica, arial, sans-serif; font-size: 14pt;\">Con el firme prop\u00f3sito de seguir avanzando hacia la formaci\u00f3n t\u00e9cnica profesional, el Instituto Nacional de Capacitaci\u00f3n y Educaci\u00f3n Socialista (Inces) desarroll\u00f3 el taller\u00a0 \u201cLa Formaci\u00f3n del Facilitador Inces para el Desarrollo de una Pertinente Educaci\u00f3n y Formaci\u00f3n T\u00e9cnica Productiva\u201d<\/span><\/p>\n<p style=\"text-align: justify;\"><span style=\"font-family: helvetica, arial, sans-serif; font-size: 14pt;\">El mismo se est\u00e1 llevando a cabo por Redi, en esta oportunidad correspondi\u00f3 a la Redi Occidente en donde participan los estados: Lara, Falc\u00f3n, Zulia y Yaracuy, dirigida a todo el personal Inces.<\/span><\/p>\n<p style=\"text-align: justify;\"><span style=\"font-family: helvetica, arial, sans-serif; font-size: 14pt;\">El jefe de la Divisi\u00f3n de Formaci\u00f3n Profesional del estado Yaracuy, Rafael Arias, inform\u00f3 que el taller se desarrolla por ejes tem\u00e1ticos, el primero de ellos: Conocer el modelo de desarrollo econ\u00f3mico productivo del pa\u00eds; los objetivos de desarrollo sustentable; Plan de la Patria 2019-2025 y la Agenda econ\u00f3mica Bolivariana.<\/span><\/p>\n<p><img loading=\"lazy\" decoding=\"async\" class=\"aligncenter wp-image-46611 size-full\" src=\"https:\/\/inces.gob.ve\/wp-content\/uploads\/2022\/09\/Formacion-del-Facilitador-Inces1--e1664390555683.jpg\" alt=\"\" width=\"800\" height=\"360\" \/><\/p>\n<p style=\"text-align: justify;\"><span style=\"font-family: helvetica, arial, sans-serif; font-size: 14pt;\">En tal sentido manifest\u00f3 que el objetivo del taller es buscar las herramientas y emplear estrategias de como el Inces, a trav\u00e9s de la formaci\u00f3n, puede tributar en dichos aspectos para el desarrollo econ\u00f3mico del pa\u00eds.<\/span><\/p>\n<p style=\"text-align: justify;\"><span style=\"font-family: helvetica, arial, sans-serif; font-size: 14pt;\">De igual modo manifest\u00f3 que el segundo eje tem\u00e1tico est\u00e1 direccionado a la ida hacia el subsistema de formaci\u00f3n y educaci\u00f3n t\u00e9cnica productiva, el estudio de las l\u00edneas estrat\u00e9gicas del Inces 2022 y la transformaci\u00f3n necesaria de la instituci\u00f3n a trav\u00e9s de la matriz program\u00e1tica, desde donde se desprende la nueva transformaci\u00f3n curricular.<\/span><\/p>\n<p style=\"text-align: justify;\"><span style=\"font-family: helvetica, arial, sans-serif; font-size: 14pt;\">Precis\u00f3 que se busca poder adaptar y contextualizar las formaciones que se adelantan en la actualidad, transformar las informaciones que se adecuen a la realidad que satisfagan las necesidades propias del participante, hac\u00eda una formaci\u00f3n que genere un hecho productivo.<\/span><\/p>\n<p><img loading=\"lazy\" decoding=\"async\" class=\"aligncenter wp-image-46612 size-full\" src=\"https:\/\/inces.gob.ve\/wp-content\/uploads\/2022\/09\/Formacion-del-Facilitador-Inces-2--e1664390594840.jpg\" alt=\"\" width=\"800\" height=\"394\" \/><\/p>\n<p style=\"text-align: justify;\"><span style=\"font-family: helvetica, arial, sans-serif; font-size: 14pt;\">Para finalizar Arias asegur\u00f3 que toda la informaci\u00f3n obtenida en el taller ser\u00e1 replicada al resto del personal que labora en el Inces Yaracuy.<\/span><\/p>\n","protected":false},"excerpt":{"rendered":"<p>** La actividad se desarroll\u00f3 en el estado Falc\u00f3n<\/p>\n","protected":false},"author":15,"featured_media":46613,"comment_status":"closed","ping_status":"closed","sticky":false,"template":"","format":"standard","meta":{"footnotes":""},"categories":[2],"tags":[],"class_list":["post-46610","post","type-post","status-publish","format-standard","has-post-thumbnail","hentry","category-blog"],"_links":{"self":[{"href":"https:\/\/inces.gob.ve\/index.php\/wp-json\/wp\/v2\/posts\/46610","targetHints":{"allow":["GET"]}}],"collection":[{"href":"https:\/\/inces.gob.ve\/index.php\/wp-json\/wp\/v2\/posts"}],"about":[{"href":"https:\/\/inces.gob.ve\/index.php\/wp-json\/wp\/v2\/types\/post"}],"author":[{"embeddable":true,"href":"https:\/\/inces.gob.ve\/index.php\/wp-json\/wp\/v2\/users\/15"}],"replies":[{"embeddable":true,"href":"https:\/\/inces.gob.ve\/index.php\/wp-json\/wp\/v2\/comments?post=46610"}],"version-history":[{"count":3,"href":"https:\/\/inces.gob.ve\/index.php\/wp-json\/wp\/v2\/posts\/46610\/revisions"}],"predecessor-version":[{"id":46616,"href":"https:\/\/inces.gob.ve\/index.php\/wp-json\/wp\/v2\/posts\/46610\/revisions\/46616"}],"wp:featuredmedia":[{"embeddable":true,"href":"https:\/\/inces.gob.ve\/index.php\/wp-json\/wp\/v2\/media\/46613"}],"wp:attachment":[{"href":"https:\/\/inces.gob.ve\/index.php\/wp-json\/wp\/v2\/media?parent=46610"}],"wp:term":[{"taxonomy":"category","embeddable":true,"href":"https:\/\/inces.gob.ve\/index.php\/wp-json\/wp\/v2\/categories?post=46610"},{"taxonomy":"post_tag","embeddable":true,"href":"https:\/\/inces.gob.ve\/index.php\/wp-json\/wp\/v2\/tags?post=46610"}],"curies":[{"name":"wp","href":"https:\/\/api.w.org\/{rel}","templated":true}]}}