{"id":46656,"date":"2022-09-29T14:00:27","date_gmt":"2022-09-29T18:00:27","guid":{"rendered":"https:\/\/inces.gob.ve\/?p=46656"},"modified":"2022-09-29T16:11:30","modified_gmt":"2022-09-29T20:11:30","slug":"torcatty-definimos-las-acciones-necesarias-para-la-reactivacion-del-area-agricola-del-inces-cojedes","status":"publish","type":"post","link":"https:\/\/inces.gob.ve\/index.php\/2022\/09\/29\/torcatty-definimos-las-acciones-necesarias-para-la-reactivacion-del-area-agricola-del-inces-cojedes\/","title":{"rendered":"Torcatty: Definimos las acciones necesarias para la reactivaci\u00f3n del \u00e1rea agr\u00edcola del Inces Cojedes"},"content":{"rendered":"<p style=\"text-align: justify;\" align=\"center\"><span style=\"font-family: helvetica, arial, sans-serif; font-size: 14pt;\">** \u201c<i><b>Con el arranque de la nueva gerencia regional, el <\/b><\/i><i><b>P<\/b><\/i><i><b>rograma <\/b><\/i><i><b>A<\/b><\/i><i><b>gr\u00edcola del Inces Cojedes alcanzar\u00e1 importantes avances formativos y oficios calificados\u201d<\/b><\/i><\/span><!--more--><\/p>\n<p style=\"text-align: justify;\" align=\"justify\"><span style=\"font-family: helvetica, arial, sans-serif; font-size: 14pt;\">Desde la Gerencia Regional del Instituto Nacional de Capacitaci\u00f3n y Educaci\u00f3n Socialista (Inces) Cojedes, se impulsar\u00e1 nuevamente el Programa Agr\u00edcola, d\u00e1ndole continuidad e incorporando la formaci\u00f3n de Asistente de Veterinario, ocupaci\u00f3n productiva calificada de aprendices Inces y manejo de granjas integrales; con el objetivo de seguir capacitando de forma pr\u00e1ctica y t\u00e9cnica a todos aquellos participantes que se encuentran en formaci\u00f3n activa y a los que deseen formarse en las \u00e1reas t\u00e9cnicas de cuidado, protecci\u00f3n y alimentaci\u00f3n del ganao bovino, caprino y porcino.<\/span><\/p>\n<p style=\"text-align: justify;\" align=\"justify\"><span style=\"font-family: helvetica, arial, sans-serif; font-size: 14pt;\">La gerente regional, Dubravska Torcatty, expres\u00f3 que con el arranque de esta nueva gerencia, se est\u00e1n estableciendo enlaces institucionales para la reactivaci\u00f3n del \u00e1rea agr\u00edcola y a su vez mejorar la calidad formativa en el Centro de Formaci\u00f3n Socialista Jos\u00e9 Laurencio Silva, (CFS Agr\u00edcola) as\u00ed como otras \u00e1reas productivas.<\/span><\/p>\n<p align=\"justify\"><img loading=\"lazy\" decoding=\"async\" class=\"aligncenter wp-image-46659 size-full\" src=\"https:\/\/inces.gob.ve\/wp-content\/uploads\/2022\/09\/reactivacion-del-area-agricola-4--scaled-e1664474321352.jpg\" alt=\"\" width=\"800\" height=\"600\" \/><\/p>\n<p style=\"text-align: justify;\" align=\"justify\"><span style=\"font-family: helvetica, arial, sans-serif; font-size: 14pt;\">\u201cEstamos convencidos de que con dedicaci\u00f3n, constancia y gran esfuerzo, nuestro Programa Agr\u00edcola registrar\u00e1 importantes avances en la regi\u00f3n, una vez se logre el arranque y la reactivaci\u00f3n de todas las \u00e1reas productivas del CFS Jos\u00e9 Laurencio Silva, con el ideario robinsoniano, bolivariano y revolucionario de mejorar la calidad formativa del mismo y continuar las ense\u00f1anzas vigentes con correspondencias a lograr una rep\u00fablica justa y humanista que brinde el alcance de la suprema felicidad social\u201d <\/span><\/p>\n<p style=\"text-align: justify;\" align=\"justify\"><span style=\"font-family: helvetica, arial, sans-serif; font-size: 14pt;\">\u201cNuestro CFS Agr\u00edcola se levantar\u00e1 y volver\u00e1 a ser unos de los mejores centro educativos en Latinoam\u00e9rica, no solo por su excelente formaci\u00f3n calificada, sino tambi\u00e9n en lo productivo, mediante el arranque de proyectos de producci\u00f3n socialista que les permita a los participantes y a las comunidades organizadas formar empresas de producci\u00f3n social y unidades de producci\u00f3n familiar\u201d, explic\u00f3 Torcatty.<\/span><\/p>\n<p align=\"justify\">\ufffc<\/p>\n<p style=\"text-align: justify;\" align=\"justify\"><span style=\"font-family: helvetica, arial, sans-serif; font-size: 14pt;\">As\u00ed mismo el nuevo coordinador del Programa Agr\u00edcola en Inces Cojedes manifest\u00f3 que por medio de esta formaci\u00f3n obtendr\u00e1n conocimientos relacionados con el \u00e1rea de asistente veterinario como: control de vacunas, nutrici\u00f3n animal (bloques alimenticios) para rumiantes, bovino, caprino, porcino y alimento concentrado para la dieta de peque\u00f1as mascotas gatos, perros. Precis\u00f3 que cada participante obtendr\u00e1 toda la preparaci\u00f3n necesaria para brindar mejor calidad a sus mascotas y animales de producci\u00f3n.<\/span><\/p>\n<p style=\"text-align: justify;\" align=\"justify\"><span style=\"font-family: helvetica, arial, sans-serif; font-size: 14pt;\">Finalmente la gerente regional, hizo un llamado a la poblaci\u00f3n cojede\u00f1a a que se acerque a aprender estas nuevas formaciones que les brinda el Inces Cojedes y a su vez contribuir con la protecci\u00f3n animal.<\/span><\/p>\n","protected":false},"excerpt":{"rendered":"<p>** \u201cCon el arranque de la nueva gerencia regional, el Programa Agr\u00edcola del Inces Cojedes alcanzar\u00e1 importantes avances formativos y oficios calificados\u201d<\/p>\n","protected":false},"author":15,"featured_media":46658,"comment_status":"closed","ping_status":"closed","sticky":false,"template":"","format":"standard","meta":{"footnotes":""},"categories":[2],"tags":[],"class_list":["post-46656","post","type-post","status-publish","format-standard","has-post-thumbnail","hentry","category-blog"],"_links":{"self":[{"href":"https:\/\/inces.gob.ve\/index.php\/wp-json\/wp\/v2\/posts\/46656","targetHints":{"allow":["GET"]}}],"collection":[{"href":"https:\/\/inces.gob.ve\/index.php\/wp-json\/wp\/v2\/posts"}],"about":[{"href":"https:\/\/inces.gob.ve\/index.php\/wp-json\/wp\/v2\/types\/post"}],"author":[{"embeddable":true,"href":"https:\/\/inces.gob.ve\/index.php\/wp-json\/wp\/v2\/users\/15"}],"replies":[{"embeddable":true,"href":"https:\/\/inces.gob.ve\/index.php\/wp-json\/wp\/v2\/comments?post=46656"}],"version-history":[{"count":2,"href":"https:\/\/inces.gob.ve\/index.php\/wp-json\/wp\/v2\/posts\/46656\/revisions"}],"predecessor-version":[{"id":46695,"href":"https:\/\/inces.gob.ve\/index.php\/wp-json\/wp\/v2\/posts\/46656\/revisions\/46695"}],"wp:featuredmedia":[{"embeddable":true,"href":"https:\/\/inces.gob.ve\/index.php\/wp-json\/wp\/v2\/media\/46658"}],"wp:attachment":[{"href":"https:\/\/inces.gob.ve\/index.php\/wp-json\/wp\/v2\/media?parent=46656"}],"wp:term":[{"taxonomy":"category","embeddable":true,"href":"https:\/\/inces.gob.ve\/index.php\/wp-json\/wp\/v2\/categories?post=46656"},{"taxonomy":"post_tag","embeddable":true,"href":"https:\/\/inces.gob.ve\/index.php\/wp-json\/wp\/v2\/tags?post=46656"}],"curies":[{"name":"wp","href":"https:\/\/api.w.org\/{rel}","templated":true}]}}