{"id":46783,"date":"2022-10-03T12:42:12","date_gmt":"2022-10-03T16:42:12","guid":{"rendered":"https:\/\/inces.gob.ve\/?p=46783"},"modified":"2022-10-04T13:08:33","modified_gmt":"2022-10-04T17:08:33","slug":"con-villancicos-y-gaitas-el-inces-dio-la-bienvenida-a-la-navidad","status":"publish","type":"post","link":"https:\/\/inces.gob.ve\/index.php\/2022\/10\/03\/con-villancicos-y-gaitas-el-inces-dio-la-bienvenida-a-la-navidad\/","title":{"rendered":"Con villancicos y gaitas el Inces dio la bienvenida a la Navidad"},"content":{"rendered":"<p style=\"text-align: justify;\"><span style=\"font-size: 14pt; font-family: helvetica, arial, sans-serif;\"><em><strong>** Este s\u00e1bado 1 de octubre, como anunci\u00f3 el presidente <a href=\"https:\/\/twitter.com\/NicolasMaduro\">Nicol\u00e1s Maduro Moros<\/a>, iniciaron las celebraciones decembrinas en toda Venezuela<\/strong> <\/em><br \/>\n<\/span><!--more--><\/p>\n<p style=\"text-align: justify;\"><span style=\"font-size: 14pt;\"><strong>DIMAS P\u00c1EZ<\/strong><\/span><\/p>\n<p style=\"text-align: justify;\"><span style=\"font-size: 14pt; font-family: helvetica, arial, sans-serif;\">\u00a0La coral \u201cRa\u00fal Delgado Mar\u00edn\u201d\u00a0 dio la bienvenida a la Navidad cantando villancicos, aguinaldos y gaitas, una actividad organizada por las Gerencias Generales de Cultura, Deporte, Recreaci\u00f3n y Participaci\u00f3n Comunal, Talento Humanos y Comunicaci\u00f3n y RR.II.<\/span><\/p>\n<p><img loading=\"lazy\" decoding=\"async\" class=\"aligncenter wp-image-46810 size-full\" src=\"https:\/\/inces.gob.ve\/wp-content\/uploads\/2022\/10\/NAVIDAD-000-2-scaled-e1664903257273.jpg\" alt=\"\" width=\"800\" height=\"603\" \/><\/p>\n<p style=\"text-align: justify;\"><span style=\"font-size: 14pt; font-family: helvetica, arial, sans-serif;\">El \u00a0repertorio incluy\u00f3 aguinaldos, gaitas y villancicos tradicionales como Ni\u00f1o Lindo, Canta El Gallo, Ni\u00f1o Hermoso, Al llegar aqu\u00ed, Luna decembrina entre otras.<\/span><\/p>\n<p style=\"text-align: justify;\"><img loading=\"lazy\" decoding=\"async\" class=\"aligncenter wp-image-46784 size-full\" src=\"https:\/\/inces.gob.ve\/wp-content\/uploads\/2022\/10\/MG_6274-1-scaled-e1664898075512.jpg\" alt=\"\" width=\"800\" height=\"533\" \/><\/p>\n<p style=\"text-align: justify;\"><span style=\"font-size: 14pt; font-family: helvetica, arial, sans-serif;\">Los trabajadores activos, as\u00ed como el personal jubilado, disfrutaron de este bello momento aplaudiendo, bailando y coreando las melod\u00edas interpretadas por la coral, as\u00ed mismo los asistentes pudieron degustar un exquisito pan de jam\u00f3n, acompa\u00f1ado del infaltable \u00a0papel\u00f3n con lim\u00f3n.\u00a0<\/span><\/p>\n","protected":false},"excerpt":{"rendered":"<p>** Este s\u00e1bado 1 de octubre, como anunci\u00f3 el presidente Nicol\u00e1s Maduro Moros, iniciaron las celebraciones decembrinas en toda Venezuela<\/p>\n","protected":false},"author":4,"featured_media":46805,"comment_status":"closed","ping_status":"closed","sticky":false,"template":"","format":"standard","meta":{"footnotes":""},"categories":[2],"tags":[],"class_list":["post-46783","post","type-post","status-publish","format-standard","has-post-thumbnail","hentry","category-blog"],"_links":{"self":[{"href":"https:\/\/inces.gob.ve\/index.php\/wp-json\/wp\/v2\/posts\/46783","targetHints":{"allow":["GET"]}}],"collection":[{"href":"https:\/\/inces.gob.ve\/index.php\/wp-json\/wp\/v2\/posts"}],"about":[{"href":"https:\/\/inces.gob.ve\/index.php\/wp-json\/wp\/v2\/types\/post"}],"author":[{"embeddable":true,"href":"https:\/\/inces.gob.ve\/index.php\/wp-json\/wp\/v2\/users\/4"}],"replies":[{"embeddable":true,"href":"https:\/\/inces.gob.ve\/index.php\/wp-json\/wp\/v2\/comments?post=46783"}],"version-history":[{"count":7,"href":"https:\/\/inces.gob.ve\/index.php\/wp-json\/wp\/v2\/posts\/46783\/revisions"}],"predecessor-version":[{"id":46812,"href":"https:\/\/inces.gob.ve\/index.php\/wp-json\/wp\/v2\/posts\/46783\/revisions\/46812"}],"wp:featuredmedia":[{"embeddable":true,"href":"https:\/\/inces.gob.ve\/index.php\/wp-json\/wp\/v2\/media\/46805"}],"wp:attachment":[{"href":"https:\/\/inces.gob.ve\/index.php\/wp-json\/wp\/v2\/media?parent=46783"}],"wp:term":[{"taxonomy":"category","embeddable":true,"href":"https:\/\/inces.gob.ve\/index.php\/wp-json\/wp\/v2\/categories?post=46783"},{"taxonomy":"post_tag","embeddable":true,"href":"https:\/\/inces.gob.ve\/index.php\/wp-json\/wp\/v2\/tags?post=46783"}],"curies":[{"name":"wp","href":"https:\/\/api.w.org\/{rel}","templated":true}]}}