{"id":46849,"date":"2022-10-04T22:33:01","date_gmt":"2022-10-05T02:33:01","guid":{"rendered":"https:\/\/inces.gob.ve\/?p=46849"},"modified":"2022-10-04T22:33:01","modified_gmt":"2022-10-05T02:33:01","slug":"guarico-el-inces-regresa-a-clases-con-una-verdadera-fiesta","status":"publish","type":"post","link":"https:\/\/inces.gob.ve\/index.php\/2022\/10\/04\/guarico-el-inces-regresa-a-clases-con-una-verdadera-fiesta\/","title":{"rendered":"GU\u00c1RICO | El Inces regresa a clases con una verdadera fiesta"},"content":{"rendered":"<div dir=\"ltr\">\n<div dir=\"ltr\">\n<p style=\"text-align: justify;\"><span style=\"font-family: helvetica, arial, sans-serif; font-size: 14pt;\"><em><strong>**Con mucha alegr\u00eda y entusiasmo se dio inicio al nuevo a\u00f1o escolar 2022-2023<\/strong><\/em><\/span><\/p>\n<\/div>\n<\/div>\n<p><span style=\"font-family: helvetica, arial, sans-serif; font-size: 14pt;\"><!--more--><\/span><\/p>\n<p>&nbsp;<\/p>\n<p><span style=\"font-family: helvetica, arial, sans-serif; font-size: 14pt;\"><strong>YAMILEX APONTE<\/strong><\/span><\/p>\n<p><span style=\"font-family: helvetica, arial, sans-serif; font-size: 14pt;\">Como se ten\u00eda previsto y c<span lang=\"es-ES\">umpliendo instrucciones del presidente de la Rep\u00fablica, Nicol\u00e1s Maduro y lineamientos de la Ministra del Poder Popular para la Educaci\u00f3n, Yelitze Santaella y Presidente de Inces, Wuikelman Angel Paredes, este lunes 03 de octubre <\/span>se llev\u00f3 a cabo en las instalaciones del Centro de Formaci\u00f3n Socialista el inicio de las actividades enmarcadas en el nuevo a\u00f1o escolar.<\/span><\/p>\n<p>&nbsp;<\/p>\n<p><span style=\"font-family: helvetica, arial, sans-serif; font-size: 14pt;\">La misma se inici\u00f3 con una socializaci\u00f3n a cargo de la Coordinadora de Bachillerato Productivo Licenciada Eglis D\u00edaz, quien hizo una reflexi\u00f3n a los participantes sobre lo que es el Inces, el bachillerato con un perfil productivo laboral y los exhort\u00f3 a aprovechar la oportunidad de continuar form\u00e1ndose. De igual forma, hizo uso de la palabra la Jefa de Centro, Liuna Ruiz, quien agradeci\u00f3 a los participantes que decidieron continuar su formaci\u00f3n en \u00e9sta instituci\u00f3n. Se presentaron cada uno de los facilitadores responsables del proceso de ense\u00f1anza-aprendizaje del nuevo a\u00f1o escolar. Seguidamente se realiz\u00f3 una bailoterapia, dirigida por el profesor Gabriel Santiago.<\/span><\/p>\n<p>&nbsp;<\/p>\n<p><span style=\"font-family: helvetica, arial, sans-serif; font-size: 14pt;\">Por su parte, la gerente regional Mar\u00eda Arisela Medina, expres\u00f3 \u201cBajo la bendici\u00f3n de Dios, iniciamos este caminar en familia, valorando la cercan\u00eda y la uni\u00f3n. Hoy estamos aqu\u00ed, con j\u00fabilo y alegr\u00eda para darle la m\u00e1s cordial bienvenida al A\u00f1o Escolar 2022-2023. Gracias por creer y confiar en Inces, y les invito a saber, indagar qu\u00e9 es Inces, su misi\u00f3n, su visi\u00f3n, ya que es importante saber donde estamos, porque y para qu\u00e9\u00bb.<\/span><\/p>\n<p>&nbsp;<\/p>\n<p><span style=\"font-family: helvetica, arial, sans-serif; font-size: 14pt;\">Tambi\u00e9n estuvo presente en esta fiesta escolar la Supervisora del Circuito 1 \u201cEzequiel Zamora\u201d Nigaudy Reyes, quien expres\u00f3 a los estudiantes, que aprovechen m\u00e1s all\u00e1 de la oportunidad de obtener el t\u00edtulo de bachiller que ofrece Inces para ingresar a una universidad, que es formarse para producir.<\/span><\/p>\n<p>&nbsp;<\/p>\n<p align=\"justify\"><span style=\"font-family: helvetica, arial, sans-serif; font-size: 14pt;\">Acto seguido, se realiz\u00f3 un encuentro musical por parte de la agrupaci\u00f3n integrada por los aprendices del PNA, con su Parrand\u00f3n Navide\u00f1o, as\u00ed como la participaci\u00f3n de la representante de un Bachiller Productivo egresado de Inces y patrimonio cultural del estado, Maryuri Salcedo quien deleit\u00f3 a los presentes con su hermosa voz, algunos temas de la canta venezolana.<\/span><\/p>\n<p align=\"justify\">\n<p align=\"justify\"><span style=\"font-family: helvetica, arial, sans-serif; font-size: 14pt;\">El Inicio del Nuevo A\u00f1o Escolar 2022-2023, llama e invita al reencuentro, a la convivencia respetuosa y a seguir compartiendo experiencias de aprendizaje dentro de una formaci\u00f3n t\u00e9cnica profesional que permitan garantizar el proceso de transformaci\u00f3n que exige la patria y avanzar hacia el Renacer del Inces.<\/span><\/p>\n","protected":false},"excerpt":{"rendered":"<p>**Con mucha alegr\u00eda y entusiasmo se dio inicio al nuevo a\u00f1o escolar 2022-2023<\/p>\n","protected":false},"author":4,"featured_media":46850,"comment_status":"closed","ping_status":"closed","sticky":false,"template":"","format":"standard","meta":{"footnotes":""},"categories":[2],"tags":[],"class_list":["post-46849","post","type-post","status-publish","format-standard","has-post-thumbnail","hentry","category-blog"],"_links":{"self":[{"href":"https:\/\/inces.gob.ve\/index.php\/wp-json\/wp\/v2\/posts\/46849","targetHints":{"allow":["GET"]}}],"collection":[{"href":"https:\/\/inces.gob.ve\/index.php\/wp-json\/wp\/v2\/posts"}],"about":[{"href":"https:\/\/inces.gob.ve\/index.php\/wp-json\/wp\/v2\/types\/post"}],"author":[{"embeddable":true,"href":"https:\/\/inces.gob.ve\/index.php\/wp-json\/wp\/v2\/users\/4"}],"replies":[{"embeddable":true,"href":"https:\/\/inces.gob.ve\/index.php\/wp-json\/wp\/v2\/comments?post=46849"}],"version-history":[{"count":1,"href":"https:\/\/inces.gob.ve\/index.php\/wp-json\/wp\/v2\/posts\/46849\/revisions"}],"predecessor-version":[{"id":46851,"href":"https:\/\/inces.gob.ve\/index.php\/wp-json\/wp\/v2\/posts\/46849\/revisions\/46851"}],"wp:featuredmedia":[{"embeddable":true,"href":"https:\/\/inces.gob.ve\/index.php\/wp-json\/wp\/v2\/media\/46850"}],"wp:attachment":[{"href":"https:\/\/inces.gob.ve\/index.php\/wp-json\/wp\/v2\/media?parent=46849"}],"wp:term":[{"taxonomy":"category","embeddable":true,"href":"https:\/\/inces.gob.ve\/index.php\/wp-json\/wp\/v2\/categories?post=46849"},{"taxonomy":"post_tag","embeddable":true,"href":"https:\/\/inces.gob.ve\/index.php\/wp-json\/wp\/v2\/tags?post=46849"}],"curies":[{"name":"wp","href":"https:\/\/api.w.org\/{rel}","templated":true}]}}