{"id":46873,"date":"2022-10-06T13:05:14","date_gmt":"2022-10-06T17:05:14","guid":{"rendered":"https:\/\/inces.gob.ve\/?p=46873"},"modified":"2022-10-06T13:05:14","modified_gmt":"2022-10-06T17:05:14","slug":"merida-inces-presento-oferta-formacion-a-entidades-de-trabajo-en-el-vigia","status":"publish","type":"post","link":"https:\/\/inces.gob.ve\/index.php\/2022\/10\/06\/merida-inces-presento-oferta-formacion-a-entidades-de-trabajo-en-el-vigia\/","title":{"rendered":"M\u00c9RIDA| Inces present\u00f3 oferta formaci\u00f3n a entidades de trabajo en El Vig\u00eda"},"content":{"rendered":"<p style=\"text-align: justify;\"><span style=\"font-size: 14pt; font-family: helvetica, arial, sans-serif;\"><i>** El objetivo es atender, formar, caracterizar y acreditar a la clase trabajadora en sus espacios laborales<\/i><\/span><!--more--><\/p>\n<p>&nbsp;<\/p>\n<p style=\"text-align: justify;\">\n<p style=\"text-align: justify;\"><span style=\"font-size: 14pt; font-family: helvetica, arial, sans-serif;\"><b>NADIA LOBO<\/b><\/span><\/p>\n<p style=\"text-align: justify;\"><span style=\"font-size: 14pt; font-family: helvetica, arial, sans-serif;\">Durante un despliegue integral en el municipio Alberto Adriani con la presencia de funcionarios del viceministerio para la Educaci\u00f3n y Liberaci\u00f3n Social del Trabajo, la Divisi\u00f3n de Formaci\u00f3n del Inces M\u00e9rida, a trav\u00e9s de la Unidad de Tecnolog\u00eda Educativa presentaron a la clase trabajadora, la oferta formativa para el \u00faltimo cuatrimestre del a\u00f1o 2022.<\/span><\/p>\n<p style=\"text-align: justify;\">\n<p style=\"text-align: justify;\"><span style=\"font-size: 14pt; font-family: helvetica, arial, sans-serif;\">As\u00ed lo inform\u00f3 el gerente regional del Inces-M\u00e9rida, Geldrit Roca, quien destac\u00f3 que \u00e9sta instituci\u00f3n forma parte de la mesa multidisciplinaria de formaci\u00f3n y autoformaci\u00f3n productiva en el estado Bolivariano de M\u00e9rida, que busca atender, formar, caracterizar y acreditar a la clase trabajadora en sus entidades de trabajo.<\/span><\/p>\n<p style=\"text-align: justify;\">\n<p style=\"text-align: justify;\"><span style=\"font-size: 14pt; font-family: helvetica, arial, sans-serif;\">Durante el recorrido se present\u00f3 el plan formativo a los trabajadores de las siguientes entidades de trabajo: Cormetur, Indulac, Pdvsa, Termoel\u00e9ctrica Don Luis Zambrano, entre otras que hacen vida en la entidad.<\/span><\/p>\n<p style=\"text-align: justify;\">\n<p style=\"text-align: justify;\"><span style=\"font-size: 14pt; font-family: helvetica, arial, sans-serif;\">Indic\u00f3 que adem\u00e1s de la\u00a0 acreditaci\u00f3n de saberes emp\u00edricos en ejercicio, el Inces busca promover\u00a0 los programas de formaci\u00f3n y autoformaci\u00f3n productiva (PFAP), en las entidades de trabajo que se visitan, con el objetivo de reconocer la innovaci\u00f3n, mejoramiento e inventos productivos que sean propios de la clase obrera, siguiendo las orientaciones del presidente Nicol\u00e1s Maduro.<\/span><\/p>\n<p style=\"text-align: justify;\">\n","protected":false},"excerpt":{"rendered":"<p>** El objetivo es atender, formar, caracterizar y acreditar a la clase trabajadora en sus espacios laborales<\/p>\n","protected":false},"author":4,"featured_media":46874,"comment_status":"closed","ping_status":"closed","sticky":false,"template":"","format":"standard","meta":{"footnotes":""},"categories":[2],"tags":[],"class_list":["post-46873","post","type-post","status-publish","format-standard","has-post-thumbnail","hentry","category-blog"],"_links":{"self":[{"href":"https:\/\/inces.gob.ve\/index.php\/wp-json\/wp\/v2\/posts\/46873","targetHints":{"allow":["GET"]}}],"collection":[{"href":"https:\/\/inces.gob.ve\/index.php\/wp-json\/wp\/v2\/posts"}],"about":[{"href":"https:\/\/inces.gob.ve\/index.php\/wp-json\/wp\/v2\/types\/post"}],"author":[{"embeddable":true,"href":"https:\/\/inces.gob.ve\/index.php\/wp-json\/wp\/v2\/users\/4"}],"replies":[{"embeddable":true,"href":"https:\/\/inces.gob.ve\/index.php\/wp-json\/wp\/v2\/comments?post=46873"}],"version-history":[{"count":2,"href":"https:\/\/inces.gob.ve\/index.php\/wp-json\/wp\/v2\/posts\/46873\/revisions"}],"predecessor-version":[{"id":46894,"href":"https:\/\/inces.gob.ve\/index.php\/wp-json\/wp\/v2\/posts\/46873\/revisions\/46894"}],"wp:featuredmedia":[{"embeddable":true,"href":"https:\/\/inces.gob.ve\/index.php\/wp-json\/wp\/v2\/media\/46874"}],"wp:attachment":[{"href":"https:\/\/inces.gob.ve\/index.php\/wp-json\/wp\/v2\/media?parent=46873"}],"wp:term":[{"taxonomy":"category","embeddable":true,"href":"https:\/\/inces.gob.ve\/index.php\/wp-json\/wp\/v2\/categories?post=46873"},{"taxonomy":"post_tag","embeddable":true,"href":"https:\/\/inces.gob.ve\/index.php\/wp-json\/wp\/v2\/tags?post=46873"}],"curies":[{"name":"wp","href":"https:\/\/api.w.org\/{rel}","templated":true}]}}