{"id":46878,"date":"2022-10-06T13:32:19","date_gmt":"2022-10-06T17:32:19","guid":{"rendered":"https:\/\/inces.gob.ve\/?p=46878"},"modified":"2022-10-06T13:32:19","modified_gmt":"2022-10-06T17:32:19","slug":"yaracuy-inces-articula-trabajo-con-la-mision-robert-serra","status":"publish","type":"post","link":"https:\/\/inces.gob.ve\/index.php\/2022\/10\/06\/yaracuy-inces-articula-trabajo-con-la-mision-robert-serra\/","title":{"rendered":"YARACUY | Inces articula trabajo con la Misi\u00f3n Robert Serra"},"content":{"rendered":"<p style=\"text-align: justify;\"><em><span style=\"font-size: 14pt; font-family: helvetica, arial, sans-serif;\"><b>** La casa formativa certifica a j\u00f3venes emprendedores del municipio San Felipe<\/b><\/span><\/em><!--more--><\/p>\n<p>&nbsp;<\/p>\n<p style=\"text-align: justify;\"><span style=\"font-size: 14pt; font-family: helvetica, arial, sans-serif;\"><b>YOLAICE VARGAS<\/b><\/span><\/p>\n<p style=\"text-align: justify;\"><span style=\"font-size: 14pt; font-family: helvetica, arial, sans-serif;\">\u00a0Como parte del trabajo articulado que realiza el Instituto Nacional de Capacitaci\u00f3n y Educaci\u00f3n (Inces) con la Misi\u00f3n Robert Serra, en el estado Yaracuy, se cumpli\u00f3 de manera exitosa la jornada de certificaci\u00f3n de saberes por experiencia a j\u00f3venes emprendedores del municipio San Felipe.\u00a0<\/span><\/p>\n<p>&nbsp;<\/p>\n<p style=\"text-align: justify;\"><span style=\"font-size: 14pt; font-family: helvetica, arial, sans-serif;\">El Centro de Formaci\u00f3n Socialista (CFS) San Felipe El Fuerte, fue el escenario para que los participantes mostraran sus conocimientos en las ocupacines manicure y ensamblado de calzado, ante el personal del Inces encargado de validar la certificaci\u00f3n.\u00a0<\/span><\/p>\n<p>&nbsp;<\/p>\n<p style=\"text-align: justify;\"><span style=\"font-size: 14pt; font-family: helvetica, arial, sans-serif;\">El jefe del CFS \u201cManuel Cede\u00f1o\u201d indic\u00f3 que con esta nueva certificaci\u00f3n de saberes se contin\u00faa dando respuesta a la acreditaci\u00f3n de oficios productivos por experiencia, reconociendo la trayectoria emp\u00edrica que poseen en las diferentes \u00e1reas.<\/span><\/p>\n<p>&nbsp;<\/p>\n<p style=\"text-align: justify;\"><span style=\"font-size: 14pt; font-family: helvetica, arial, sans-serif;\">Explic\u00f3 que la metodolog\u00eda utilizada para corroborar el conocimiento de cada uno de los participantes, es la aplicaci\u00f3n de un instrumento te\u00f3rico-pr\u00e1ctico en donde deben responder a las interrogantes expuestas as\u00ed como mostrar el proceso de elaboraci\u00f3n del producto o servicio.\u00a0<\/span><\/p>\n<p>&nbsp;<\/p>\n<p style=\"text-align: justify;\"><span style=\"font-size: 14pt; font-family: helvetica, arial, sans-serif;\">Por su parte el director regional de la Misi\u00f3n Robert Serra, en el estado Yaracuy, Junior Traviezo, manifest\u00f3 que el Inces les brinda apoyo en cuanto al tema de certificaci\u00f3n de saberes en la escuela de liderazgo de emprendimiento productivo.\u00a0<\/span><\/p>\n<p>&nbsp;<\/p>\n<p style=\"text-align: justify;\"><span style=\"font-size: 14pt; font-family: helvetica, arial, sans-serif;\">Se\u00f1al\u00f3 que en otras jornadas se han realizado certificaciones en barber\u00eda, reposter\u00eda, manicure, pedicure, panader\u00eda, enfatiz\u00f3 que la intenci\u00f3n es integrar a los j\u00f3venes a la realizaci\u00f3n de un oficio productivo, en aras de generar fuentes de empleo y de ingresos propios, que a la vez contribuyen al desarrollo econ\u00f3mico del estado y del pa\u00eds.\u00a0<\/span><\/p>\n<p>&nbsp;<\/p>\n<p style=\"text-align: justify;\"><span style=\"font-size: 14pt; font-family: helvetica, arial, sans-serif;\"><b>Experiencia \u00fanica<\/b><\/span><\/p>\n<p style=\"text-align: justify;\"><span style=\"font-size: 14pt; font-family: helvetica, arial, sans-serif;\">Es importante destacar que la acreditaci\u00f3n en el \u00e1rea de ensamblado de calzado es una experiencia \u00fanica en el estado Yaracuy, el joven\u00a0 Wilson Jos\u00e9 Garc\u00eda, residenciado en la comunidad de Las tapias, municipio San Felipe, cont\u00f3 el proceso mostrando paso a paso c\u00f3mo se arma el calzado, bien sea deportivo o sandalias.<\/span><\/p>\n<p>&nbsp;<\/p>\n<p style=\"text-align: justify;\"><span style=\"font-size: 14pt; font-family: helvetica, arial, sans-serif;\">Indic\u00f3 que los materiales son de calidad y que todo el trabajo lo realiza de manera artesanal, no posee maquinaria industrial para tal fin.<\/span><\/p>\n","protected":false},"excerpt":{"rendered":"<p>** La casa formativa certifica a j\u00f3venes emprendedores del municipio San Felipe<\/p>\n","protected":false},"author":4,"featured_media":46879,"comment_status":"closed","ping_status":"closed","sticky":false,"template":"","format":"standard","meta":{"footnotes":""},"categories":[2],"tags":[],"class_list":["post-46878","post","type-post","status-publish","format-standard","has-post-thumbnail","hentry","category-blog"],"_links":{"self":[{"href":"https:\/\/inces.gob.ve\/index.php\/wp-json\/wp\/v2\/posts\/46878","targetHints":{"allow":["GET"]}}],"collection":[{"href":"https:\/\/inces.gob.ve\/index.php\/wp-json\/wp\/v2\/posts"}],"about":[{"href":"https:\/\/inces.gob.ve\/index.php\/wp-json\/wp\/v2\/types\/post"}],"author":[{"embeddable":true,"href":"https:\/\/inces.gob.ve\/index.php\/wp-json\/wp\/v2\/users\/4"}],"replies":[{"embeddable":true,"href":"https:\/\/inces.gob.ve\/index.php\/wp-json\/wp\/v2\/comments?post=46878"}],"version-history":[{"count":1,"href":"https:\/\/inces.gob.ve\/index.php\/wp-json\/wp\/v2\/posts\/46878\/revisions"}],"predecessor-version":[{"id":46880,"href":"https:\/\/inces.gob.ve\/index.php\/wp-json\/wp\/v2\/posts\/46878\/revisions\/46880"}],"wp:featuredmedia":[{"embeddable":true,"href":"https:\/\/inces.gob.ve\/index.php\/wp-json\/wp\/v2\/media\/46879"}],"wp:attachment":[{"href":"https:\/\/inces.gob.ve\/index.php\/wp-json\/wp\/v2\/media?parent=46878"}],"wp:term":[{"taxonomy":"category","embeddable":true,"href":"https:\/\/inces.gob.ve\/index.php\/wp-json\/wp\/v2\/categories?post=46878"},{"taxonomy":"post_tag","embeddable":true,"href":"https:\/\/inces.gob.ve\/index.php\/wp-json\/wp\/v2\/tags?post=46878"}],"curies":[{"name":"wp","href":"https:\/\/api.w.org\/{rel}","templated":true}]}}