{"id":46887,"date":"2022-10-06T15:50:12","date_gmt":"2022-10-06T19:50:12","guid":{"rendered":"https:\/\/inces.gob.ve\/?p=46887"},"modified":"2022-10-06T16:04:18","modified_gmt":"2022-10-06T20:04:18","slug":"miranda-inces-inicio-proceso-de-acreditacion-y-certificacion-de-saberes-a-trabajadores-de-corpoelec","status":"publish","type":"post","link":"https:\/\/inces.gob.ve\/index.php\/2022\/10\/06\/miranda-inces-inicio-proceso-de-acreditacion-y-certificacion-de-saberes-a-trabajadores-de-corpoelec\/","title":{"rendered":"MIRANDA | Inces inici\u00f3 proceso de acreditaci\u00f3n y certificaci\u00f3n de saberes a trabajadores de Corpoelec"},"content":{"rendered":"<p align=\"justify\"><span style=\"font-family: helvetica, sans-serif;\"><span style=\"font-size: large;\">** Atender a los trabajadores que laboran en entidades de trabajo que ofrecen servicios p\u00fablicos es l\u00ednea estrat\u00e9gica del Inces<\/span><\/span><!--more--><\/p>\n<p align=\"justify\"><span style=\"font-family: helvetica, sans-serif;\"><span style=\"font-size: large;\">JEHINFRY AGUIAR <\/span><\/span><\/p>\n<p align=\"justify\"><span style=\"font-family: helvetica, sans-serif;\"><span style=\"font-size: large;\">El Instituto Nacional de Capacitaci\u00f3n y Educaci\u00f3n Socialista (Inces), en alianza\u00a0 con la Corporaci\u00f3n El\u00e9ctrica Nacional (Corpoelec), inici\u00f3 un proceso de certificaci\u00f3n dirigido a 60 trabajadores\u00a0 del Sistema El\u00e9ctrico Nacional (SEN), para acreditarlos como electricistas y motocarguista.<\/span><\/span><\/p>\n<p align=\"justify\"><img loading=\"lazy\" decoding=\"async\" class=\"aligncenter wp-image-46888 \" src=\"https:\/\/inces.gob.ve\/wp-content\/uploads\/2022\/10\/acreditacion-y-certificacion-1--1024x768.jpeg\" alt=\"\" width=\"767\" height=\"575\" srcset=\"https:\/\/inces.gob.ve\/wp-content\/uploads\/2022\/10\/acreditacion-y-certificacion-1--1024x768.jpeg 1024w, https:\/\/inces.gob.ve\/wp-content\/uploads\/2022\/10\/acreditacion-y-certificacion-1--300x225.jpeg 300w, https:\/\/inces.gob.ve\/wp-content\/uploads\/2022\/10\/acreditacion-y-certificacion-1--768x576.jpeg 768w, https:\/\/inces.gob.ve\/wp-content\/uploads\/2022\/10\/acreditacion-y-certificacion-1--136x102.jpeg 136w, https:\/\/inces.gob.ve\/wp-content\/uploads\/2022\/10\/acreditacion-y-certificacion-1-.jpeg 1080w\" sizes=\"auto, (max-width: 767px) 100vw, 767px\" \/><\/p>\n<p align=\"justify\"><span style=\"font-family: helvetica, sans-serif;\"><span style=\"font-size: large;\">En un primer avance del proceso se evaluar\u00e1n capacidades f\u00edsicas y pr\u00e1cticas, tales como el ascenso y descenso de postes, elevaciones e interruptores subterr\u00e1neos, lectura e interpretaci\u00f3n de planos, normas de seguridad, entre otras.\u00a0<\/span><\/span><\/p>\n<p align=\"justify\"><img loading=\"lazy\" decoding=\"async\" class=\"aligncenter wp-image-46890 size-full\" src=\"https:\/\/inces.gob.ve\/wp-content\/uploads\/2022\/10\/acreditacion-y-certificacion-3-.jpeg\" alt=\"\" width=\"492\" height=\"640\" srcset=\"https:\/\/inces.gob.ve\/wp-content\/uploads\/2022\/10\/acreditacion-y-certificacion-3-.jpeg 492w, https:\/\/inces.gob.ve\/wp-content\/uploads\/2022\/10\/acreditacion-y-certificacion-3--231x300.jpeg 231w\" sizes=\"auto, (max-width: 492px) 100vw, 492px\" \/><\/p>\n<p align=\"justify\"><span style=\"font-family: helvetica, sans-serif;\"><span style=\"font-size: large;\">La actividad se desarroll\u00f3 en los espacios del Centro de Servicios Guarenas- Guatire-Caucagua y de Planta Guarenas.<\/span><\/span><\/p>\n<p align=\"justify\"><span style=\"font-family: helvetica, sans-serif;\"><span style=\"font-size: large;\">Es importante destacar que esta acreditaci\u00f3n es un reconocimiento a la labor desempe\u00f1ada por el personal el\u00e9ctrico a lo largo de sus a\u00f1os de servicio en la empresa, y como parte de las acciones emprendidas para lograr la Venezuela potencia energ\u00e9tica.<img loading=\"lazy\" decoding=\"async\" class=\"aligncenter wp-image-46889 size-full\" src=\"https:\/\/inces.gob.ve\/wp-content\/uploads\/2022\/10\/acreditacion-y-certificacion-2--e1665085706685.jpeg\" alt=\"\" width=\"800\" height=\"600\" \/><\/span><\/span><\/p>\n","protected":false},"excerpt":{"rendered":"<p>** Atender a los trabajadores que laboran en entidades de trabajo que ofrecen servicios p\u00fablicos es l\u00ednea estrat\u00e9gica del Inces<\/p>\n","protected":false},"author":15,"featured_media":46891,"comment_status":"closed","ping_status":"closed","sticky":false,"template":"","format":"standard","meta":{"footnotes":""},"categories":[2],"tags":[],"class_list":["post-46887","post","type-post","status-publish","format-standard","has-post-thumbnail","hentry","category-blog"],"_links":{"self":[{"href":"https:\/\/inces.gob.ve\/index.php\/wp-json\/wp\/v2\/posts\/46887","targetHints":{"allow":["GET"]}}],"collection":[{"href":"https:\/\/inces.gob.ve\/index.php\/wp-json\/wp\/v2\/posts"}],"about":[{"href":"https:\/\/inces.gob.ve\/index.php\/wp-json\/wp\/v2\/types\/post"}],"author":[{"embeddable":true,"href":"https:\/\/inces.gob.ve\/index.php\/wp-json\/wp\/v2\/users\/15"}],"replies":[{"embeddable":true,"href":"https:\/\/inces.gob.ve\/index.php\/wp-json\/wp\/v2\/comments?post=46887"}],"version-history":[{"count":2,"href":"https:\/\/inces.gob.ve\/index.php\/wp-json\/wp\/v2\/posts\/46887\/revisions"}],"predecessor-version":[{"id":46893,"href":"https:\/\/inces.gob.ve\/index.php\/wp-json\/wp\/v2\/posts\/46887\/revisions\/46893"}],"wp:featuredmedia":[{"embeddable":true,"href":"https:\/\/inces.gob.ve\/index.php\/wp-json\/wp\/v2\/media\/46891"}],"wp:attachment":[{"href":"https:\/\/inces.gob.ve\/index.php\/wp-json\/wp\/v2\/media?parent=46887"}],"wp:term":[{"taxonomy":"category","embeddable":true,"href":"https:\/\/inces.gob.ve\/index.php\/wp-json\/wp\/v2\/categories?post=46887"},{"taxonomy":"post_tag","embeddable":true,"href":"https:\/\/inces.gob.ve\/index.php\/wp-json\/wp\/v2\/tags?post=46887"}],"curies":[{"name":"wp","href":"https:\/\/api.w.org\/{rel}","templated":true}]}}