{"id":46990,"date":"2022-10-13T01:31:24","date_gmt":"2022-10-13T05:31:24","guid":{"rendered":"https:\/\/inces.gob.ve\/?p=46990"},"modified":"2022-10-12T23:29:34","modified_gmt":"2022-10-13T03:29:34","slug":"delegacion-tecnica-de-belice-visitara-venezuela","status":"publish","type":"post","link":"https:\/\/inces.gob.ve\/index.php\/2022\/10\/13\/delegacion-tecnica-de-belice-visitara-venezuela\/","title":{"rendered":"Delegaci\u00f3n t\u00e9cnica de Belice visitar\u00e1 Venezuela"},"content":{"rendered":"<p class=\"western\" lang=\"es-ES\" style=\"text-align: justify;\" align=\"justify\"><span style=\"font-size: 14pt; font-family: helvetica, arial, sans-serif;\"><i><b>** El Inces y el CET intercambian saberes y herramientas en materia de educaci\u00f3n y formaci\u00f3n t\u00e9cnica profesional<\/b><\/i><!--more--><\/span><\/p>\n<p lang=\"es-ES\" style=\"text-align: justify;\" align=\"justify\">\n<p lang=\"es-ES\" align=\"justify\"><strong><span style=\"font-family: tahoma, arial, helvetica, sans-serif; font-size: 14pt;\">LONGINA TOVAR<\/span><\/strong><\/p>\n<p class=\"western\" lang=\"es-ES\" style=\"text-align: justify;\" align=\"justify\"><span style=\"font-size: 14pt; font-family: helvetica, arial, sans-serif;\">Venezuela recibir\u00e1 este viernes 14 de octubre a una importante delegaci\u00f3n belice\u00f1a, en aras de firmar un memorando de entendimiento que persigue fortalecer los mecanismos de cooperaci\u00f3n en <span style=\"color: #000000;\">materia de educaci\u00f3n y formaci\u00f3n t\u00e9cnica profesional (EFTP).<\/span><\/span><\/p>\n<p lang=\"es-ES\" align=\"justify\">\n<p class=\"western\" lang=\"es-ES\" style=\"text-align: justify;\" align=\"justify\"><span style=\"font-size: 14pt; font-family: helvetica, arial, sans-serif;\"><span style=\"color: #000000;\">Las instituciones involucradas son, por Venezuela, el Instituto Nacional de Capacitaci\u00f3n y Educaci\u00f3n Socialista (Inces) y por Belice, el Centro de Capacitaci\u00f3n para el Empleo de Cayo (CET); representados por el viceministro de Comunidades Educativas y Uni\u00f3n con el pueblo, Wuikelman Angel y el presidente del CET, Orlando Espat, respectivamente.<\/span><\/span><\/p>\n<p lang=\"es-ES\" align=\"justify\">\n<p class=\"western\" lang=\"es-ES\" style=\"text-align: justify;\" align=\"justify\"><span style=\"font-size: 14pt; font-family: helvetica, arial, sans-serif;\"><span style=\"color: #000000;\">La agenda contempla un amplio recorrido por los centros de formaci\u00f3n del Inces, ubicados en la Zona Metropolitana de Caracas, incluyendo la Escuela de Emprend<\/span><span style=\"color: #000000;\">ed<\/span><span style=\"color: #000000;\">ores, el taller de luter\u00eda y el Caf\u00e9 Galer\u00eda Wad\u00e4ka.<\/span><\/span><\/p>\n<p lang=\"es-ES\" align=\"justify\">\n<p class=\"western\" lang=\"es-ES\" style=\"text-align: justify;\" align=\"justify\"><span style=\"font-size: 14pt; font-family: helvetica, arial, sans-serif;\"><span style=\"color: #000000;\">La canciller\u00eda venezolana acompa\u00f1ar\u00e1 todas <\/span><span style=\"color: #000000;\">estas <\/span><span style=\"color: #000000;\">actividades <\/span><span style=\"color: #000000;\">por ser el <\/span><span style=\"color: #000000;\">ente promotor de <\/span><span style=\"color: #000000;\">la <\/span><span style=\"color: #000000;\">alianza establecida entre ambas naciones.<\/span><\/span><\/p>\n<p lang=\"es-ES\" align=\"justify\">\n<p class=\"western\" lang=\"es-ES\" style=\"text-align: justify;\" align=\"justify\"><span style=\"font-size: 14pt; font-family: helvetica, arial, sans-serif;\"><span style=\"color: #000000;\">El lunes 17 se espera realizar la firma del documento de cooperaci\u00f3n, si<\/span><span style=\"color: #000000;\">n<\/span><span style=\"color: #000000;\"> dejar de destacar que desde 2020 ya se vienen ejecutando acciones a favor del intercambio de conocimientos en las \u00e1reas textil y agr\u00edcola, siendo el caso que el pasado mes de marzo una primera corte de belice\u00f1os obtuvieron sus certificados Inces, con validez internacional.<\/span><\/span><\/p>\n","protected":false},"excerpt":{"rendered":"<p>** El Inces y el CET intercambian saberes y herramientas en materia de educaci\u00f3n y formaci\u00f3n t\u00e9cnica profesional<\/p>\n","protected":false},"author":4,"featured_media":0,"comment_status":"closed","ping_status":"closed","sticky":false,"template":"","format":"standard","meta":{"footnotes":""},"categories":[2],"tags":[],"class_list":["post-46990","post","type-post","status-publish","format-standard","hentry","category-blog"],"_links":{"self":[{"href":"https:\/\/inces.gob.ve\/index.php\/wp-json\/wp\/v2\/posts\/46990","targetHints":{"allow":["GET"]}}],"collection":[{"href":"https:\/\/inces.gob.ve\/index.php\/wp-json\/wp\/v2\/posts"}],"about":[{"href":"https:\/\/inces.gob.ve\/index.php\/wp-json\/wp\/v2\/types\/post"}],"author":[{"embeddable":true,"href":"https:\/\/inces.gob.ve\/index.php\/wp-json\/wp\/v2\/users\/4"}],"replies":[{"embeddable":true,"href":"https:\/\/inces.gob.ve\/index.php\/wp-json\/wp\/v2\/comments?post=46990"}],"version-history":[{"count":1,"href":"https:\/\/inces.gob.ve\/index.php\/wp-json\/wp\/v2\/posts\/46990\/revisions"}],"predecessor-version":[{"id":46991,"href":"https:\/\/inces.gob.ve\/index.php\/wp-json\/wp\/v2\/posts\/46990\/revisions\/46991"}],"wp:attachment":[{"href":"https:\/\/inces.gob.ve\/index.php\/wp-json\/wp\/v2\/media?parent=46990"}],"wp:term":[{"taxonomy":"category","embeddable":true,"href":"https:\/\/inces.gob.ve\/index.php\/wp-json\/wp\/v2\/categories?post=46990"},{"taxonomy":"post_tag","embeddable":true,"href":"https:\/\/inces.gob.ve\/index.php\/wp-json\/wp\/v2\/tags?post=46990"}],"curies":[{"name":"wp","href":"https:\/\/api.w.org\/{rel}","templated":true}]}}