{"id":46999,"date":"2022-10-13T01:14:26","date_gmt":"2022-10-13T05:14:26","guid":{"rendered":"https:\/\/inces.gob.ve\/?p=46999"},"modified":"2022-10-12T23:15:39","modified_gmt":"2022-10-13T03:15:39","slug":"zulia-de-la-teoria-a-la-accion-instalada-la-comision-de-construccion-curricular-del-inces-en-el-zulia","status":"publish","type":"post","link":"https:\/\/inces.gob.ve\/index.php\/2022\/10\/13\/zulia-de-la-teoria-a-la-accion-instalada-la-comision-de-construccion-curricular-del-inces-en-el-zulia\/","title":{"rendered":"ZULIA | \u00a1De la teor\u00eda a la acci\u00f3n! Instalada la Comisi\u00f3n de Construcci\u00f3n Curricular del Inces en el Zulia"},"content":{"rendered":"<p align=\"justify\"><span style=\"font-family: HELVETICA, sans-serif; font-size: 14pt;\"><i><b>** El Personal del instituto adelanta una serie de jornadas que buscan desarrollar un aporte rumbo al Nuevo Modelo que aplicar\u00e1 el Inces, en el 2023 y que se fortalece con la instalaci\u00f3n de una Comisi\u00f3n de Construcci\u00f3n Curricular<\/b><\/i><\/span><!--more--><\/p>\n<p align=\"justify\">\n<p align=\"justify\"><span style=\"font-family: HELVETICA, sans-serif; font-size: 14pt;\"><b>MARIANA ALBARR\u00c1N PASINI<\/b><\/span><\/p>\n<p align=\"justify\"><span style=\"font-family: HELVETICA, sans-serif; font-size: 14pt;\">Preparados para brindar una formaci\u00f3n a la vanguardia de las nuevas tendencias en el \u00e1rea tecnol\u00f3gica para ser \u00fatil a la sociedad venezolana, este lunes, el equipo del Instituto Nacional de Capacitaci\u00f3n y Educaci\u00f3n Socialista (Inces), en el Zulia, desarroll\u00f3 una jornada desde la sede de la Gerencia Regional, donde se instal\u00f3 la comisi\u00f3n de la Construcci\u00f3n Curricular, proceso de transformaci\u00f3n establecido dentro de las l\u00edneas estrat\u00e9gicas de la instituci\u00f3n y a la que convoc\u00f3 el viceministro de Comunidades Educativas y Uni\u00f3n con el Pueblo y presidente del ente, Wuikelman \u00c1ngel Paredes, para impactar en la forma de producir conocimiento.<\/span><\/p>\n<p align=\"justify\">\n<p align=\"justify\"><span style=\"font-family: HELVETICA, sans-serif; font-size: 14pt;\">Paredes se\u00f1al\u00f3: \u201cTrabajamos para superar el rentismo petrolero y potenciar un sistema econ\u00f3mico diversificado, desde la formaci\u00f3n t\u00e9cnica profesional, que se focaliza en la filosof\u00eda del pensamiento Robinsoniano de: Aprender Haciendo, que invita a un dialogo de saberes con el mundo del trabajo\u201d.<\/span><\/p>\n<p align=\"justify\">\n<p align=\"justify\"><span style=\"font-family: HELVETICA, sans-serif; font-size: 14pt;\">Al respecto, el gerente del Inces Zulia Jos\u00e9 Vicente Far\u00edas Echeverri indic\u00f3 en la instalaci\u00f3n de la comisi\u00f3n: \u201cSe busca ampliar la visi\u00f3n de trabajo con el objetivo de promover una transformaci\u00f3n profunda de la misi\u00f3n que se viene ejecutando hist\u00f3ricamente como instituci\u00f3n y otorgar la respuesta que demanda la poblaci\u00f3n y que esta se parezca a las realidades de los territorios, partiendo desde nuestra esencia que son las Normas T\u00e9cnicas Inces\u201d. <\/span><\/p>\n<p align=\"justify\">\n<p align=\"justify\"><span style=\"font-size: 14pt;\">\u201c<span style=\"font-family: HELVETICA, sans-serif;\">Estamos juntos en la refundaci\u00f3n del Inces, a trav\u00e9s de la transformaci\u00f3n de la malla curricular y tecnol\u00f3gica, produciendo conocimientos y reconociendo desde el territorio la educaci\u00f3n, el trabajo y la innovaci\u00f3n\u00bb asever\u00f3 el jefe de la Divisi\u00f3n de Formaci\u00f3n Profesional de la instituci\u00f3n en el Zulia, Mart\u00edn Melean. <\/span><\/span><\/p>\n<p align=\"justify\">\n<p align=\"justify\"><span style=\"font-family: HELVETICA, sans-serif;\"><span style=\"font-size: large;\"><span style=\"font-size: 14pt;\">Sin duda, en el Inces Zulia, buscamos \u00a1Ir de la teor\u00eda a la acci\u00f3n!, ya que adicional a la Comisi\u00f3n de la construcci\u00f3n Curricular, la Divisi\u00f3n de Formaci\u00f3n Profesional viene desarrollando con \u00e9xito una serie de jornadas en las diferentes subregiones del estado, con los trabajadores y trabajadoras, en un primer encuentro con la participaci\u00f3n de los CFS Metal Minero y San Francisco y en un segundo encuentro realizado en la Costa Oriental del Lago se unieron los centros de Cabimas, Los Puertos y Paraute, para discutir y desarrollar un \u00a0aporte, rumbo al Nuevo Modelo.<\/span> <\/span><\/span><\/p>\n","protected":false},"excerpt":{"rendered":"<p>** El Personal del instituto adelanta una serie de jornadas que buscan desarrollar un aporte rumbo al Nuevo Modelo que aplicar\u00e1 el Inces, en el 2023 y que se fortalece con la instalaci\u00f3n de una Comisi\u00f3n de Construcci\u00f3n Curricular<\/p>\n","protected":false},"author":4,"featured_media":47000,"comment_status":"closed","ping_status":"closed","sticky":false,"template":"","format":"standard","meta":{"footnotes":""},"categories":[2],"tags":[],"class_list":["post-46999","post","type-post","status-publish","format-standard","has-post-thumbnail","hentry","category-blog"],"_links":{"self":[{"href":"https:\/\/inces.gob.ve\/index.php\/wp-json\/wp\/v2\/posts\/46999","targetHints":{"allow":["GET"]}}],"collection":[{"href":"https:\/\/inces.gob.ve\/index.php\/wp-json\/wp\/v2\/posts"}],"about":[{"href":"https:\/\/inces.gob.ve\/index.php\/wp-json\/wp\/v2\/types\/post"}],"author":[{"embeddable":true,"href":"https:\/\/inces.gob.ve\/index.php\/wp-json\/wp\/v2\/users\/4"}],"replies":[{"embeddable":true,"href":"https:\/\/inces.gob.ve\/index.php\/wp-json\/wp\/v2\/comments?post=46999"}],"version-history":[{"count":1,"href":"https:\/\/inces.gob.ve\/index.php\/wp-json\/wp\/v2\/posts\/46999\/revisions"}],"predecessor-version":[{"id":47001,"href":"https:\/\/inces.gob.ve\/index.php\/wp-json\/wp\/v2\/posts\/46999\/revisions\/47001"}],"wp:featuredmedia":[{"embeddable":true,"href":"https:\/\/inces.gob.ve\/index.php\/wp-json\/wp\/v2\/media\/47000"}],"wp:attachment":[{"href":"https:\/\/inces.gob.ve\/index.php\/wp-json\/wp\/v2\/media?parent=46999"}],"wp:term":[{"taxonomy":"category","embeddable":true,"href":"https:\/\/inces.gob.ve\/index.php\/wp-json\/wp\/v2\/categories?post=46999"},{"taxonomy":"post_tag","embeddable":true,"href":"https:\/\/inces.gob.ve\/index.php\/wp-json\/wp\/v2\/tags?post=46999"}],"curies":[{"name":"wp","href":"https:\/\/api.w.org\/{rel}","templated":true}]}}