{"id":47051,"date":"2022-10-14T10:41:28","date_gmt":"2022-10-14T14:41:28","guid":{"rendered":"https:\/\/inces.gob.ve\/?p=47051"},"modified":"2022-10-14T13:47:28","modified_gmt":"2022-10-14T17:47:28","slug":"sucre-cfs-industria-realizo-acreditacion-de-saberes-empiricos","status":"publish","type":"post","link":"https:\/\/inces.gob.ve\/index.php\/2022\/10\/14\/sucre-cfs-industria-realizo-acreditacion-de-saberes-empiricos\/","title":{"rendered":"SUCRE | CFS Industria realiz\u00f3 acreditaci\u00f3n de saberes emp\u00edricos"},"content":{"rendered":"<p style=\"text-align: justify;\"><span style=\"font-family: helvetica, arial, sans-serif; font-size: 14pt;\"><em><strong>** La actividad se realiz\u00f3 v\u00eda Cuman\u00e1<\/strong><\/em><!--more--><\/span><\/p>\n<p>&nbsp;<\/p>\n<p style=\"text-align: justify;\"><span style=\"font-family: helvetica, arial, sans-serif; font-size: 14pt;\">Inces Sucre, a trav\u00e9s del Centro de Formaci\u00f3n Socialista Industria, realiz\u00f3 una jornada de acreditaci\u00f3n de saberes emp\u00edricos, en la Base de Misiones Esteban S\u00e1nchez, en San Fernando de Tataracual, v\u00eda Cuman\u00e1 Cumanacoa, del estado Sucre.<\/span><\/p>\n<p><span style=\"font-family: helvetica, arial, sans-serif; font-size: 14pt;\"><img loading=\"lazy\" decoding=\"async\" class=\"aligncenter wp-image-47052 \" src=\"https:\/\/inces.gob.ve\/wp-content\/uploads\/2022\/10\/acreditacion-de-saberes-empiricos1-.jpg\" alt=\"\" width=\"454\" height=\"605\" srcset=\"https:\/\/inces.gob.ve\/wp-content\/uploads\/2022\/10\/acreditacion-de-saberes-empiricos1-.jpg 780w, https:\/\/inces.gob.ve\/wp-content\/uploads\/2022\/10\/acreditacion-de-saberes-empiricos1--225x300.jpg 225w, https:\/\/inces.gob.ve\/wp-content\/uploads\/2022\/10\/acreditacion-de-saberes-empiricos1--768x1024.jpg 768w, https:\/\/inces.gob.ve\/wp-content\/uploads\/2022\/10\/acreditacion-de-saberes-empiricos1--576x768.jpg 576w\" sizes=\"auto, (max-width: 454px) 100vw, 454px\" \/><\/span><\/p>\n<p style=\"text-align: justify;\"><span style=\"font-family: helvetica, arial, sans-serif; font-size: 14pt;\">Esta actividad fue realizada en el Liceo Comandante Hugo Ch\u00e1vez Fr\u00eda donde fueron atendidos 19 Clap de ese municipio e Igualmente fue certificadoel personal obrero, administrativo y docente de esta instituci\u00f3n educativa.<\/span><\/p>\n<p><span style=\"font-family: helvetica, arial, sans-serif; font-size: 14pt;\"><img loading=\"lazy\" decoding=\"async\" class=\"aligncenter wp-image-47053 \" src=\"https:\/\/inces.gob.ve\/wp-content\/uploads\/2022\/10\/acreditacion-de-saberes-empiricos-2-.jpg\" alt=\"\" width=\"458\" height=\"610\" srcset=\"https:\/\/inces.gob.ve\/wp-content\/uploads\/2022\/10\/acreditacion-de-saberes-empiricos-2-.jpg 780w, https:\/\/inces.gob.ve\/wp-content\/uploads\/2022\/10\/acreditacion-de-saberes-empiricos-2--225x300.jpg 225w, https:\/\/inces.gob.ve\/wp-content\/uploads\/2022\/10\/acreditacion-de-saberes-empiricos-2--768x1024.jpg 768w, https:\/\/inces.gob.ve\/wp-content\/uploads\/2022\/10\/acreditacion-de-saberes-empiricos-2--576x768.jpg 576w\" sizes=\"auto, (max-width: 458px) 100vw, 458px\" \/><\/span><\/p>\n<p style=\"text-align: justify;\"><span style=\"font-family: helvetica, arial, sans-serif; font-size: 14pt;\">En la misma se abordaron los siguientes saberes: Cocina Dom\u00e9stica, Panader\u00eda, Reposter\u00eda, Corte y Costura, Agricultura, Mec\u00e1nica, Peluquer\u00eda, Barber\u00eda, entre otros.<\/span><\/p>\n<p><span style=\"font-family: helvetica, arial, sans-serif; font-size: 14pt;\"><img loading=\"lazy\" decoding=\"async\" class=\"aligncenter wp-image-47055 size-full\" src=\"https:\/\/inces.gob.ve\/wp-content\/uploads\/2022\/10\/acreditacion-de-saberes-empiricos-5--e1665758375850.jpg\" alt=\"\" width=\"800\" height=\"600\" \/><\/span><\/p>\n<p style=\"text-align: justify;\"><span style=\"font-family: helvetica, arial, sans-serif; font-size: 14pt;\">Nuestra instituci\u00f3n apoya estas actividades en el estado Sucre, as\u00ed mismo estamos dando cumplimiento a uno de los \u00e1mbitos de formaci\u00f3n, contribuyendo con el proceso formativo, desde el proceso social del trabajo y con la indecencia econ\u00f3mica y la construcci\u00f3n de una econom\u00eda diversificada.<\/span><\/p>\n<p style=\"text-align: justify;\"><span style=\"font-family: helvetica, arial, sans-serif; font-size: 14pt;\">ludos.<\/span><\/p>\n","protected":false},"excerpt":{"rendered":"<p>** La actividad se realiz\u00f3 v\u00eda Cuman\u00e1<\/p>\n","protected":false},"author":15,"featured_media":47054,"comment_status":"closed","ping_status":"closed","sticky":false,"template":"","format":"standard","meta":{"footnotes":""},"categories":[2],"tags":[],"class_list":["post-47051","post","type-post","status-publish","format-standard","has-post-thumbnail","hentry","category-blog"],"_links":{"self":[{"href":"https:\/\/inces.gob.ve\/index.php\/wp-json\/wp\/v2\/posts\/47051","targetHints":{"allow":["GET"]}}],"collection":[{"href":"https:\/\/inces.gob.ve\/index.php\/wp-json\/wp\/v2\/posts"}],"about":[{"href":"https:\/\/inces.gob.ve\/index.php\/wp-json\/wp\/v2\/types\/post"}],"author":[{"embeddable":true,"href":"https:\/\/inces.gob.ve\/index.php\/wp-json\/wp\/v2\/users\/15"}],"replies":[{"embeddable":true,"href":"https:\/\/inces.gob.ve\/index.php\/wp-json\/wp\/v2\/comments?post=47051"}],"version-history":[{"count":3,"href":"https:\/\/inces.gob.ve\/index.php\/wp-json\/wp\/v2\/posts\/47051\/revisions"}],"predecessor-version":[{"id":47092,"href":"https:\/\/inces.gob.ve\/index.php\/wp-json\/wp\/v2\/posts\/47051\/revisions\/47092"}],"wp:featuredmedia":[{"embeddable":true,"href":"https:\/\/inces.gob.ve\/index.php\/wp-json\/wp\/v2\/media\/47054"}],"wp:attachment":[{"href":"https:\/\/inces.gob.ve\/index.php\/wp-json\/wp\/v2\/media?parent=47051"}],"wp:term":[{"taxonomy":"category","embeddable":true,"href":"https:\/\/inces.gob.ve\/index.php\/wp-json\/wp\/v2\/categories?post=47051"},{"taxonomy":"post_tag","embeddable":true,"href":"https:\/\/inces.gob.ve\/index.php\/wp-json\/wp\/v2\/tags?post=47051"}],"curies":[{"name":"wp","href":"https:\/\/api.w.org\/{rel}","templated":true}]}}