{"id":47133,"date":"2022-10-05T21:45:35","date_gmt":"2022-10-06T01:45:35","guid":{"rendered":"https:\/\/inces.gob.ve\/?p=47133"},"modified":"2022-10-15T21:47:17","modified_gmt":"2022-10-16T01:47:17","slug":"amazonas-con-parranda-y-aguinaldos-inces-recibio-la-navidad","status":"publish","type":"post","link":"https:\/\/inces.gob.ve\/index.php\/2022\/10\/05\/amazonas-con-parranda-y-aguinaldos-inces-recibio-la-navidad\/","title":{"rendered":"AMAZONAS | Con parranda y aguinaldos Inces recibi\u00f3 la Navidad"},"content":{"rendered":"<p style=\"text-align: justify;\"><em><strong><span style=\"font-size: 14pt; font-family: helvetica, arial, sans-serif;\">** Con agrupaciones regionales iniciaron las festividades decembrinas<\/span><\/strong><\/em><!--more--><\/p>\n<p style=\"text-align: justify;\">\n<p style=\"text-align: justify;\"><span style=\"font-weight: 400; font-size: 14pt; font-family: helvetica, arial, sans-serif;\">Conforme a las orientaciones emanadas por el Ejecutivo Nacional y del presidente del Inces, Wuikelman Angel, los Centros de Formaci\u00f3n Socialista se engalanaron con la ambientaci\u00f3n navide\u00f1a para dar inicio a la temporada de alegr\u00eda y fraternidad, que justo coincidi\u00f3 con el inicio del a\u00f1o escolar 2022-2023 para los j\u00f3venes y adultos del Liceo Inces Amazonas.<\/span><\/p>\n<p>&nbsp;<\/p>\n<p style=\"text-align: justify;\"><span style=\"font-weight: 400; font-size: 14pt; font-family: helvetica, arial, sans-serif;\">En este sentido, la Gerencia Regional Amazonas comparti\u00f3 con los trabajadores e invitados emotivas palabras de uni\u00f3n y solidaridad, seguida de actividades de sano esparcimiento y una degustaci\u00f3n de los platos t\u00edpicos de la \u00e9poca. La jornada fue amenizada adem\u00e1s por el grupo musical Bar\u00e9 con parrandas, aguinaldos, villancicos y raspacanilla.<\/span><\/p>\n<p>&nbsp;<\/p>\n<p style=\"text-align: justify;\"><span style=\"font-weight: 400; font-size: 14pt; font-family: helvetica, arial, sans-serif;\">La actividad concluy\u00f3 con el encendido de luces navide\u00f1as para as\u00ed seguir recibiendo con armon\u00eda a los usuarios que cada d\u00eda acuden a la instituci\u00f3n.<\/span><\/p>\n<p style=\"text-align: justify;\">\n<p style=\"text-align: justify;\">\n<p style=\"text-align: justify;\">\n<p style=\"text-align: justify;\"><span style=\"font-weight: 400; font-size: 14pt; font-family: helvetica, arial, sans-serif;\">\u00a0<\/span><\/p>\n<p style=\"text-align: justify;\"><span style=\"font-weight: 400; font-size: 14pt; font-family: helvetica, arial, sans-serif;\">\u00a0<\/span><\/p>\n<p style=\"text-align: justify;\">\n","protected":false},"excerpt":{"rendered":"<p>** Con agrupaciones regionales iniciaron las festividades decembrinas<\/p>\n","protected":false},"author":4,"featured_media":47134,"comment_status":"closed","ping_status":"closed","sticky":false,"template":"","format":"standard","meta":{"footnotes":""},"categories":[2],"tags":[],"class_list":["post-47133","post","type-post","status-publish","format-standard","has-post-thumbnail","hentry","category-blog"],"_links":{"self":[{"href":"https:\/\/inces.gob.ve\/index.php\/wp-json\/wp\/v2\/posts\/47133","targetHints":{"allow":["GET"]}}],"collection":[{"href":"https:\/\/inces.gob.ve\/index.php\/wp-json\/wp\/v2\/posts"}],"about":[{"href":"https:\/\/inces.gob.ve\/index.php\/wp-json\/wp\/v2\/types\/post"}],"author":[{"embeddable":true,"href":"https:\/\/inces.gob.ve\/index.php\/wp-json\/wp\/v2\/users\/4"}],"replies":[{"embeddable":true,"href":"https:\/\/inces.gob.ve\/index.php\/wp-json\/wp\/v2\/comments?post=47133"}],"version-history":[{"count":1,"href":"https:\/\/inces.gob.ve\/index.php\/wp-json\/wp\/v2\/posts\/47133\/revisions"}],"predecessor-version":[{"id":47135,"href":"https:\/\/inces.gob.ve\/index.php\/wp-json\/wp\/v2\/posts\/47133\/revisions\/47135"}],"wp:featuredmedia":[{"embeddable":true,"href":"https:\/\/inces.gob.ve\/index.php\/wp-json\/wp\/v2\/media\/47134"}],"wp:attachment":[{"href":"https:\/\/inces.gob.ve\/index.php\/wp-json\/wp\/v2\/media?parent=47133"}],"wp:term":[{"taxonomy":"category","embeddable":true,"href":"https:\/\/inces.gob.ve\/index.php\/wp-json\/wp\/v2\/categories?post=47133"},{"taxonomy":"post_tag","embeddable":true,"href":"https:\/\/inces.gob.ve\/index.php\/wp-json\/wp\/v2\/tags?post=47133"}],"curies":[{"name":"wp","href":"https:\/\/api.w.org\/{rel}","templated":true}]}}