{"id":47198,"date":"2022-10-17T15:28:18","date_gmt":"2022-10-17T19:28:18","guid":{"rendered":"https:\/\/inces.gob.ve\/?p=47198"},"modified":"2022-10-18T14:52:48","modified_gmt":"2022-10-18T18:52:48","slug":"inces-y-cet-de-belice-firman-convenio-en-al-area-de-la-formacion-tecnica-profesional","status":"publish","type":"post","link":"https:\/\/inces.gob.ve\/index.php\/2022\/10\/17\/inces-y-cet-de-belice-firman-convenio-en-al-area-de-la-formacion-tecnica-profesional\/","title":{"rendered":"Inces y CET de Belice firman convenio en el \u00e1rea de formaci\u00f3n t\u00e9cnica profesional"},"content":{"rendered":"<div>\n<div class=\"nH\">\n<div class=\"nH\">\n<div class=\"nH aqk aql bkL\">\n<div class=\"nH bkK\">\n<div class=\"nH\">\n<div class=\"nH\">\n<div class=\"nH ar4 z\">\n<div class=\"aeI\">\n<div class=\"AO\">\n<div id=\":3\" class=\"Tm aeJ\">\n<div id=\":1\" class=\"aeF\">\n<div class=\"nH\">\n<div class=\"nH\" role=\"main\">\n<div class=\"nH g\">\n<p style=\"text-align: justify;\" align=\"center\"><span style=\"font-family: helvetica, arial, sans-serif; font-size: 14pt;\"><i>**<strong>El v\u00ednculo entre Belice y Venezuela se ha consolidado tras un conjunto de iniciativas de formaci\u00f3n auspiciadas por la embajada venezolana en ese pa\u00eds centroamericano en correspondencia con la pol\u00edtica de diplomacia de paz promovida por el presidente Nicol\u00e1s Maduro<\/strong><\/i><\/span><\/p>\n<\/div>\n<\/div>\n<\/div>\n<\/div>\n<\/div>\n<\/div>\n<\/div>\n<\/div>\n<\/div>\n<\/div>\n<\/div>\n<\/div>\n<\/div>\n<\/div>\n<\/div>\n<p style=\"text-align: justify;\"><span style=\"font-family: helvetica, arial, sans-serif; font-size: 14pt;\"><!--more--><\/span><\/p>\n<p style=\"text-align: justify;\" align=\"justify\"><span style=\"font-family: helvetica, arial, sans-serif; font-size: 14pt;\">Con el fin de consolidar un trabajo de relaciones e intercambio que se ha venido desarrollando durante m\u00e1s de un a\u00f1o en el \u00e1rea de la formaci\u00f3n profesional, el presidente del Inces Wuikelman Angel y el presidente del Centro de Capacitaci\u00f3n para el Empleo (CET) de Belice, Orlando Espat, firmaron un Memor\u00e1ndum de Entendimiento en evento desarrollado en la terraza del edificio Inces sede de la avenida Nueva Granada.<\/span><\/p>\n<p style=\"text-align: justify;\" align=\"justify\"><span style=\"font-family: helvetica, arial, sans-serif; font-size: 14pt;\">Este acuerdo institucional entre ambas instituciones se logr\u00f3 gracias al auspicio de la Embajada de la Rep\u00fablica Bolivariana de Venezuela en Belice a trav\u00e9s del embajador Gerardo Argotte como promotor de un conjunto de iniciativas en materia de la formaci\u00f3n t\u00e9cnica-vocacional y que se traduce en cursos y formaciones en diferentes \u00e1reas como, textil, agricultura, inform\u00e1tica, panader\u00eda y manipulaci\u00f3n de alimentos, entre otros.<\/span><\/p>\n<p align=\"justify\"><img loading=\"lazy\" decoding=\"async\" class=\"aligncenter wp-image-47204 size-large\" src=\"https:\/\/inces.gob.ve\/wp-content\/uploads\/2022\/10\/DSC_6303-1024x685.jpg\" alt=\"\" width=\"640\" height=\"428\" srcset=\"https:\/\/inces.gob.ve\/wp-content\/uploads\/2022\/10\/DSC_6303-1024x685.jpg 1024w, https:\/\/inces.gob.ve\/wp-content\/uploads\/2022\/10\/DSC_6303-300x201.jpg 300w, https:\/\/inces.gob.ve\/wp-content\/uploads\/2022\/10\/DSC_6303-768x514.jpg 768w, https:\/\/inces.gob.ve\/wp-content\/uploads\/2022\/10\/DSC_6303-1536x1028.jpg 1536w, https:\/\/inces.gob.ve\/wp-content\/uploads\/2022\/10\/DSC_6303-2048x1371.jpg 2048w, https:\/\/inces.gob.ve\/wp-content\/uploads\/2022\/10\/DSC_6303-272x182.jpg 272w\" sizes=\"auto, (max-width: 640px) 100vw, 640px\" \/><\/p>\n<p style=\"text-align: justify;\" align=\"justify\"><span style=\"font-family: helvetica, arial, sans-serif; font-size: 14pt;\">La actividad de firma cont\u00f3 con la presencia de importantes representantes de las instituciones educativas y formativas de Belice entre ellos, Orlando Espat, presidente del CET; asimismo, Edil\u00edcito Romero, gerente y Sol Banner, representante del CET; Elberth Jahmor oficial del Ministerio de Educaci\u00f3n de Belice.<\/span><\/p>\n<p align=\"justify\"><img loading=\"lazy\" decoding=\"async\" class=\"aligncenter wp-image-47202 size-large\" src=\"https:\/\/inces.gob.ve\/wp-content\/uploads\/2022\/10\/DSC_6315-1024x685.jpg\" alt=\"\" width=\"640\" height=\"428\" srcset=\"https:\/\/inces.gob.ve\/wp-content\/uploads\/2022\/10\/DSC_6315-1024x685.jpg 1024w, https:\/\/inces.gob.ve\/wp-content\/uploads\/2022\/10\/DSC_6315-300x201.jpg 300w, https:\/\/inces.gob.ve\/wp-content\/uploads\/2022\/10\/DSC_6315-768x514.jpg 768w, https:\/\/inces.gob.ve\/wp-content\/uploads\/2022\/10\/DSC_6315-1536x1028.jpg 1536w, https:\/\/inces.gob.ve\/wp-content\/uploads\/2022\/10\/DSC_6315-2048x1371.jpg 2048w, https:\/\/inces.gob.ve\/wp-content\/uploads\/2022\/10\/DSC_6315-272x182.jpg 272w\" sizes=\"auto, (max-width: 640px) 100vw, 640px\" \/><\/p>\n<p style=\"text-align: justify;\" align=\"justify\"><span style=\"font-family: helvetica, arial, sans-serif; font-size: 14pt;\">El embajador Argotte presente en el acto manifest\u00f3 que se trata de un acuerdo hist\u00f3rico que apunta a la consolidaci\u00f3n de un trabajo que se ha venido realizando desde hace m\u00e1s de un a\u00f1o en materia de formaci\u00f3n t\u00e9cnica-vocacional, \u201ctrabajo mediante el cual se estableci\u00f3 un mecanismo de formaci\u00f3n a distancia utilizando diferentes herramientas tecnol\u00f3gicas\u201d.<\/span><\/p>\n<p style=\"text-align: justify;\" align=\"justify\"><span style=\"font-family: helvetica, arial, sans-serif; font-size: 14pt;\">En ese sentido, el embajador inform\u00f3 que esta iniciativa logr\u00f3 la graduaci\u00f3n de m\u00e1s de 150 belice\u00f1os y belice\u00f1as en diferentes cursos como: construcci\u00f3n de semilleros, cultivo de hortalizas en ambientes urbanos, corte y costura, manejo de sistemas operativos Window (Power Point, Word, Excel), panader\u00eda, confecci\u00f3n de camisas y pantalones.<\/span><\/p>\n<p align=\"justify\"><img loading=\"lazy\" decoding=\"async\" class=\"aligncenter wp-image-47199 size-large\" src=\"https:\/\/inces.gob.ve\/wp-content\/uploads\/2022\/10\/DSC_6328-1024x685.jpg\" alt=\"\" width=\"640\" height=\"428\" srcset=\"https:\/\/inces.gob.ve\/wp-content\/uploads\/2022\/10\/DSC_6328-1024x685.jpg 1024w, https:\/\/inces.gob.ve\/wp-content\/uploads\/2022\/10\/DSC_6328-300x201.jpg 300w, https:\/\/inces.gob.ve\/wp-content\/uploads\/2022\/10\/DSC_6328-768x514.jpg 768w, https:\/\/inces.gob.ve\/wp-content\/uploads\/2022\/10\/DSC_6328-1536x1028.jpg 1536w, https:\/\/inces.gob.ve\/wp-content\/uploads\/2022\/10\/DSC_6328-2048x1371.jpg 2048w, https:\/\/inces.gob.ve\/wp-content\/uploads\/2022\/10\/DSC_6328-272x182.jpg 272w\" sizes=\"auto, (max-width: 640px) 100vw, 640px\" \/><\/p>\n<p style=\"text-align: justify;\" align=\"justify\"><span style=\"font-family: helvetica, arial, sans-serif; font-size: 14pt;\">Entretanto, el presidente del Inces se\u00f1al\u00f3 que la relaci\u00f3n entre el Inces y el CET, entre Venezuela y Belice, est\u00e1 basada en la multipolaridad, en la diplomacia de paz, en relaciones fundamentadas en el intercambio de experiencias. Por ello, con esta delegaci\u00f3n que nos visita nos hemos puesto a la orden para establecer una relaci\u00f3n de intercambio en la posibilidad de enviar maestros y maestras Inces a Belice.<\/span><\/p>\n<p style=\"text-align: justify;\" align=\"justify\"><span style=\"font-family: helvetica, arial, sans-serif; font-size: 14pt;\">\u201cPorque se trata de una relaci\u00f3n de hermandad, de solidaridad de los pueblos, una expresi\u00f3n concreta del amor de los pueblos latinoamericanos como enfoque chavista. Fue un empe\u00f1o del comandante Ch\u00e1vez de brindar lo mejor de nosotros a los pueblos del mundo. El inces es instrumento de ese enfoque por el cual estamos dispuestos a llevarlo a todos los rincones del mundo\u201d.<\/span><\/p>\n<p style=\"text-align: justify;\" align=\"justify\"><span style=\"font-family: helvetica, arial, sans-serif; font-size: 14pt;\">Agreg\u00f3 Angel que este tipo de intercambios habla bien del reconocimiento internacional a Venezuela, a la excelencia y al alto nivel para la formaci\u00f3n t\u00e9cnica-profesional que ofrece el Inces a los venezolanos y que es capaz de compartir con los pueblos del mundo. \u201cEn momento en el cual en el mundo suenan aires de guerra la Rep\u00fablica Bolivariana de Venezuela se constituye es un actor clave para la construcci\u00f3n de la paz en Am\u00e9rica latina y en el resto del mundo\u201d.<\/span><\/p>\n","protected":false},"excerpt":{"rendered":"<p>**El v\u00ednculo entre Belice y Venezuela se ha consolidado tras un conjunto de iniciativas de formaci\u00f3n auspiciadas por la embajada venezolana en ese pa\u00eds centroamericano en correspondencia con la pol\u00edtica de diplomacia de paz promovida por el presidente Nicol\u00e1s Maduro<\/p>\n","protected":false},"author":4,"featured_media":47203,"comment_status":"closed","ping_status":"closed","sticky":false,"template":"","format":"standard","meta":{"footnotes":""},"categories":[2],"tags":[],"class_list":["post-47198","post","type-post","status-publish","format-standard","has-post-thumbnail","hentry","category-blog"],"_links":{"self":[{"href":"https:\/\/inces.gob.ve\/index.php\/wp-json\/wp\/v2\/posts\/47198","targetHints":{"allow":["GET"]}}],"collection":[{"href":"https:\/\/inces.gob.ve\/index.php\/wp-json\/wp\/v2\/posts"}],"about":[{"href":"https:\/\/inces.gob.ve\/index.php\/wp-json\/wp\/v2\/types\/post"}],"author":[{"embeddable":true,"href":"https:\/\/inces.gob.ve\/index.php\/wp-json\/wp\/v2\/users\/4"}],"replies":[{"embeddable":true,"href":"https:\/\/inces.gob.ve\/index.php\/wp-json\/wp\/v2\/comments?post=47198"}],"version-history":[{"count":10,"href":"https:\/\/inces.gob.ve\/index.php\/wp-json\/wp\/v2\/posts\/47198\/revisions"}],"predecessor-version":[{"id":47236,"href":"https:\/\/inces.gob.ve\/index.php\/wp-json\/wp\/v2\/posts\/47198\/revisions\/47236"}],"wp:featuredmedia":[{"embeddable":true,"href":"https:\/\/inces.gob.ve\/index.php\/wp-json\/wp\/v2\/media\/47203"}],"wp:attachment":[{"href":"https:\/\/inces.gob.ve\/index.php\/wp-json\/wp\/v2\/media?parent=47198"}],"wp:term":[{"taxonomy":"category","embeddable":true,"href":"https:\/\/inces.gob.ve\/index.php\/wp-json\/wp\/v2\/categories?post=47198"},{"taxonomy":"post_tag","embeddable":true,"href":"https:\/\/inces.gob.ve\/index.php\/wp-json\/wp\/v2\/tags?post=47198"}],"curies":[{"name":"wp","href":"https:\/\/api.w.org\/{rel}","templated":true}]}}