{"id":47285,"date":"2022-10-19T21:57:40","date_gmt":"2022-10-20T01:57:40","guid":{"rendered":"https:\/\/inces.gob.ve\/?p=47285"},"modified":"2022-10-20T07:08:45","modified_gmt":"2022-10-20T11:08:45","slug":"el-inces-fue-escenario-para-la-poesia","status":"publish","type":"post","link":"https:\/\/inces.gob.ve\/index.php\/2022\/10\/19\/el-inces-fue-escenario-para-la-poesia\/","title":{"rendered":"El Inces fue escenario para la poes\u00eda"},"content":{"rendered":"<p style=\"text-align: justify;\"><span style=\"font-size: 14pt; font-family: helvetica, arial, sans-serif;\"><em><strong>** Trabajadores con sensibilidad art\u00edstica se unieron a la fiesta de la palabra hecha arte<\/strong><\/em><!--more--><\/span><\/p>\n<p><span style=\"font-family: helvetica, arial, sans-serif;\"><strong>PRENSA INCES<\/strong><\/span><\/p>\n<p style=\"text-align: justify;\"><span style=\"font-size: 14pt; font-family: helvetica, arial, sans-serif;\">El Instituto Nacional de Capacitaci\u00f3n y Educaci\u00f3n Socialista (Inces) tuvo el privilegio de albergar en sus espacios la edici\u00f3n n\u00famero 16 del Festival Internacional de Poes\u00eda, contando as\u00ed con la participaci\u00f3n de la poeta boliviana Sulma Montero y los connacionales Jos\u00e9 Quiaragua, David Mendoza Yamaui, Karelyn Buena\u00f1o y los trabajadores y poetas Inces Arturo Sosa Leal y Freddy Mart\u00ednez Luque.<\/span><\/p>\n<p>&nbsp;<\/p>\n<p style=\"text-align: justify;\"><span style=\"font-family: helvetica, arial, sans-serif;\"><img loading=\"lazy\" decoding=\"async\" class=\"aligncenter wp-image-47286 size-large\" src=\"https:\/\/inces.gob.ve\/wp-content\/uploads\/2022\/10\/DSC_6705-1024x685.jpg\" alt=\"\" width=\"640\" height=\"428\" srcset=\"https:\/\/inces.gob.ve\/wp-content\/uploads\/2022\/10\/DSC_6705-1024x685.jpg 1024w, https:\/\/inces.gob.ve\/wp-content\/uploads\/2022\/10\/DSC_6705-300x201.jpg 300w, https:\/\/inces.gob.ve\/wp-content\/uploads\/2022\/10\/DSC_6705-768x514.jpg 768w, https:\/\/inces.gob.ve\/wp-content\/uploads\/2022\/10\/DSC_6705-1536x1028.jpg 1536w, https:\/\/inces.gob.ve\/wp-content\/uploads\/2022\/10\/DSC_6705-2048x1371.jpg 2048w, https:\/\/inces.gob.ve\/wp-content\/uploads\/2022\/10\/DSC_6705-272x182.jpg 272w\" sizes=\"auto, (max-width: 640px) 100vw, 640px\" \/><\/span><\/p>\n<p>&nbsp;<\/p>\n<p style=\"text-align: justify;\"><span style=\"font-size: 14pt; font-family: helvetica, arial, sans-serif;\">El evento, celebrado en el auditorio del Inces de la avenida Nueva Granada, inici\u00f3 con la moderaci\u00f3n y posterior lectura de versos propios de Mart\u00ednez Luque.<\/span><\/p>\n<p>&nbsp;<\/p>\n<p><span style=\"font-family: helvetica, arial, sans-serif;\"><img loading=\"lazy\" decoding=\"async\" class=\"aligncenter wp-image-47290 size-large\" src=\"https:\/\/inces.gob.ve\/wp-content\/uploads\/2022\/10\/DSC_6672-1024x685.jpg\" alt=\"\" width=\"640\" height=\"428\" srcset=\"https:\/\/inces.gob.ve\/wp-content\/uploads\/2022\/10\/DSC_6672-1024x685.jpg 1024w, https:\/\/inces.gob.ve\/wp-content\/uploads\/2022\/10\/DSC_6672-300x201.jpg 300w, https:\/\/inces.gob.ve\/wp-content\/uploads\/2022\/10\/DSC_6672-768x514.jpg 768w, https:\/\/inces.gob.ve\/wp-content\/uploads\/2022\/10\/DSC_6672-1536x1028.jpg 1536w, https:\/\/inces.gob.ve\/wp-content\/uploads\/2022\/10\/DSC_6672-2048x1371.jpg 2048w, https:\/\/inces.gob.ve\/wp-content\/uploads\/2022\/10\/DSC_6672-272x182.jpg 272w\" sizes=\"auto, (max-width: 640px) 100vw, 640px\" \/><\/span><\/p>\n<p>&nbsp;<\/p>\n<p style=\"text-align: justify;\"><span style=\"font-size: 14pt; font-family: helvetica, arial, sans-serif;\">Los poetas invitados recitaron algunos de sus trabajos, mientras que jubilados y trabajadores Inces como Rafael Le\u00f3n (actual expositor de la galer\u00eda Wad\u00e4ka) y Edgard Delgado leyeron poes\u00eda de Garc\u00eda Lorca y coplas llaneras, respectivamente.<\/span><\/p>\n<p>&nbsp;<\/p>\n<p style=\"text-align: justify;\"><span style=\"font-size: 14pt; font-family: helvetica, arial, sans-serif;\">La actividad, organizada por la Gerencia General de Cultura, Deporte, Recreaci\u00f3n y Participaci\u00f3n Comunal, tuvo como objetivo llevar el arte de la palabra a trabajadores y comunidad del punto y c\u00edrculo.<\/span><\/p>\n<p style=\"text-align: justify;\"><span style=\"font-family: helvetica, arial, sans-serif;\"><img loading=\"lazy\" decoding=\"async\" class=\"aligncenter wp-image-47291 size-large\" src=\"https:\/\/inces.gob.ve\/wp-content\/uploads\/2022\/10\/DSC_6742-1024x685.jpg\" alt=\"\" width=\"640\" height=\"428\" srcset=\"https:\/\/inces.gob.ve\/wp-content\/uploads\/2022\/10\/DSC_6742-1024x685.jpg 1024w, https:\/\/inces.gob.ve\/wp-content\/uploads\/2022\/10\/DSC_6742-300x201.jpg 300w, https:\/\/inces.gob.ve\/wp-content\/uploads\/2022\/10\/DSC_6742-768x514.jpg 768w, https:\/\/inces.gob.ve\/wp-content\/uploads\/2022\/10\/DSC_6742-1536x1028.jpg 1536w, https:\/\/inces.gob.ve\/wp-content\/uploads\/2022\/10\/DSC_6742-2048x1371.jpg 2048w, https:\/\/inces.gob.ve\/wp-content\/uploads\/2022\/10\/DSC_6742-272x182.jpg 272w\" sizes=\"auto, (max-width: 640px) 100vw, 640px\" \/><\/span><\/p>\n<p>&nbsp;<\/p>\n<p style=\"text-align: justify;\"><span style=\"font-size: 14pt; font-family: helvetica, arial, sans-serif;\">Respecto a la participaci\u00f3n de la invitada internacional, Sulma Montero, Mart\u00ednez Luque exclam\u00f3: \u00abDebo reconocer que no la conoc\u00eda, pero despu\u00e9s de escucharla confieso que qued\u00e9 impactado, m\u00e1s que impactado abrumado. Es una gran poetisa, a\u00fan estoy conmovido tras haber escuchado la lectura de su poes\u00eda\u00bb.<\/span><\/p>\n<p style=\"text-align: justify;\">\n","protected":false},"excerpt":{"rendered":"<p>** Trabajadores con sensibilidad art\u00edstica se unieron a la fiesta de la palabra hecha arte<\/p>\n","protected":false},"author":4,"featured_media":47287,"comment_status":"closed","ping_status":"closed","sticky":false,"template":"","format":"standard","meta":{"footnotes":""},"categories":[2],"tags":[],"class_list":["post-47285","post","type-post","status-publish","format-standard","has-post-thumbnail","hentry","category-blog"],"_links":{"self":[{"href":"https:\/\/inces.gob.ve\/index.php\/wp-json\/wp\/v2\/posts\/47285","targetHints":{"allow":["GET"]}}],"collection":[{"href":"https:\/\/inces.gob.ve\/index.php\/wp-json\/wp\/v2\/posts"}],"about":[{"href":"https:\/\/inces.gob.ve\/index.php\/wp-json\/wp\/v2\/types\/post"}],"author":[{"embeddable":true,"href":"https:\/\/inces.gob.ve\/index.php\/wp-json\/wp\/v2\/users\/4"}],"replies":[{"embeddable":true,"href":"https:\/\/inces.gob.ve\/index.php\/wp-json\/wp\/v2\/comments?post=47285"}],"version-history":[{"count":2,"href":"https:\/\/inces.gob.ve\/index.php\/wp-json\/wp\/v2\/posts\/47285\/revisions"}],"predecessor-version":[{"id":47296,"href":"https:\/\/inces.gob.ve\/index.php\/wp-json\/wp\/v2\/posts\/47285\/revisions\/47296"}],"wp:featuredmedia":[{"embeddable":true,"href":"https:\/\/inces.gob.ve\/index.php\/wp-json\/wp\/v2\/media\/47287"}],"wp:attachment":[{"href":"https:\/\/inces.gob.ve\/index.php\/wp-json\/wp\/v2\/media?parent=47285"}],"wp:term":[{"taxonomy":"category","embeddable":true,"href":"https:\/\/inces.gob.ve\/index.php\/wp-json\/wp\/v2\/categories?post=47285"},{"taxonomy":"post_tag","embeddable":true,"href":"https:\/\/inces.gob.ve\/index.php\/wp-json\/wp\/v2\/tags?post=47285"}],"curies":[{"name":"wp","href":"https:\/\/api.w.org\/{rel}","templated":true}]}}