{"id":47293,"date":"2022-10-19T22:11:02","date_gmt":"2022-10-20T02:11:02","guid":{"rendered":"https:\/\/inces.gob.ve\/?p=47293"},"modified":"2022-10-20T15:52:55","modified_gmt":"2022-10-20T19:52:55","slug":"instituto-municipal-de-credito-popular-impartio-taller-a-grupo-de-emprendedore","status":"publish","type":"post","link":"https:\/\/inces.gob.ve\/index.php\/2022\/10\/19\/instituto-municipal-de-credito-popular-impartio-taller-a-grupo-de-emprendedore\/","title":{"rendered":"Instituto Municipal de Cr\u00e9dito Popular imparti\u00f3 taller a grupo de emprendedores"},"content":{"rendered":"<p style=\"text-align: justify;\" align=\"center\"><strong><span style=\"font-family: helvetica, arial, sans-serif; font-size: 14pt;\"><i>** Esta instituci\u00f3n para el cr\u00e9dito popular es un ente adscrito a la alcald\u00eda de Caracas dirigida por la alcaldesa Carmen Mel\u00e9ndez<\/i><\/span><\/strong><!--more--><\/p>\n<p style=\"text-align: left;\" align=\"center\"><span style=\"font-size: 14pt; font-family: helvetica, arial, sans-serif;\"><strong>FREDDY MART\u00cdNEZ<\/strong><\/span><\/p>\n<p style=\"text-align: justify;\" align=\"justify\"><span style=\"font-family: helvetica, arial, sans-serif; font-size: 14pt;\">Una inducci\u00f3n sobre c\u00f3mo solicitar y tramitar cr\u00e9ditos fue impartido por el Instituto Municipal de Cr\u00e9dito Popular (IMCP), a un grupo de participantes de la Escuela de Emprendedores Inces con la intensi\u00f3n de dar a conocer las bondades de este sistema de pr\u00e9stamo p\u00fablico a fin de que este este colectivo emprendedor pueda optar a posibles financiamientos.<\/span><\/p>\n<p align=\"justify\"><img loading=\"lazy\" decoding=\"async\" class=\"aligncenter wp-image-47303 size-full\" src=\"https:\/\/inces.gob.ve\/wp-content\/uploads\/2022\/10\/Credito-Popular-a-emprendedores-6--scaled-e1666287521387.jpg\" alt=\"\" width=\"800\" height=\"536\" srcset=\"https:\/\/inces.gob.ve\/wp-content\/uploads\/2022\/10\/Credito-Popular-a-emprendedores-6--scaled-e1666287521387.jpg 800w, https:\/\/inces.gob.ve\/wp-content\/uploads\/2022\/10\/Credito-Popular-a-emprendedores-6--scaled-e1666287521387-300x201.jpg 300w, https:\/\/inces.gob.ve\/wp-content\/uploads\/2022\/10\/Credito-Popular-a-emprendedores-6--scaled-e1666287521387-768x515.jpg 768w, https:\/\/inces.gob.ve\/wp-content\/uploads\/2022\/10\/Credito-Popular-a-emprendedores-6--scaled-e1666287521387-272x182.jpg 272w\" sizes=\"auto, (max-width: 800px) 100vw, 800px\" \/><\/p>\n<p style=\"text-align: justify;\" align=\"justify\"><span style=\"font-family: helvetica, arial, sans-serif; font-size: 14pt;\">El taller fue dirigido por Yoel Mendoza, gerente del IMCP y Luis Suniaga gerente de Operaciones de la misma entidad a un grupo aproximado de veinte emprendedores que asisten regularmente a los cursos de esta Escuela ubicada en el edificio anexo del Inces de la avenida Nueva Granada.<\/span><\/p>\n<p align=\"justify\"><img loading=\"lazy\" decoding=\"async\" class=\"aligncenter wp-image-47300 size-full\" src=\"https:\/\/inces.gob.ve\/wp-content\/uploads\/2022\/10\/Credito-Popular-a-emprendedores1--scaled-e1666287539774.jpg\" alt=\"\" width=\"800\" height=\"536\" srcset=\"https:\/\/inces.gob.ve\/wp-content\/uploads\/2022\/10\/Credito-Popular-a-emprendedores1--scaled-e1666287539774.jpg 800w, https:\/\/inces.gob.ve\/wp-content\/uploads\/2022\/10\/Credito-Popular-a-emprendedores1--scaled-e1666287539774-300x201.jpg 300w, https:\/\/inces.gob.ve\/wp-content\/uploads\/2022\/10\/Credito-Popular-a-emprendedores1--scaled-e1666287539774-768x515.jpg 768w, https:\/\/inces.gob.ve\/wp-content\/uploads\/2022\/10\/Credito-Popular-a-emprendedores1--scaled-e1666287539774-272x182.jpg 272w\" sizes=\"auto, (max-width: 800px) 100vw, 800px\" \/><\/p>\n<p style=\"text-align: justify;\" align=\"justify\"><span style=\"font-family: helvetica, arial, sans-serif; font-size: 14pt;\">Mendoza asumi\u00f3 la primera parte de la inducci\u00f3n explicando las distintas modalidades de cr\u00e9dito que ofrece esta instituci\u00f3n municipal, adem\u00e1s de ampliar la informaci\u00f3n sobre los requisitos que deben presentar los emprendedores.<\/span><\/p>\n<p style=\"text-align: justify;\" align=\"justify\"><span style=\"font-family: helvetica, arial, sans-serif; font-size: 14pt;\">El gerente inform\u00f3 que tales requisitos son: c\u00e9dula de identidad ampliada a 120, Rif vigente, constancia de residencia avalada por el Consejo Comunal o la publicada por el CNE, constancia de trabajo (en caso de ser asalariado), constancia de certificaci\u00f3n de ingreso emitida por un contador p\u00fablico (en caso de no ser asalariado), balance personal, dos referencias personales, referencias bancarias, estados de cuenta y planillas de solicitud.<img loading=\"lazy\" decoding=\"async\" class=\"aligncenter wp-image-47302 size-full\" src=\"https:\/\/inces.gob.ve\/wp-content\/uploads\/2022\/10\/Credito-Popular-a-emprendedores-4--scaled-e1666287574719.jpg\" alt=\"\" width=\"800\" height=\"536\" srcset=\"https:\/\/inces.gob.ve\/wp-content\/uploads\/2022\/10\/Credito-Popular-a-emprendedores-4--scaled-e1666287574719.jpg 800w, https:\/\/inces.gob.ve\/wp-content\/uploads\/2022\/10\/Credito-Popular-a-emprendedores-4--scaled-e1666287574719-300x201.jpg 300w, https:\/\/inces.gob.ve\/wp-content\/uploads\/2022\/10\/Credito-Popular-a-emprendedores-4--scaled-e1666287574719-768x515.jpg 768w, https:\/\/inces.gob.ve\/wp-content\/uploads\/2022\/10\/Credito-Popular-a-emprendedores-4--scaled-e1666287574719-272x182.jpg 272w\" sizes=\"auto, (max-width: 800px) 100vw, 800px\" \/><\/span><\/p>\n<p style=\"text-align: justify;\" align=\"justify\"><span style=\"font-family: helvetica, arial, sans-serif; font-size: 14pt;\">El IMCP atiende las 22 parroquias del municipio libertador articulado con algunos consejos comunales y organizaciones sociales, entidades que hacen las postulaciones del caso para los accesos a cr\u00e9ditos.<\/span><\/p>\n<p style=\"text-align: justify;\" align=\"justify\"><span style=\"font-family: helvetica, arial, sans-serif; font-size: 14pt;\">\u201cPara este a\u00f1o vamos en el orden de los 700 cr\u00e9ditos otorgados a ciudadanos que ya tienen un proceso formativo, como los emprendedores que vienen del Inces, de cuya voluntad solicitan apoyo crediticio o <\/span><span style=\"font-family: helvetica, arial, sans-serif; font-size: 14pt;\">el posible financiamiento que sirve para la adquisici\u00f3n de materias primas, de equipos y herramientas de trabajo o de otros insumos tan necesarios para que estos puedan desarrollar su negocio.<\/span><\/p>\n<p style=\"text-align: justify;\" align=\"justify\">\n","protected":false},"excerpt":{"rendered":"<p>** Esta instituci\u00f3n para el cr\u00e9dito popular es un ente adscrito a la alcald\u00eda de Caracas dirigida por la alcaldesa Carmen Mel\u00e9ndez<\/p>\n","protected":false},"author":4,"featured_media":47301,"comment_status":"closed","ping_status":"closed","sticky":false,"template":"","format":"standard","meta":{"footnotes":""},"categories":[2],"tags":[],"class_list":["post-47293","post","type-post","status-publish","format-standard","has-post-thumbnail","hentry","category-blog"],"_links":{"self":[{"href":"https:\/\/inces.gob.ve\/index.php\/wp-json\/wp\/v2\/posts\/47293","targetHints":{"allow":["GET"]}}],"collection":[{"href":"https:\/\/inces.gob.ve\/index.php\/wp-json\/wp\/v2\/posts"}],"about":[{"href":"https:\/\/inces.gob.ve\/index.php\/wp-json\/wp\/v2\/types\/post"}],"author":[{"embeddable":true,"href":"https:\/\/inces.gob.ve\/index.php\/wp-json\/wp\/v2\/users\/4"}],"replies":[{"embeddable":true,"href":"https:\/\/inces.gob.ve\/index.php\/wp-json\/wp\/v2\/comments?post=47293"}],"version-history":[{"count":6,"href":"https:\/\/inces.gob.ve\/index.php\/wp-json\/wp\/v2\/posts\/47293\/revisions"}],"predecessor-version":[{"id":47299,"href":"https:\/\/inces.gob.ve\/index.php\/wp-json\/wp\/v2\/posts\/47293\/revisions\/47299"}],"wp:featuredmedia":[{"embeddable":true,"href":"https:\/\/inces.gob.ve\/index.php\/wp-json\/wp\/v2\/media\/47301"}],"wp:attachment":[{"href":"https:\/\/inces.gob.ve\/index.php\/wp-json\/wp\/v2\/media?parent=47293"}],"wp:term":[{"taxonomy":"category","embeddable":true,"href":"https:\/\/inces.gob.ve\/index.php\/wp-json\/wp\/v2\/categories?post=47293"},{"taxonomy":"post_tag","embeddable":true,"href":"https:\/\/inces.gob.ve\/index.php\/wp-json\/wp\/v2\/tags?post=47293"}],"curies":[{"name":"wp","href":"https:\/\/api.w.org\/{rel}","templated":true}]}}