{"id":47315,"date":"2022-10-21T12:44:57","date_gmt":"2022-10-21T16:44:57","guid":{"rendered":"https:\/\/inces.gob.ve\/?p=47315"},"modified":"2022-10-21T12:45:14","modified_gmt":"2022-10-21T16:45:14","slug":"el-inces-se-lleno-de-musica-joropo-arte-y-cultura-con-sus-intercambios-culturales","status":"publish","type":"post","link":"https:\/\/inces.gob.ve\/index.php\/2022\/10\/21\/el-inces-se-lleno-de-musica-joropo-arte-y-cultura-con-sus-intercambios-culturales\/","title":{"rendered":"El Inces se llen\u00f2 de m\u00fasica, joropo, arte y cultura, con sus intercambios culturales"},"content":{"rendered":"<p align=\"justify\"><strong><span style=\"font-family: helvetica, sans-serif;\"><span style=\"font-size: large;\"><i>***Los g\u00e9neros musicales son el resultado de un largo proceso de intercambio, de aportes y desusos que se dan con la intervenci\u00f3n de sucesivas generaciones. En Venezuela hay diferentes ritmos musicaless<\/i><\/span><\/span><\/strong><!--more--><\/p>\n<p align=\"justify\"><span style=\"font-family: helvetica, sans-serif;\"><span style=\"font-size: large;\">PRENSA INCES <\/span><\/span><\/p>\n<p align=\"justify\"><span style=\"font-family: helvetica, sans-serif;\"><span style=\"font-size: large;\">Fotos: Rafael Urbina <\/span><\/span><\/p>\n<p align=\"justify\"><span style=\"font-family: helvetica, sans-serif;\"><span style=\"font-size: large;\">La Gerencia General de Cultura, Deporte, Recreaci\u00f3n y Participaci\u00f3n Comunal invit\u00f3 a toda la comunidad Inces\u00a0 y \u00a0vecinos de las zonas aleda\u00f1as al Caf\u00e9 Galer\u00eda Wad\u00e4ka, punto de encuentro, en el Edificio sede de la Av. Nueva Granada, al disfrut\u00e9 de una tarde extraordinaria llena de m\u00fasica de nuestro folklore venezolano donde se expusieron los grupos musicales Fusi\u00f3n Cham\u00e1n y Sol de Oro.<\/span><\/span><\/p>\n<p align=\"justify\"><span style=\"font-family: helvetica, sans-serif;\"><span style=\"font-size: large;\">Fusi\u00f3n Cham\u00e1n abri\u00f3 su repertorio musical con su integrante Kelvin Elia Aguinaldi de 6 a\u00f1os, interpretando La periquera del joropo, seguidamente hizo su aparici\u00f3n Kelvin Jos\u00e9 con las piezas Turpialito Caraque\u00f1o y Guayana m\u00eda, temas todos de su autor\u00eda, y la pieza Palmar\u00e9s de Calabozo, de J. Augusto Braca, para cerrar su presentaci\u00f3n con Gavil\u00e1n, de Benito Quiroz.<\/span><\/span><\/p>\n<p align=\"justify\"><img loading=\"lazy\" decoding=\"async\" class=\"aligncenter wp-image-47317 size-full\" src=\"https:\/\/inces.gob.ve\/wp-content\/uploads\/2022\/10\/intercambios-culturales-2--scaled-e1666370534162.jpg\" alt=\"\" width=\"800\" height=\"536\" srcset=\"https:\/\/inces.gob.ve\/wp-content\/uploads\/2022\/10\/intercambios-culturales-2--scaled-e1666370534162.jpg 800w, https:\/\/inces.gob.ve\/wp-content\/uploads\/2022\/10\/intercambios-culturales-2--scaled-e1666370534162-300x201.jpg 300w, https:\/\/inces.gob.ve\/wp-content\/uploads\/2022\/10\/intercambios-culturales-2--scaled-e1666370534162-768x515.jpg 768w, https:\/\/inces.gob.ve\/wp-content\/uploads\/2022\/10\/intercambios-culturales-2--scaled-e1666370534162-272x182.jpg 272w\" sizes=\"auto, (max-width: 800px) 100vw, 800px\" \/><\/p>\n<p align=\"justify\"><span style=\"font-family: helvetica, sans-serif;\"><span style=\"font-size: large;\">Sol de Oro en su presentaci\u00f3n afirm\u00f3 que cuentan con una selecci\u00f3n de m\u00fasica popular. Iniciaron su repertorio amplio bajo la direcci\u00f3n de Juan Chirinos.\u00a0 Llevan 20 a\u00f1os deleitando a su p\u00fablico e iniciaron con un pre\u00e1mbulo de la obra musical Fiesta en Elorza, de Eneas Perdomo, posteriormente Vestida de garza blanca, Una casita bella, Apure en un viaje, Glorioso pueblo oriental, Tumbos de gloria, ente otras; los encuentros musicales han permitido exaltar las creaciones, los valores y la identidad\u00a0 la m\u00fasica llanera.<\/span><\/span><\/p>\n<p align=\"justify\"><img loading=\"lazy\" decoding=\"async\" class=\"aligncenter wp-image-47316 size-full\" src=\"https:\/\/inces.gob.ve\/wp-content\/uploads\/2022\/10\/intercambios-culturales1--scaled-e1666370563718.jpg\" alt=\"\" width=\"800\" height=\"536\" srcset=\"https:\/\/inces.gob.ve\/wp-content\/uploads\/2022\/10\/intercambios-culturales1--scaled-e1666370563718.jpg 800w, https:\/\/inces.gob.ve\/wp-content\/uploads\/2022\/10\/intercambios-culturales1--scaled-e1666370563718-300x201.jpg 300w, https:\/\/inces.gob.ve\/wp-content\/uploads\/2022\/10\/intercambios-culturales1--scaled-e1666370563718-768x515.jpg 768w, https:\/\/inces.gob.ve\/wp-content\/uploads\/2022\/10\/intercambios-culturales1--scaled-e1666370563718-272x182.jpg 272w\" sizes=\"auto, (max-width: 800px) 100vw, 800px\" \/><\/p>\n<p align=\"justify\"><span style=\"font-family: helvetica, sans-serif;\"><span style=\"font-size: large;\">Por otra parte, las melod\u00edas llaneras son hechas partiendo de una de las expresiones m\u00e1s conocidas y difundidas a nivel nacional e internacional y como referencia del llanero, la m\u00fasica llanera, sus diversas tonalidades y mensajes recrean parte de la identidad y tipificaci\u00f3n el ancestral del criollo nato, de relacionarse con su entorno, sus costumbres.<\/span><\/span><\/p>\n<p align=\"justify\"><img loading=\"lazy\" decoding=\"async\" class=\"aligncenter wp-image-47318 size-full\" src=\"https:\/\/inces.gob.ve\/wp-content\/uploads\/2022\/10\/intercambios-culturales-4--scaled-e1666370611608.jpg\" alt=\"\" width=\"800\" height=\"536\" srcset=\"https:\/\/inces.gob.ve\/wp-content\/uploads\/2022\/10\/intercambios-culturales-4--scaled-e1666370611608.jpg 800w, https:\/\/inces.gob.ve\/wp-content\/uploads\/2022\/10\/intercambios-culturales-4--scaled-e1666370611608-300x201.jpg 300w, https:\/\/inces.gob.ve\/wp-content\/uploads\/2022\/10\/intercambios-culturales-4--scaled-e1666370611608-768x515.jpg 768w, https:\/\/inces.gob.ve\/wp-content\/uploads\/2022\/10\/intercambios-culturales-4--scaled-e1666370611608-272x182.jpg 272w\" sizes=\"auto, (max-width: 800px) 100vw, 800px\" \/><\/p>\n<p align=\"justify\"><span style=\"font-family: helvetica, sans-serif;\"><span style=\"font-size: large;\">Cabe destacar que\u00a0 este grupo hizo gala de su presentaci\u00f3n con nuestro \u00a0folklore, uno de los m\u00e1s ricos del mundo, al ser un pa\u00eds pluricultural y multi\u00e9tnico que se nutre de distintos elementos, los cuales a lo largo de la historia nacional se han mezclado para crear una amalgama de gustos y sonidos propios de nuestro pueblo.<\/span><\/span><\/p>\n","protected":false},"excerpt":{"rendered":"<p>***Los g\u00e9neros musicales son el resultado de un largo proceso de intercambio, de aportes y desusos que se dan con la intervenci\u00f3n de sucesivas generaciones. En Venezuela hay diferentes ritmos musicaless<\/p>\n","protected":false},"author":15,"featured_media":47319,"comment_status":"closed","ping_status":"closed","sticky":false,"template":"","format":"standard","meta":{"footnotes":""},"categories":[2],"tags":[],"class_list":["post-47315","post","type-post","status-publish","format-standard","has-post-thumbnail","hentry","category-blog"],"_links":{"self":[{"href":"https:\/\/inces.gob.ve\/index.php\/wp-json\/wp\/v2\/posts\/47315","targetHints":{"allow":["GET"]}}],"collection":[{"href":"https:\/\/inces.gob.ve\/index.php\/wp-json\/wp\/v2\/posts"}],"about":[{"href":"https:\/\/inces.gob.ve\/index.php\/wp-json\/wp\/v2\/types\/post"}],"author":[{"embeddable":true,"href":"https:\/\/inces.gob.ve\/index.php\/wp-json\/wp\/v2\/users\/15"}],"replies":[{"embeddable":true,"href":"https:\/\/inces.gob.ve\/index.php\/wp-json\/wp\/v2\/comments?post=47315"}],"version-history":[{"count":2,"href":"https:\/\/inces.gob.ve\/index.php\/wp-json\/wp\/v2\/posts\/47315\/revisions"}],"predecessor-version":[{"id":47321,"href":"https:\/\/inces.gob.ve\/index.php\/wp-json\/wp\/v2\/posts\/47315\/revisions\/47321"}],"wp:featuredmedia":[{"embeddable":true,"href":"https:\/\/inces.gob.ve\/index.php\/wp-json\/wp\/v2\/media\/47319"}],"wp:attachment":[{"href":"https:\/\/inces.gob.ve\/index.php\/wp-json\/wp\/v2\/media?parent=47315"}],"wp:term":[{"taxonomy":"category","embeddable":true,"href":"https:\/\/inces.gob.ve\/index.php\/wp-json\/wp\/v2\/categories?post=47315"},{"taxonomy":"post_tag","embeddable":true,"href":"https:\/\/inces.gob.ve\/index.php\/wp-json\/wp\/v2\/tags?post=47315"}],"curies":[{"name":"wp","href":"https:\/\/api.w.org\/{rel}","templated":true}]}}