{"id":47327,"date":"2022-10-21T13:06:34","date_gmt":"2022-10-21T17:06:34","guid":{"rendered":"https:\/\/inces.gob.ve\/?p=47327"},"modified":"2022-10-21T13:06:39","modified_gmt":"2022-10-21T17:06:39","slug":"apure-inces-finalizo-la-formacion-de-desarrollo-organizacional-en-el-municipio-pedro-camejo","status":"publish","type":"post","link":"https:\/\/inces.gob.ve\/index.php\/2022\/10\/21\/apure-inces-finalizo-la-formacion-de-desarrollo-organizacional-en-el-municipio-pedro-camejo\/","title":{"rendered":"APURE | Inces finaliz\u00f3 la formaci\u00f3n de Desarrollo Organizacional en el municipio Pedro Camejo"},"content":{"rendered":"<p style=\"text-align: justify;\"><span style=\"font-family: helvetica, arial, sans-serif; font-size: 14pt;\">**<em><strong> 20 participantes de la Contralor\u00eda culminaron con \u00e9xito la formaci\u00f3n de Desarrollo Organizacional, en la parroquia San Juan de Payara<\/strong><\/em><\/span><!--more--><\/p>\n<p><span style=\"font-family: helvetica, arial, sans-serif; font-size: 14pt;\">NILZA GONZ\u00c1LEZ<\/span><\/p>\n<p><span style=\"font-family: helvetica, arial, sans-serif; font-size: 14pt;\">\u00a0La formaci\u00f3n se di\u00f3 en la \u00a0Contralor\u00eda de la parroquia San Juan de Payara, municipio Pedro Camejo, del estado Apure, con la maestra t\u00e9cnico productivo Astrid Hidalgo y la presencia del \u00a0jefe de la contralor\u00eda \u00a0en la entidad Orlando Benavente Palma<\/span><\/p>\n<p><span style=\"font-family: helvetica, arial, sans-serif; font-size: 14pt;\">Los participantes \u00a0trataron temas sobre el desarrollo organizacional, el comportamiento individual y grupal, las variables del comportamiento, la motivaci\u00f3n, la personalidad, la teor\u00eda del psic\u00f3logo Abraham Maslow \u00a0y la pir\u00e1mide de necesidades; de \u00a0igual forma abordaron contenidos sobre la comunicaci\u00f3n interna tanto formal como informal.<\/span><\/p>\n<p><span style=\"font-family: helvetica, arial, sans-serif; font-size: 14pt;\">La formaci\u00f3n tuvo muy buena aceptaci\u00f3n de todo el personal, con clases muy din\u00e1micas y participativas, as\u00ed el Instituto Nacional de Capacitaci\u00f3n y Educaci\u00f3n Socialista \u00a0( Inces) \u00a0regi\u00f3n Apure, cumple con el \u00e1mbito Entidades de Trabajo de la matriz program\u00e1tica, bajo las orientaciones del vicemimistro de Comunidades Educativas y presidente del Inces, Wuikelman \u00c1ngel Paredes<\/span><\/p>\n","protected":false},"excerpt":{"rendered":"<p>** 20 participantes de la Contralor\u00eda culminaron con \u00e9xito la formaci\u00f3n de Desarrollo Organizacional, en la parroquia San Juan de Payara<\/p>\n","protected":false},"author":15,"featured_media":47328,"comment_status":"closed","ping_status":"closed","sticky":false,"template":"","format":"standard","meta":{"footnotes":""},"categories":[2],"tags":[],"class_list":["post-47327","post","type-post","status-publish","format-standard","has-post-thumbnail","hentry","category-blog"],"_links":{"self":[{"href":"https:\/\/inces.gob.ve\/index.php\/wp-json\/wp\/v2\/posts\/47327","targetHints":{"allow":["GET"]}}],"collection":[{"href":"https:\/\/inces.gob.ve\/index.php\/wp-json\/wp\/v2\/posts"}],"about":[{"href":"https:\/\/inces.gob.ve\/index.php\/wp-json\/wp\/v2\/types\/post"}],"author":[{"embeddable":true,"href":"https:\/\/inces.gob.ve\/index.php\/wp-json\/wp\/v2\/users\/15"}],"replies":[{"embeddable":true,"href":"https:\/\/inces.gob.ve\/index.php\/wp-json\/wp\/v2\/comments?post=47327"}],"version-history":[{"count":2,"href":"https:\/\/inces.gob.ve\/index.php\/wp-json\/wp\/v2\/posts\/47327\/revisions"}],"predecessor-version":[{"id":47330,"href":"https:\/\/inces.gob.ve\/index.php\/wp-json\/wp\/v2\/posts\/47327\/revisions\/47330"}],"wp:featuredmedia":[{"embeddable":true,"href":"https:\/\/inces.gob.ve\/index.php\/wp-json\/wp\/v2\/media\/47328"}],"wp:attachment":[{"href":"https:\/\/inces.gob.ve\/index.php\/wp-json\/wp\/v2\/media?parent=47327"}],"wp:term":[{"taxonomy":"category","embeddable":true,"href":"https:\/\/inces.gob.ve\/index.php\/wp-json\/wp\/v2\/categories?post=47327"},{"taxonomy":"post_tag","embeddable":true,"href":"https:\/\/inces.gob.ve\/index.php\/wp-json\/wp\/v2\/tags?post=47327"}],"curies":[{"name":"wp","href":"https:\/\/api.w.org\/{rel}","templated":true}]}}