{"id":47331,"date":"2022-10-21T14:31:56","date_gmt":"2022-10-21T18:31:56","guid":{"rendered":"https:\/\/inces.gob.ve\/?p=47331"},"modified":"2022-10-21T14:47:35","modified_gmt":"2022-10-21T18:47:35","slug":"inces-celebro-el-encuentro-nacional-de-jefes-regionales-de-tributos","status":"publish","type":"post","link":"https:\/\/inces.gob.ve\/index.php\/2022\/10\/21\/inces-celebro-el-encuentro-nacional-de-jefes-regionales-de-tributos\/","title":{"rendered":"Inces celebr\u00f3 el Encuentro Nacional de Jefes Regionales de Tributos"},"content":{"rendered":"<p align=\"justify\"><span style=\"font-family: helvetica, sans-serif;\"><span style=\"font-size: large;\"><i><b>**Estar capacitado para desempe\u00f1ar las funciones como funcionario p\u00fablico ayudar\u00e1 a dar una mejor repuestas a las entidades de trabajo<\/b><\/i><\/span><\/span><!--more--><\/p>\n<p align=\"justify\"><span style=\"font-family: helvetica, sans-serif;\"><span style=\"font-size: large;\">Dimas P\u00e1ez<\/span><\/span><\/p>\n<p align=\"justify\"><span style=\"font-family: helvetica, sans-serif;\"><span style=\"font-size: large;\">F\/ Rafael Urbina<\/span><\/span><\/p>\n<p align=\"justify\"><span style=\"font-family: helvetica, sans-serif;\"><span style=\"font-size: large;\">Los jefes regionales de todo el pa\u00eds, adscritos a la Gerencia General de Tributos del Instituto Nacional de Capacitaci\u00f3n y Educaci\u00f3n Socialista (Inces), se reunieron con la gerente general de Tributos, Wianney Galvez, con el objetivo de actualizar sus conocimientos en todo lo que tiene que ver con la reforma del C\u00f3digo Org\u00e1nico Tributario, a\u00f1o 2020.<\/span><\/span><\/p>\n<p align=\"justify\"><img loading=\"lazy\" decoding=\"async\" class=\"aligncenter wp-image-47332 size-full\" src=\"https:\/\/inces.gob.ve\/wp-content\/uploads\/2022\/10\/Jefes-Regionales-de-Tributos-1--e1666376978695.jpg\" alt=\"\" width=\"800\" height=\"600\" srcset=\"https:\/\/inces.gob.ve\/wp-content\/uploads\/2022\/10\/Jefes-Regionales-de-Tributos-1--e1666376978695.jpg 800w, https:\/\/inces.gob.ve\/wp-content\/uploads\/2022\/10\/Jefes-Regionales-de-Tributos-1--e1666376978695-300x225.jpg 300w, https:\/\/inces.gob.ve\/wp-content\/uploads\/2022\/10\/Jefes-Regionales-de-Tributos-1--e1666376978695-768x576.jpg 768w, https:\/\/inces.gob.ve\/wp-content\/uploads\/2022\/10\/Jefes-Regionales-de-Tributos-1--e1666376978695-136x102.jpg 136w\" sizes=\"auto, (max-width: 800px) 100vw, 800px\" \/><\/p>\n<p align=\"justify\"><span style=\"font-family: helvetica, sans-serif;\"><span style=\"font-size: large;\">Gelvez expres\u00f3 que lo importante es que las empresas cumplan con su obligaci\u00f3n tributaria: \u201cEl Inces est\u00e1 realizando procedimientos de verificaci\u00f3n para el cabal cumplimiento de los deberes formales que tienen las entidades de trabajo. La gerencia est\u00e1 actualizando todo lo referente al tema legal, esto nos va a permitir, de una manera expedita, salir y darle las respectivas orientaciones\u201d.<\/span><\/span><\/p>\n<p align=\"justify\"><img loading=\"lazy\" decoding=\"async\" class=\"aligncenter wp-image-47334 size-full\" src=\"https:\/\/inces.gob.ve\/wp-content\/uploads\/2022\/10\/Jefes-Regionales-de-Tributos-3--scaled-e1666377001892.jpg\" alt=\"\" width=\"800\" height=\"536\" srcset=\"https:\/\/inces.gob.ve\/wp-content\/uploads\/2022\/10\/Jefes-Regionales-de-Tributos-3--scaled-e1666377001892.jpg 800w, https:\/\/inces.gob.ve\/wp-content\/uploads\/2022\/10\/Jefes-Regionales-de-Tributos-3--scaled-e1666377001892-300x201.jpg 300w, https:\/\/inces.gob.ve\/wp-content\/uploads\/2022\/10\/Jefes-Regionales-de-Tributos-3--scaled-e1666377001892-768x515.jpg 768w, https:\/\/inces.gob.ve\/wp-content\/uploads\/2022\/10\/Jefes-Regionales-de-Tributos-3--scaled-e1666377001892-272x182.jpg 272w\" sizes=\"auto, (max-width: 800px) 100vw, 800px\" \/><\/p>\n<p align=\"justify\"><span style=\"font-family: helvetica, sans-serif;\"><span style=\"font-size: large;\">As\u00ed mismo inform\u00f3: \u201cEl d\u00eda 19 de octubre salimos a realizar un operativo con los jefes regionales de tributos que nos visitan en Caracas. El operativo se realiz\u00f3 en el centro de Los Teques, donde se verificaron 268 entidades de trabajo. En cada visita se explic\u00f3 cu\u00e1l es el objeto del Inces, cu\u00e1les son las formalidades formales y materiales y que todas aquellas empresas que tienen 15 o m\u00e1s trabajadores deben cumplir con el Programa Nacional de Aprendizaje\u201d.<\/span><\/span><\/p>\n<p align=\"justify\"><img loading=\"lazy\" decoding=\"async\" class=\"aligncenter wp-image-47336 size-full\" src=\"https:\/\/inces.gob.ve\/wp-content\/uploads\/2022\/10\/Jefes-Regionales-de-Tributos-6--scaled-e1666377024125.jpg\" alt=\"\" width=\"800\" height=\"536\" srcset=\"https:\/\/inces.gob.ve\/wp-content\/uploads\/2022\/10\/Jefes-Regionales-de-Tributos-6--scaled-e1666377024125.jpg 800w, https:\/\/inces.gob.ve\/wp-content\/uploads\/2022\/10\/Jefes-Regionales-de-Tributos-6--scaled-e1666377024125-300x201.jpg 300w, https:\/\/inces.gob.ve\/wp-content\/uploads\/2022\/10\/Jefes-Regionales-de-Tributos-6--scaled-e1666377024125-768x515.jpg 768w, https:\/\/inces.gob.ve\/wp-content\/uploads\/2022\/10\/Jefes-Regionales-de-Tributos-6--scaled-e1666377024125-272x182.jpg 272w\" sizes=\"auto, (max-width: 800px) 100vw, 800px\" \/><\/p>\n<p align=\"justify\">\u201c<span style=\"font-family: helvetica, sans-serif;\"><span style=\"font-size: large;\">Esta jornada tambi\u00e9n tuvo la finalidad de que todos nos vayamos con entusiasmo a cada una de las regiones para ser multiplicadores de <span style=\"font-family: helvetica, sans-serif; font-size: large;\"> informaci\u00f3n<\/span> con nuestro equipo de trabajo, y que podamos darle as\u00ec las orientaciones expeditas a los contribuyentes\u201d, finaliz\u00f3 Wianney Galvez.<\/span><\/span><\/p>\n<p align=\"justify\"><img loading=\"lazy\" decoding=\"async\" class=\"aligncenter wp-image-47337 size-full\" src=\"https:\/\/inces.gob.ve\/wp-content\/uploads\/2022\/10\/Jefes-Regionales-de-Tributos-7--e1666377040522.jpg\" alt=\"\" width=\"800\" height=\"600\" srcset=\"https:\/\/inces.gob.ve\/wp-content\/uploads\/2022\/10\/Jefes-Regionales-de-Tributos-7--e1666377040522.jpg 800w, https:\/\/inces.gob.ve\/wp-content\/uploads\/2022\/10\/Jefes-Regionales-de-Tributos-7--e1666377040522-300x225.jpg 300w, https:\/\/inces.gob.ve\/wp-content\/uploads\/2022\/10\/Jefes-Regionales-de-Tributos-7--e1666377040522-768x576.jpg 768w, https:\/\/inces.gob.ve\/wp-content\/uploads\/2022\/10\/Jefes-Regionales-de-Tributos-7--e1666377040522-136x102.jpg 136w\" sizes=\"auto, (max-width: 800px) 100vw, 800px\" \/><\/p>\n","protected":false},"excerpt":{"rendered":"<p>**Estar capacitado para desempe\u00f1ar las funciones como funcionario p\u00fablico ayudar\u00e1 a dar una mejor repuestas a las entidades de trabajo<\/p>\n","protected":false},"author":15,"featured_media":47333,"comment_status":"closed","ping_status":"closed","sticky":false,"template":"","format":"standard","meta":{"footnotes":""},"categories":[2],"tags":[],"class_list":["post-47331","post","type-post","status-publish","format-standard","has-post-thumbnail","hentry","category-blog"],"_links":{"self":[{"href":"https:\/\/inces.gob.ve\/index.php\/wp-json\/wp\/v2\/posts\/47331","targetHints":{"allow":["GET"]}}],"collection":[{"href":"https:\/\/inces.gob.ve\/index.php\/wp-json\/wp\/v2\/posts"}],"about":[{"href":"https:\/\/inces.gob.ve\/index.php\/wp-json\/wp\/v2\/types\/post"}],"author":[{"embeddable":true,"href":"https:\/\/inces.gob.ve\/index.php\/wp-json\/wp\/v2\/users\/15"}],"replies":[{"embeddable":true,"href":"https:\/\/inces.gob.ve\/index.php\/wp-json\/wp\/v2\/comments?post=47331"}],"version-history":[{"count":5,"href":"https:\/\/inces.gob.ve\/index.php\/wp-json\/wp\/v2\/posts\/47331\/revisions"}],"predecessor-version":[{"id":47342,"href":"https:\/\/inces.gob.ve\/index.php\/wp-json\/wp\/v2\/posts\/47331\/revisions\/47342"}],"wp:featuredmedia":[{"embeddable":true,"href":"https:\/\/inces.gob.ve\/index.php\/wp-json\/wp\/v2\/media\/47333"}],"wp:attachment":[{"href":"https:\/\/inces.gob.ve\/index.php\/wp-json\/wp\/v2\/media?parent=47331"}],"wp:term":[{"taxonomy":"category","embeddable":true,"href":"https:\/\/inces.gob.ve\/index.php\/wp-json\/wp\/v2\/categories?post=47331"},{"taxonomy":"post_tag","embeddable":true,"href":"https:\/\/inces.gob.ve\/index.php\/wp-json\/wp\/v2\/tags?post=47331"}],"curies":[{"name":"wp","href":"https:\/\/api.w.org\/{rel}","templated":true}]}}