{"id":47345,"date":"2022-10-24T10:10:17","date_gmt":"2022-10-24T14:10:17","guid":{"rendered":"https:\/\/inces.gob.ve\/?p=47345"},"modified":"2022-10-24T10:10:39","modified_gmt":"2022-10-24T14:10:39","slug":"yaracuy-coordinacion-juventud-productiva-del-inces-realiza-diversas-actividades","status":"publish","type":"post","link":"https:\/\/inces.gob.ve\/index.php\/2022\/10\/24\/yaracuy-coordinacion-juventud-productiva-del-inces-realiza-diversas-actividades\/","title":{"rendered":"YARACUY | Coordinaci\u00f3n Juventud Productiva del Inces realiza diversas actividades"},"content":{"rendered":"<p style=\"text-align: justify;\"><strong><span style=\"font-family: helvetica, arial, sans-serif; font-size: 14pt;\"><em>**La integraci\u00f3n de los j\u00f3venes del PNA y de los programas formativosm, m\u00e1s la variada planificaci\u00f3n, \u00a0hace exitosa cada una de las tareas<\/em><\/span><\/strong><!--more--><\/p>\n<p>&nbsp;<\/p>\n<p style=\"text-align: justify;\"><span style=\"font-family: helvetica, arial, sans-serif; font-size: 14pt;\"><strong>YOLAICE VARGAS<\/strong><\/span><\/p>\n<p style=\"text-align: justify;\"><span style=\"font-family: helvetica, arial, sans-serif; font-size: 14pt;\">Desde la Coordinaci\u00f3n de Juventud Productiva del Instituto Nacional de Capacitaci\u00f3n y Educaci\u00f3n Socialista (Inces), en Yaracuy, se realizan diversas actividades dirigidas a los participantes tanto del Programa Nacional de Aprendizaje como de los programas formativos que se imparten en el ente.<\/span><\/p>\n<p>&nbsp;<\/p>\n<p style=\"text-align: justify;\"><span style=\"font-family: helvetica, arial, sans-serif; font-size: 14pt;\">El \u00e9xito de la planificaci\u00f3n que se realiza desde dicha coordinaci\u00f3n bajo la responsabilidad de Yimar Ram\u00edrez, obedece a la integraci\u00f3n de los j\u00f3venes, quienes participan de manera voluntaria en toda la programaci\u00f3n, la cual est\u00e1 direccionada a lo recreativo, cultural, deportivo y ecol\u00f3gico.<\/span><\/p>\n<p><img loading=\"lazy\" decoding=\"async\" class=\"aligncenter wp-image-47346 size-full\" src=\"https:\/\/inces.gob.ve\/wp-content\/uploads\/2022\/10\/Juventud-Productiva-del-Inces-1--e1666620493847.jpg\" alt=\"\" width=\"800\" height=\"600\" srcset=\"https:\/\/inces.gob.ve\/wp-content\/uploads\/2022\/10\/Juventud-Productiva-del-Inces-1--e1666620493847.jpg 800w, https:\/\/inces.gob.ve\/wp-content\/uploads\/2022\/10\/Juventud-Productiva-del-Inces-1--e1666620493847-300x225.jpg 300w, https:\/\/inces.gob.ve\/wp-content\/uploads\/2022\/10\/Juventud-Productiva-del-Inces-1--e1666620493847-768x576.jpg 768w, https:\/\/inces.gob.ve\/wp-content\/uploads\/2022\/10\/Juventud-Productiva-del-Inces-1--e1666620493847-136x102.jpg 136w\" sizes=\"auto, (max-width: 800px) 100vw, 800px\" \/><\/p>\n<p style=\"text-align: justify;\"><span style=\"font-family: helvetica, arial, sans-serif; font-size: 14pt;\">Durante el mes de octubre se han llevado a cabo diversas actividades de \u00edndole deportivo, ecol\u00f3gico y recreativo; entre estas: la m\u00e1s reciente, una caminata en apoyo a la lucha contra el c\u00e1ncer de mama, donde estuvieron presentes los estudiantes del administrativo 86, acompa\u00f1ados por docentes y la coordinadora de la instancia Yimar Ram\u00edrez.<\/span><\/p>\n<p><img loading=\"lazy\" decoding=\"async\" class=\"aligncenter wp-image-47347 size-full\" src=\"https:\/\/inces.gob.ve\/wp-content\/uploads\/2022\/10\/Juventud-Productiva-del-Inces-2--e1666620513955.jpg\" alt=\"\" width=\"800\" height=\"600\" srcset=\"https:\/\/inces.gob.ve\/wp-content\/uploads\/2022\/10\/Juventud-Productiva-del-Inces-2--e1666620513955.jpg 800w, https:\/\/inces.gob.ve\/wp-content\/uploads\/2022\/10\/Juventud-Productiva-del-Inces-2--e1666620513955-300x225.jpg 300w, https:\/\/inces.gob.ve\/wp-content\/uploads\/2022\/10\/Juventud-Productiva-del-Inces-2--e1666620513955-768x576.jpg 768w, https:\/\/inces.gob.ve\/wp-content\/uploads\/2022\/10\/Juventud-Productiva-del-Inces-2--e1666620513955-136x102.jpg 136w\" sizes=\"auto, (max-width: 800px) 100vw, 800px\" \/><\/p>\n<p style=\"text-align: justify;\"><span style=\"font-family: helvetica, arial, sans-serif; font-size: 14pt;\">De igual manera desde el ente se ejecutan reuniones de planificaci\u00f3n con los entes de diferentes instituciones p\u00fablicas y privadas, las cuales trabajan de la mano con el Inces, a fin de coordinar eventos que les permitan a los j\u00f3venes la integraci\u00f3n y participaci\u00f3n en actividades diversas, que complementan la formaci\u00f3n acad\u00e9mica.<\/span><\/p>\n<p style=\"text-align: justify;\"><span style=\"font-family: helvetica, arial, sans-serif; font-size: 14pt;\">Cabe destacar que cuentan con una planificaci\u00f3n para los venideros d\u00edas entre las que podemos mencionar: para el pr\u00f3ximo viernes 4 de noviembre se llevar\u00e1 a cabo una charla ecol\u00f3gica en conjunto con el Ministerio del Poder Popular para el Ecosocialismo<\/span><\/p>\n<p><img loading=\"lazy\" decoding=\"async\" class=\"aligncenter wp-image-47349 size-full\" src=\"https:\/\/inces.gob.ve\/wp-content\/uploads\/2022\/10\/Juventud-Productiva-del-Inces-4--e1666620547518.jpg\" alt=\"\" width=\"800\" height=\"600\" srcset=\"https:\/\/inces.gob.ve\/wp-content\/uploads\/2022\/10\/Juventud-Productiva-del-Inces-4--e1666620547518.jpg 800w, https:\/\/inces.gob.ve\/wp-content\/uploads\/2022\/10\/Juventud-Productiva-del-Inces-4--e1666620547518-300x225.jpg 300w, https:\/\/inces.gob.ve\/wp-content\/uploads\/2022\/10\/Juventud-Productiva-del-Inces-4--e1666620547518-768x576.jpg 768w, https:\/\/inces.gob.ve\/wp-content\/uploads\/2022\/10\/Juventud-Productiva-del-Inces-4--e1666620547518-136x102.jpg 136w\" sizes=\"auto, (max-width: 800px) 100vw, 800px\" \/><\/p>\n<p style=\"text-align: justify;\"><span style=\"font-family: helvetica, arial, sans-serif; font-size: 14pt;\">De igual manera desde la coordinaci\u00f3n de juventud productiva del Inces articulado con el Instituto Aut\u00f3nomo de la Juventud del estado Yaracuy, (Inajudey) para los d\u00edas martes 8 y mi\u00e9rcoles 9 de noviembre se realizar\u00e1 el taller elaboraci\u00f3n de adornos navide\u00f1os.<\/span><\/p>\n<p style=\"text-align: justify;\"><span style=\"font-family: helvetica, arial, sans-serif; font-size: 14pt;\">Por \u00faltimo dentro de la planificaci\u00f3n para el jueves 17 de noviembre est\u00e1 pautado un encuentro deportivo \u2018Copa Navidad\u2019 entre los participantes del PNA y de los cursos formativos, el final de la misma se realizar\u00e1 el viernes 18 de noviembre, todas las actividades mencionadas se ejecutar\u00e1n en horario de la ma\u00f1ana<\/span>.<\/p>\n","protected":false},"excerpt":{"rendered":"<p>**La integraci\u00f3n de los j\u00f3venes del PNA y de los programas formativosm, m\u00e1s la variada planificaci\u00f3n, \u00a0hace exitosa cada una de las tareas<\/p>\n","protected":false},"author":15,"featured_media":47348,"comment_status":"closed","ping_status":"closed","sticky":false,"template":"","format":"standard","meta":{"footnotes":""},"categories":[2],"tags":[],"class_list":["post-47345","post","type-post","status-publish","format-standard","has-post-thumbnail","hentry","category-blog"],"_links":{"self":[{"href":"https:\/\/inces.gob.ve\/index.php\/wp-json\/wp\/v2\/posts\/47345","targetHints":{"allow":["GET"]}}],"collection":[{"href":"https:\/\/inces.gob.ve\/index.php\/wp-json\/wp\/v2\/posts"}],"about":[{"href":"https:\/\/inces.gob.ve\/index.php\/wp-json\/wp\/v2\/types\/post"}],"author":[{"embeddable":true,"href":"https:\/\/inces.gob.ve\/index.php\/wp-json\/wp\/v2\/users\/15"}],"replies":[{"embeddable":true,"href":"https:\/\/inces.gob.ve\/index.php\/wp-json\/wp\/v2\/comments?post=47345"}],"version-history":[{"count":1,"href":"https:\/\/inces.gob.ve\/index.php\/wp-json\/wp\/v2\/posts\/47345\/revisions"}],"predecessor-version":[{"id":47350,"href":"https:\/\/inces.gob.ve\/index.php\/wp-json\/wp\/v2\/posts\/47345\/revisions\/47350"}],"wp:featuredmedia":[{"embeddable":true,"href":"https:\/\/inces.gob.ve\/index.php\/wp-json\/wp\/v2\/media\/47348"}],"wp:attachment":[{"href":"https:\/\/inces.gob.ve\/index.php\/wp-json\/wp\/v2\/media?parent=47345"}],"wp:term":[{"taxonomy":"category","embeddable":true,"href":"https:\/\/inces.gob.ve\/index.php\/wp-json\/wp\/v2\/categories?post=47345"},{"taxonomy":"post_tag","embeddable":true,"href":"https:\/\/inces.gob.ve\/index.php\/wp-json\/wp\/v2\/tags?post=47345"}],"curies":[{"name":"wp","href":"https:\/\/api.w.org\/{rel}","templated":true}]}}