{"id":47493,"date":"2022-10-27T14:48:08","date_gmt":"2022-10-27T18:48:08","guid":{"rendered":"https:\/\/inces.gob.ve\/?p=47493"},"modified":"2022-10-27T15:02:48","modified_gmt":"2022-10-27T19:02:48","slug":"yaracuy-continua-trabajo-de-construccion-y-desarrollo-curricular-permanente","status":"publish","type":"post","link":"https:\/\/inces.gob.ve\/index.php\/2022\/10\/27\/yaracuy-continua-trabajo-de-construccion-y-desarrollo-curricular-permanente\/","title":{"rendered":"YARACUY | Contin\u00faa  trabajo de construcci\u00f3n y desarrollo curricular permanente"},"content":{"rendered":"<p style=\"text-align: justify;\"><span style=\"font-family: helvetica, arial, sans-serif; font-size: 14pt;\"><em><strong>***\u00a0 Los integrantes del equipo desarrollan los aspectos \u00a0de la sesi\u00f3n N\u00b03<\/strong><\/em><!--more--><\/span><\/p>\n<p style=\"text-align: justify;\"><span style=\"font-family: helvetica, arial, sans-serif; font-size: 14pt;\"><strong>YOLAICE VARGAS<br \/>\n<\/strong><\/span><\/p>\n<p style=\"text-align: justify;\"><span style=\"font-family: helvetica, arial, sans-serif; font-size: 14pt;\">Los integrantes de la mesa de evaluaci\u00f3n, construcci\u00f3n y desarrollo curricular permanente, del Instituto Nacional de Capacitaci\u00f3n y Educaci\u00f3n Socialista (Inces) en Yaracuy, contin\u00faan jornadas de trabajo para avanzar hacia lo que ser\u00e1 la oferta formativa del instituto para el venidero a\u00f1o 2023.<\/span><\/p>\n<p><img loading=\"lazy\" decoding=\"async\" class=\"wp-image-47494 \" src=\"https:\/\/inces.gob.ve\/wp-content\/uploads\/2022\/10\/trabajo-de-construccion-y-desarrollo-1-scaled-e1666896366650.jpg\" alt=\"\" width=\"387\" height=\"517\" srcset=\"https:\/\/inces.gob.ve\/wp-content\/uploads\/2022\/10\/trabajo-de-construccion-y-desarrollo-1-scaled-e1666896366650.jpg 800w, https:\/\/inces.gob.ve\/wp-content\/uploads\/2022\/10\/trabajo-de-construccion-y-desarrollo-1-scaled-e1666896366650-225x300.jpg 225w, https:\/\/inces.gob.ve\/wp-content\/uploads\/2022\/10\/trabajo-de-construccion-y-desarrollo-1-scaled-e1666896366650-768x1024.jpg 768w, https:\/\/inces.gob.ve\/wp-content\/uploads\/2022\/10\/trabajo-de-construccion-y-desarrollo-1-scaled-e1666896366650-576x768.jpg 576w\" sizes=\"auto, (max-width: 387px) 100vw, 387px\" \/><\/p>\n<p style=\"text-align: justify;\"><span style=\"font-family: helvetica, arial, sans-serif; font-size: 14pt;\">Desde el Inces Yaracuy en la actualidad trabajan en la creaci\u00f3n de la matriz para el an\u00e1lisis \u00a0de los contenidos (Ejes Tem\u00e1ticos) \u00a0de las unidades curriculares asignadas al estado Yaracuy: Contabilidad b\u00e1sica, Matem\u00e1tica financiera, Balance de comprobaci\u00f3n contable, Software contable especializado y Procesamiento de documentos mercantiles, \u00e1reas que componen el PFAP; An\u00e1lisis Contable.<\/span><\/p>\n<p style=\"text-align: justify;\"><img loading=\"lazy\" decoding=\"async\" class=\"wp-image-47496 size-full\" src=\"https:\/\/inces.gob.ve\/wp-content\/uploads\/2022\/10\/trabajo-de-construccion-y-desarrollo-4--scaled-e1666896389365.jpg\" alt=\"\" width=\"800\" height=\"600\" srcset=\"https:\/\/inces.gob.ve\/wp-content\/uploads\/2022\/10\/trabajo-de-construccion-y-desarrollo-4--scaled-e1666896389365.jpg 800w, https:\/\/inces.gob.ve\/wp-content\/uploads\/2022\/10\/trabajo-de-construccion-y-desarrollo-4--scaled-e1666896389365-300x225.jpg 300w, https:\/\/inces.gob.ve\/wp-content\/uploads\/2022\/10\/trabajo-de-construccion-y-desarrollo-4--scaled-e1666896389365-768x576.jpg 768w, https:\/\/inces.gob.ve\/wp-content\/uploads\/2022\/10\/trabajo-de-construccion-y-desarrollo-4--scaled-e1666896389365-136x102.jpg 136w\" sizes=\"auto, (max-width: 800px) 100vw, 800px\" \/><\/p>\n<p style=\"text-align: justify;\"><span style=\"font-family: helvetica, arial, sans-serif; font-size: 14pt;\">Es de acotar que quienes integran la mesa son profesionales capacitados en diversas \u00e1reas y se sumar\u00e1n otros talentos humanos del instituto para reforzar el contenido de los ejes tem\u00e1ticos<\/span><\/p>\n<p style=\"text-align: justify;\"><span style=\"font-family: helvetica, arial, sans-serif; font-size: 14pt;\">Los trabajos obedecen al nuevo modelo formativo dise\u00f1ado en las normas t\u00e9cnicas del Inces que van direccionados a la adaptaci\u00f3n de las necesidades formativas del sujeto social.<\/span><\/p>\n<p><img loading=\"lazy\" decoding=\"async\" class=\"wp-image-47495 size-full\" src=\"https:\/\/inces.gob.ve\/wp-content\/uploads\/2022\/10\/trabajo-de-construccion-y-desarrollo-2--scaled-e1666896410130.jpg\" alt=\"\" width=\"800\" height=\"600\" srcset=\"https:\/\/inces.gob.ve\/wp-content\/uploads\/2022\/10\/trabajo-de-construccion-y-desarrollo-2--scaled-e1666896410130.jpg 800w, https:\/\/inces.gob.ve\/wp-content\/uploads\/2022\/10\/trabajo-de-construccion-y-desarrollo-2--scaled-e1666896410130-300x225.jpg 300w, https:\/\/inces.gob.ve\/wp-content\/uploads\/2022\/10\/trabajo-de-construccion-y-desarrollo-2--scaled-e1666896410130-768x576.jpg 768w, https:\/\/inces.gob.ve\/wp-content\/uploads\/2022\/10\/trabajo-de-construccion-y-desarrollo-2--scaled-e1666896410130-136x102.jpg 136w\" sizes=\"auto, (max-width: 800px) 100vw, 800px\" \/><\/p>\n<p style=\"text-align: justify;\"><span style=\"font-family: helvetica, arial, sans-serif; font-size: 14pt;\">Cabe destacar que en todos los estados del pa\u00eds trabajan para cumplir con los lineamientos del presidente del Inces Wuikelman Angel Paredes, quien apuesta a un nuevo modelo educativo que se vislumbra hacia la formaci\u00f3n t\u00e9cnica profesional.<\/span><\/p>\n","protected":false},"excerpt":{"rendered":"<p>***\u00a0 Los integrantes del equipo desarrollan los aspectos \u00a0de la sesi\u00f3n N\u00b03<\/p>\n","protected":false},"author":15,"featured_media":47497,"comment_status":"closed","ping_status":"closed","sticky":false,"template":"","format":"standard","meta":{"footnotes":""},"categories":[2],"tags":[],"class_list":["post-47493","post","type-post","status-publish","format-standard","has-post-thumbnail","hentry","category-blog"],"_links":{"self":[{"href":"https:\/\/inces.gob.ve\/index.php\/wp-json\/wp\/v2\/posts\/47493","targetHints":{"allow":["GET"]}}],"collection":[{"href":"https:\/\/inces.gob.ve\/index.php\/wp-json\/wp\/v2\/posts"}],"about":[{"href":"https:\/\/inces.gob.ve\/index.php\/wp-json\/wp\/v2\/types\/post"}],"author":[{"embeddable":true,"href":"https:\/\/inces.gob.ve\/index.php\/wp-json\/wp\/v2\/users\/15"}],"replies":[{"embeddable":true,"href":"https:\/\/inces.gob.ve\/index.php\/wp-json\/wp\/v2\/comments?post=47493"}],"version-history":[{"count":3,"href":"https:\/\/inces.gob.ve\/index.php\/wp-json\/wp\/v2\/posts\/47493\/revisions"}],"predecessor-version":[{"id":47500,"href":"https:\/\/inces.gob.ve\/index.php\/wp-json\/wp\/v2\/posts\/47493\/revisions\/47500"}],"wp:featuredmedia":[{"embeddable":true,"href":"https:\/\/inces.gob.ve\/index.php\/wp-json\/wp\/v2\/media\/47497"}],"wp:attachment":[{"href":"https:\/\/inces.gob.ve\/index.php\/wp-json\/wp\/v2\/media?parent=47493"}],"wp:term":[{"taxonomy":"category","embeddable":true,"href":"https:\/\/inces.gob.ve\/index.php\/wp-json\/wp\/v2\/categories?post=47493"},{"taxonomy":"post_tag","embeddable":true,"href":"https:\/\/inces.gob.ve\/index.php\/wp-json\/wp\/v2\/tags?post=47493"}],"curies":[{"name":"wp","href":"https:\/\/api.w.org\/{rel}","templated":true}]}}