{"id":47522,"date":"2022-10-31T13:09:20","date_gmt":"2022-10-31T17:09:20","guid":{"rendered":"https:\/\/inces.gob.ve\/?p=47522"},"modified":"2022-11-01T00:54:35","modified_gmt":"2022-11-01T04:54:35","slug":"guarico-el-inces-impulsa-el-emprendimiento-con-la-formacion-en-el-arte-culinario","status":"publish","type":"post","link":"https:\/\/inces.gob.ve\/index.php\/2022\/10\/31\/guarico-el-inces-impulsa-el-emprendimiento-con-la-formacion-en-el-arte-culinario\/","title":{"rendered":"GU\u00c1RICO | El Inces impulsa el emprendimiento con la formaci\u00f3n en el arte culinario"},"content":{"rendered":"<p style=\"text-align: justify;\"><span style=\"font-family: helvetica, arial, sans-serif; font-size: 14pt;\">*<em><strong>* Los venezolanos logran certificarse tras formaci\u00f3n en las ocupaciones productivas de pasapalos y pasteler\u00eda, para el emprendimiento en la industria culinaria de Gu\u00e1rico.<\/strong><\/em><\/span><!--more--><\/p>\n<p style=\"text-align: justify;\"><span style=\"font-family: helvetica, arial, sans-serif; font-size: 14pt;\">YAMILEX APONTE, 2022<\/span><\/p>\n<p style=\"text-align: justify;\"><span style=\"font-family: helvetica, arial, sans-serif; font-size: 14pt;\">Cumpliendo con el cronograma establecido en materia de formaci\u00f3n, el Instituto Nacional de Capacitaci\u00f3n y Educaci\u00f3n Socialista (Inces), culmina curso de Elaboraci\u00f3n de Pasapalos y Pasteler\u00eda y Arte Culinario, donde las y los participantes socializaron de manera exitosa el \u00a0aprendizaje que obtuvieron de manos del Maestro T\u00e9cnico Productivo (MTP) \u00a0Juan Castillo y \u00a0bajo la coordinaci\u00f3n de la profesora Rosa Virginia P\u00e9rez Arnaude, quien lleva adelante el Programa Turismo.<\/span><\/p>\n<p style=\"text-align: justify;\"><img loading=\"lazy\" decoding=\"async\" class=\"aligncenter wp-image-47525 size-full\" src=\"https:\/\/inces.gob.ve\/wp-content\/uploads\/2022\/10\/emprendimiento-con-la-formacion-4--e1667235957222.jpg\" alt=\"\" width=\"800\" height=\"360\" srcset=\"https:\/\/inces.gob.ve\/wp-content\/uploads\/2022\/10\/emprendimiento-con-la-formacion-4--e1667235957222.jpg 800w, https:\/\/inces.gob.ve\/wp-content\/uploads\/2022\/10\/emprendimiento-con-la-formacion-4--e1667235957222-300x135.jpg 300w, https:\/\/inces.gob.ve\/wp-content\/uploads\/2022\/10\/emprendimiento-con-la-formacion-4--e1667235957222-768x346.jpg 768w\" sizes=\"auto, (max-width: 800px) 100vw, 800px\" \/><\/p>\n<p style=\"text-align: justify;\"><span style=\"font-family: helvetica, arial, sans-serif; font-size: 14pt;\">En esta actividad\u00a0 estuvieron presentes los Maestros Pueblo Jos\u00e9 Quind\u00edo, la \u00a0Lcda. Eladia de Rodr\u00edguez y la se\u00f1ora Zoraida Posada, personas ejemplares y siempre con la disposici\u00f3n de apoyar a la comunidad, a quienes se les rindi\u00f3 especial agradecimiento por enaltecer las costumbres de la regi\u00f3n.<\/span><\/p>\n<p style=\"text-align: justify;\"><img loading=\"lazy\" decoding=\"async\" class=\"aligncenter wp-image-47523 size-full\" src=\"https:\/\/inces.gob.ve\/wp-content\/uploads\/2022\/10\/emprendimiento-con-la-formacion-1--e1667235989758.jpg\" alt=\"\" width=\"800\" height=\"360\" srcset=\"https:\/\/inces.gob.ve\/wp-content\/uploads\/2022\/10\/emprendimiento-con-la-formacion-1--e1667235989758.jpg 800w, https:\/\/inces.gob.ve\/wp-content\/uploads\/2022\/10\/emprendimiento-con-la-formacion-1--e1667235989758-300x135.jpg 300w, https:\/\/inces.gob.ve\/wp-content\/uploads\/2022\/10\/emprendimiento-con-la-formacion-1--e1667235989758-768x346.jpg 768w\" sizes=\"auto, (max-width: 800px) 100vw, 800px\" \/><\/p>\n<p style=\"text-align: justify;\"><span style=\"font-family: helvetica, arial, sans-serif; font-size: 14pt;\">Vale resaltar, que \u00a0en la din\u00e1mica de la socializaci\u00f3n, \u00a0cada una de las \u00a0personas a certificarse explicaron con rigor y excelencia a los presentes, sus destrezas\u00a0 en la elaboraci\u00f3n de cada una de sus presentaciones, lo que les permiti\u00f3 demostrar los conocimientos adquiridos durante el proceso de formaci\u00f3n, donde pudieron exponer la preparaci\u00f3n, ingredientes, t\u00e9cnicas de cocci\u00f3n, emplatados, creatividad, \u00a0entre otros elementos a evaluar por el maestro.<\/span><\/p>\n<p style=\"text-align: justify;\"><span style=\"font-family: helvetica, arial, sans-serif; font-size: 14pt;\">Los beneficiados aprovecharon la ocasi\u00f3n para agradecer al Inces por la oportunidad de formarse \u00a0y explicaron que es un privilegio certificarse en \u00e9sta instituci\u00f3n de manera gratuita, pues con ello podr\u00e1n seguir llevando estos aprendizajes \u00a0a sus comunidades con emprendimientos que les ayude al \u00a0sustento econ\u00f3mico y familiar.<\/span><\/p>\n<p style=\"text-align: justify;\"><img loading=\"lazy\" decoding=\"async\" class=\"aligncenter wp-image-47526 size-full\" src=\"https:\/\/inces.gob.ve\/wp-content\/uploads\/2022\/10\/IMG-20221026-WA0024.jpg\" alt=\"\" width=\"451\" height=\"532\" srcset=\"https:\/\/inces.gob.ve\/wp-content\/uploads\/2022\/10\/IMG-20221026-WA0024.jpg 451w, https:\/\/inces.gob.ve\/wp-content\/uploads\/2022\/10\/IMG-20221026-WA0024-254x300.jpg 254w\" sizes=\"auto, (max-width: 451px) 100vw, 451px\" \/><\/p>\n<p style=\"text-align: justify;\"><span style=\"font-family: helvetica, arial, sans-serif; font-size: 14pt;\">Inces en cada rinc\u00f3n de nuestro estado, mantiene su compromiso formativo, redescubriendo talento de gente valiosa y capacitada que quiere. \u00a0De esta manera el \u00a0Inces sigue \u00a0trabajando \u00a0\u00a0para continuar llevando formaci\u00f3n al pueblo. Logrando as\u00ed cumplir con las directrices del Ejecutivo Nacional, a trav\u00e9s del presidente institucional Wuikelman Angel, que llama a ampliar de forma permanente \u00a0las\u00a0 posibilidades a la formaci\u00f3n productiva.<\/span><\/p>\n","protected":false},"excerpt":{"rendered":"<p>** Los venezolanos logran certificarse tras formaci\u00f3n en las ocupaciones productivas de pasapalos y pasteler\u00eda, para el emprendimiento en la industria culinaria de Gu\u00e1rico.<\/p>\n","protected":false},"author":15,"featured_media":47524,"comment_status":"closed","ping_status":"closed","sticky":false,"template":"","format":"standard","meta":{"footnotes":""},"categories":[2],"tags":[],"class_list":["post-47522","post","type-post","status-publish","format-standard","has-post-thumbnail","hentry","category-blog"],"_links":{"self":[{"href":"https:\/\/inces.gob.ve\/index.php\/wp-json\/wp\/v2\/posts\/47522","targetHints":{"allow":["GET"]}}],"collection":[{"href":"https:\/\/inces.gob.ve\/index.php\/wp-json\/wp\/v2\/posts"}],"about":[{"href":"https:\/\/inces.gob.ve\/index.php\/wp-json\/wp\/v2\/types\/post"}],"author":[{"embeddable":true,"href":"https:\/\/inces.gob.ve\/index.php\/wp-json\/wp\/v2\/users\/15"}],"replies":[{"embeddable":true,"href":"https:\/\/inces.gob.ve\/index.php\/wp-json\/wp\/v2\/comments?post=47522"}],"version-history":[{"count":3,"href":"https:\/\/inces.gob.ve\/index.php\/wp-json\/wp\/v2\/posts\/47522\/revisions"}],"predecessor-version":[{"id":47556,"href":"https:\/\/inces.gob.ve\/index.php\/wp-json\/wp\/v2\/posts\/47522\/revisions\/47556"}],"wp:featuredmedia":[{"embeddable":true,"href":"https:\/\/inces.gob.ve\/index.php\/wp-json\/wp\/v2\/media\/47524"}],"wp:attachment":[{"href":"https:\/\/inces.gob.ve\/index.php\/wp-json\/wp\/v2\/media?parent=47522"}],"wp:term":[{"taxonomy":"category","embeddable":true,"href":"https:\/\/inces.gob.ve\/index.php\/wp-json\/wp\/v2\/categories?post=47522"},{"taxonomy":"post_tag","embeddable":true,"href":"https:\/\/inces.gob.ve\/index.php\/wp-json\/wp\/v2\/tags?post=47522"}],"curies":[{"name":"wp","href":"https:\/\/api.w.org\/{rel}","templated":true}]}}