{"id":47538,"date":"2022-10-31T14:11:40","date_gmt":"2022-10-31T18:11:40","guid":{"rendered":"https:\/\/inces.gob.ve\/?p=47538"},"modified":"2022-10-31T14:11:59","modified_gmt":"2022-10-31T18:11:59","slug":"nueva-esparta-impartidas-excelentes-formaciones-conjuntamente-con-iamene","status":"publish","type":"post","link":"https:\/\/inces.gob.ve\/index.php\/2022\/10\/31\/nueva-esparta-impartidas-excelentes-formaciones-conjuntamente-con-iamene\/","title":{"rendered":"NUEVA ESPARTA | Impartidas excelentes formaciones conjuntamente con Iamene"},"content":{"rendered":"<p dir=\"ltr\" style=\"text-align: justify;\"><em><strong><span style=\"font-family: helvetica, arial, sans-serif; font-size: 14pt;\">**Un total de 30 participantes participaron en la capacitaci\u00f3n Elaboraci\u00f3n de Pasapalos<\/span><\/strong><\/em><!--more--><\/p>\n<p dir=\"ltr\" style=\"text-align: justify;\"><span style=\"font-family: helvetica, arial, sans-serif; font-size: 14pt;\">ELEITA C\u00c9SPEDES DE ANTEPAZ<\/span><\/p>\n<p dir=\"ltr\" style=\"text-align: justify;\"><span style=\"font-family: helvetica, arial, sans-serif; font-size: 14pt;\">Elaboraci\u00f3n de tartaletas con sabor a parchita, mini tartaletas sabor a lim\u00f3n,\u00a0 empanadas chilenas, bollitos rellenos con chimichurri y cocidos en hojas de cambur, bombas rellenas, donas glaseadas, tartaletas con berenjenas a la vinagreta, teque\u00f1os con queso y otros aderezos, son\u00a0 algunas de las delicias que d\u00eda a d\u00eda se recrean en las formaciones de Elaboraci\u00f3n de Pasapalos.<img loading=\"lazy\" decoding=\"async\" class=\"aligncenter wp-image-47541 size-full\" src=\"https:\/\/inces.gob.ve\/wp-content\/uploads\/2022\/10\/Elaboracion-de-Pasapalos-4--e1667239731250.jpg\" alt=\"\" width=\"800\" height=\"600\" srcset=\"https:\/\/inces.gob.ve\/wp-content\/uploads\/2022\/10\/Elaboracion-de-Pasapalos-4--e1667239731250.jpg 800w, https:\/\/inces.gob.ve\/wp-content\/uploads\/2022\/10\/Elaboracion-de-Pasapalos-4--e1667239731250-300x225.jpg 300w, https:\/\/inces.gob.ve\/wp-content\/uploads\/2022\/10\/Elaboracion-de-Pasapalos-4--e1667239731250-768x576.jpg 768w, https:\/\/inces.gob.ve\/wp-content\/uploads\/2022\/10\/Elaboracion-de-Pasapalos-4--e1667239731250-136x102.jpg 136w\" sizes=\"auto, (max-width: 800px) 100vw, 800px\" \/><\/span><\/p>\n<p dir=\"ltr\" style=\"text-align: justify;\"><span style=\"font-family: helvetica, arial, sans-serif; font-size: 14pt;\">Este curso en espec\u00edfico, impartido por el Instituto Nacional de Capacitaci\u00f3n y Educaci\u00f3n Socialista (Inces) en la regi\u00f3n insular, se realiza en conjunto con el Instituto de Atenci\u00f3n al\u00a0 Menor de Nueva Esparta, cerca del centro de Porlamar, en las instalaciones del N\u00facleo de Apoyo Familiar y Participaci\u00f3n Ciudadana, Nafpc, donde tambi\u00e9n se han facilitado cursos del \u00e1rea textil, entre otros.<\/span><\/p>\n<p dir=\"ltr\"><img loading=\"lazy\" decoding=\"async\" class=\"aligncenter wp-image-47539 size-full\" src=\"https:\/\/inces.gob.ve\/wp-content\/uploads\/2022\/10\/Elaboracion-de-Pasapalos1--e1667239755357.jpg\" alt=\"\" width=\"800\" height=\"400\" srcset=\"https:\/\/inces.gob.ve\/wp-content\/uploads\/2022\/10\/Elaboracion-de-Pasapalos1--e1667239755357.jpg 800w, https:\/\/inces.gob.ve\/wp-content\/uploads\/2022\/10\/Elaboracion-de-Pasapalos1--e1667239755357-300x150.jpg 300w, https:\/\/inces.gob.ve\/wp-content\/uploads\/2022\/10\/Elaboracion-de-Pasapalos1--e1667239755357-768x384.jpg 768w\" sizes=\"auto, (max-width: 800px) 100vw, 800px\" \/><\/p>\n<p dir=\"ltr\" style=\"text-align: justify;\"><span style=\"font-family: helvetica, arial, sans-serif; font-size: 14pt;\">Son 30 participantes que en dos turnos, ma\u00f1ana y tarde, comparten conocimientos con la maestra t\u00e9cnico productiva (MTP) Celena Far\u00edas, del Programa Penitenciario Luisa C\u00e1ceres de Arismendi del\u00a0 Inces, coordinado por Carlos Salazar, con el apoyo de\u00a0 Fanny Jos\u00e9 Rojas.<\/span><\/p>\n<p dir=\"ltr\" style=\"text-align: justify;\"><span style=\"font-family: helvetica, arial, sans-serif; font-size: 14pt;\">Esta capacitaci\u00f3n de nuestra instituci\u00f3n forma parte de las que se desarrollan fuera de los ambientes de ense\u00f1anza Inces con la finalidad de abarcar un mayor n\u00famero de la poblaci\u00f3n y llegar a todos los rincones de la Perla del Caribe, siguiendo los lineamientos del presidente del Inces Wuikelman \u00c1ngel Paredes y el gerente regional Alex Andarcia.<\/span><\/p>\n","protected":false},"excerpt":{"rendered":"<p>**Un total de 30 participantes participaron en la capacitaci\u00f3n Elaboraci\u00f3n de Pasapalos<\/p>\n","protected":false},"author":15,"featured_media":47540,"comment_status":"closed","ping_status":"closed","sticky":false,"template":"","format":"standard","meta":{"footnotes":""},"categories":[2],"tags":[],"class_list":["post-47538","post","type-post","status-publish","format-standard","has-post-thumbnail","hentry","category-blog"],"_links":{"self":[{"href":"https:\/\/inces.gob.ve\/index.php\/wp-json\/wp\/v2\/posts\/47538","targetHints":{"allow":["GET"]}}],"collection":[{"href":"https:\/\/inces.gob.ve\/index.php\/wp-json\/wp\/v2\/posts"}],"about":[{"href":"https:\/\/inces.gob.ve\/index.php\/wp-json\/wp\/v2\/types\/post"}],"author":[{"embeddable":true,"href":"https:\/\/inces.gob.ve\/index.php\/wp-json\/wp\/v2\/users\/15"}],"replies":[{"embeddable":true,"href":"https:\/\/inces.gob.ve\/index.php\/wp-json\/wp\/v2\/comments?post=47538"}],"version-history":[{"count":3,"href":"https:\/\/inces.gob.ve\/index.php\/wp-json\/wp\/v2\/posts\/47538\/revisions"}],"predecessor-version":[{"id":47544,"href":"https:\/\/inces.gob.ve\/index.php\/wp-json\/wp\/v2\/posts\/47538\/revisions\/47544"}],"wp:featuredmedia":[{"embeddable":true,"href":"https:\/\/inces.gob.ve\/index.php\/wp-json\/wp\/v2\/media\/47540"}],"wp:attachment":[{"href":"https:\/\/inces.gob.ve\/index.php\/wp-json\/wp\/v2\/media?parent=47538"}],"wp:term":[{"taxonomy":"category","embeddable":true,"href":"https:\/\/inces.gob.ve\/index.php\/wp-json\/wp\/v2\/categories?post=47538"},{"taxonomy":"post_tag","embeddable":true,"href":"https:\/\/inces.gob.ve\/index.php\/wp-json\/wp\/v2\/tags?post=47538"}],"curies":[{"name":"wp","href":"https:\/\/api.w.org\/{rel}","templated":true}]}}