{"id":47656,"date":"2022-10-25T20:12:37","date_gmt":"2022-10-26T00:12:37","guid":{"rendered":"https:\/\/inces.gob.ve\/?p=47656"},"modified":"2022-11-06T20:14:35","modified_gmt":"2022-11-07T00:14:35","slug":"apure-inces-forma-en-preparacion-de-salsas-a-habitantes-de-la-comunidad-francisco-montoya-ii-en-san-juan-de-payara","status":"publish","type":"post","link":"https:\/\/inces.gob.ve\/index.php\/2022\/10\/25\/apure-inces-forma-en-preparacion-de-salsas-a-habitantes-de-la-comunidad-francisco-montoya-ii-en-san-juan-de-payara\/","title":{"rendered":"APURE | Inces forma en Preparaci\u00f3n de Salsas a habitantes de la comunidad Francisco Montoya II en San Juan de Payara\u00a0"},"content":{"rendered":"<p style=\"text-align: justify;\"><strong><em><span style=\"font-size: 14pt; font-family: helvetica, arial, sans-serif;\">** La formaci\u00f3n tiene una duraci\u00f3n de 146 horas<\/span><\/em><\/strong><!--more--><\/p>\n<p>&nbsp;<\/p>\n<p>&nbsp;<\/p>\n<p style=\"text-align: justify;\"><span style=\"font-size: 14pt; font-family: helvetica, arial, sans-serif;\">La Formaci\u00f3n te\u00f3rico-pr\u00e1ctica de Preparaci\u00f3n de Salsas, est\u00e1 ejecut\u00e1ndose en la comunidad Francisco Montoya II de la parroquia San Juan de Payara, iniciando con la fase te\u00f3rica, con los temas de higiene y manipulaci\u00f3n de alimentos<\/span><\/p>\n<p>&nbsp;<\/p>\n<p style=\"text-align: justify;\"><span style=\"font-size: 14pt; font-family: helvetica, arial, sans-serif;\">Los participantes junto a la maestra t\u00e9cnica productiva Astrid Hidalgo, trataron el tema de manipulaci\u00f3n de alimentos y c\u00f3mo tomar las medidas adecuadas para evitar contaminar el alimento antes y durante la elaboraci\u00f3n de un producto.<\/span><\/p>\n<p>&nbsp;<\/p>\n<p style=\"text-align: justify;\"><span style=\"font-size: 14pt; font-family: helvetica, arial, sans-serif;\">En este caso las salsas que est\u00e1n siendo preparadas en la comunidad son de rubros como aguacate, berenjena, ajos y alcaparras.<\/span><\/p>\n<p>&nbsp;<\/p>\n<p style=\"text-align: justify;\"><span style=\"font-size: 14pt; font-family: helvetica, arial, sans-serif;\">Continuamos cumpliendo con los \u00c1mbitos de la matriz program\u00e1tica del Inces, en esta ocasi\u00f3n con el de Comunas<\/span><\/p>\n","protected":false},"excerpt":{"rendered":"<p>** La formaci\u00f3n tiene una duraci\u00f3n de 146 horas<\/p>\n","protected":false},"author":4,"featured_media":47657,"comment_status":"closed","ping_status":"closed","sticky":false,"template":"","format":"standard","meta":{"footnotes":""},"categories":[2],"tags":[],"class_list":["post-47656","post","type-post","status-publish","format-standard","has-post-thumbnail","hentry","category-blog"],"_links":{"self":[{"href":"https:\/\/inces.gob.ve\/index.php\/wp-json\/wp\/v2\/posts\/47656","targetHints":{"allow":["GET"]}}],"collection":[{"href":"https:\/\/inces.gob.ve\/index.php\/wp-json\/wp\/v2\/posts"}],"about":[{"href":"https:\/\/inces.gob.ve\/index.php\/wp-json\/wp\/v2\/types\/post"}],"author":[{"embeddable":true,"href":"https:\/\/inces.gob.ve\/index.php\/wp-json\/wp\/v2\/users\/4"}],"replies":[{"embeddable":true,"href":"https:\/\/inces.gob.ve\/index.php\/wp-json\/wp\/v2\/comments?post=47656"}],"version-history":[{"count":1,"href":"https:\/\/inces.gob.ve\/index.php\/wp-json\/wp\/v2\/posts\/47656\/revisions"}],"predecessor-version":[{"id":47658,"href":"https:\/\/inces.gob.ve\/index.php\/wp-json\/wp\/v2\/posts\/47656\/revisions\/47658"}],"wp:featuredmedia":[{"embeddable":true,"href":"https:\/\/inces.gob.ve\/index.php\/wp-json\/wp\/v2\/media\/47657"}],"wp:attachment":[{"href":"https:\/\/inces.gob.ve\/index.php\/wp-json\/wp\/v2\/media?parent=47656"}],"wp:term":[{"taxonomy":"category","embeddable":true,"href":"https:\/\/inces.gob.ve\/index.php\/wp-json\/wp\/v2\/categories?post=47656"},{"taxonomy":"post_tag","embeddable":true,"href":"https:\/\/inces.gob.ve\/index.php\/wp-json\/wp\/v2\/tags?post=47656"}],"curies":[{"name":"wp","href":"https:\/\/api.w.org\/{rel}","templated":true}]}}