{"id":47674,"date":"2022-10-05T07:30:29","date_gmt":"2022-10-05T11:30:29","guid":{"rendered":"https:\/\/inces.gob.ve\/?p=47674"},"modified":"2022-11-06T20:32:42","modified_gmt":"2022-11-07T00:32:42","slug":"apure-llego-octubre-y-con-el-la-navidad-en-el-inces","status":"publish","type":"post","link":"https:\/\/inces.gob.ve\/index.php\/2022\/10\/05\/apure-llego-octubre-y-con-el-la-navidad-en-el-inces\/","title":{"rendered":"APURE | Lleg\u00f3 Octubre y con el la Navidad en el Inces"},"content":{"rendered":"<p style=\"text-align: justify;\"><em><strong><span style=\"font-size: 14pt; font-family: helvetica, arial, sans-serif;\">** En todo el pa\u00eds se inici\u00f3 la Navidad siguiendo lineamientos del Ejecutivo Nacional<\/span><\/strong><\/em><!--more--><\/p>\n<p style=\"text-align: justify;\">\n<p style=\"text-align: justify;\"><span style=\"font-size: 14pt; font-family: helvetica, arial, sans-serif;\">Trabajadores y trabajadoras adornaron las puertas de las oficinas de la gerencia regional con alegr\u00eda, parranda y villancicos inici\u00f3 la Navidad en el Inces Apure.<\/span><\/p>\n<p>&nbsp;<\/p>\n<p style=\"text-align: justify;\"><span style=\"font-size: 14pt; font-family: helvetica, arial, sans-serif;\">En este mismo orden de ideas, degustaron un desayuno navide\u00f1o con orejitas y chocolate caliente, con emoci\u00f3n celebraron el comienzo de la \u00e9poca m\u00e1s bonita del a\u00f1o, felices por el nacimiento de Jes\u00fas que trae consigo alegr\u00eda y paz al mundo.<\/span><\/p>\n<p>&nbsp;<\/p>\n<p style=\"text-align: justify;\"><span style=\"font-size: 14pt; font-family: helvetica, arial, sans-serif;\">El gerente regional Daviel Rodr\u00edguez di\u00f3 unas palabras de uni\u00f3n a los trabajadores y trabajadoras y celebr\u00f3 la dedicaci\u00f3n, la empat\u00eda y el entusiasmo que tienen los mismo con las actividades que se promueven desde la gerencia<\/span><\/p>\n<p style=\"text-align: justify;\"><span style=\"font-size: 14pt; font-family: helvetica, arial, sans-serif;\">Una temporada donde las familias se reencuentran, disfrutan de estar unidos, para preparar los platos t\u00edpicos y festividades decembrina<\/span><\/p>\n","protected":false},"excerpt":{"rendered":"<p>** En todo el pa\u00eds se inici\u00f3 la Navidad siguiendo lineamientos del Ejecutivo Nacional<\/p>\n","protected":false},"author":4,"featured_media":47677,"comment_status":"closed","ping_status":"closed","sticky":false,"template":"","format":"standard","meta":{"footnotes":""},"categories":[2],"tags":[],"class_list":["post-47674","post","type-post","status-publish","format-standard","has-post-thumbnail","hentry","category-blog"],"_links":{"self":[{"href":"https:\/\/inces.gob.ve\/index.php\/wp-json\/wp\/v2\/posts\/47674","targetHints":{"allow":["GET"]}}],"collection":[{"href":"https:\/\/inces.gob.ve\/index.php\/wp-json\/wp\/v2\/posts"}],"about":[{"href":"https:\/\/inces.gob.ve\/index.php\/wp-json\/wp\/v2\/types\/post"}],"author":[{"embeddable":true,"href":"https:\/\/inces.gob.ve\/index.php\/wp-json\/wp\/v2\/users\/4"}],"replies":[{"embeddable":true,"href":"https:\/\/inces.gob.ve\/index.php\/wp-json\/wp\/v2\/comments?post=47674"}],"version-history":[{"count":1,"href":"https:\/\/inces.gob.ve\/index.php\/wp-json\/wp\/v2\/posts\/47674\/revisions"}],"predecessor-version":[{"id":47678,"href":"https:\/\/inces.gob.ve\/index.php\/wp-json\/wp\/v2\/posts\/47674\/revisions\/47678"}],"wp:featuredmedia":[{"embeddable":true,"href":"https:\/\/inces.gob.ve\/index.php\/wp-json\/wp\/v2\/media\/47677"}],"wp:attachment":[{"href":"https:\/\/inces.gob.ve\/index.php\/wp-json\/wp\/v2\/media?parent=47674"}],"wp:term":[{"taxonomy":"category","embeddable":true,"href":"https:\/\/inces.gob.ve\/index.php\/wp-json\/wp\/v2\/categories?post=47674"},{"taxonomy":"post_tag","embeddable":true,"href":"https:\/\/inces.gob.ve\/index.php\/wp-json\/wp\/v2\/tags?post=47674"}],"curies":[{"name":"wp","href":"https:\/\/api.w.org\/{rel}","templated":true}]}}