{"id":47700,"date":"2022-11-07T13:06:40","date_gmt":"2022-11-07T17:06:40","guid":{"rendered":"https:\/\/inces.gob.ve\/?p=47700"},"modified":"2022-11-07T13:12:34","modified_gmt":"2022-11-07T17:12:34","slug":"apure-inces-continua-con-el-plan-de-formacion-de-formadores-en-el-marco-de-la-transformacion-curricular-y-refundacion-de-la-institucion","status":"publish","type":"post","link":"https:\/\/inces.gob.ve\/index.php\/2022\/11\/07\/apure-inces-continua-con-el-plan-de-formacion-de-formadores-en-el-marco-de-la-transformacion-curricular-y-refundacion-de-la-institucion\/","title":{"rendered":"APURE | Inces contin\u00faa con el plan de formaci\u00f3n de formadores en el marco de la transformaci\u00f3n curricular y refundaci\u00f3n de la Instituci\u00f3n"},"content":{"rendered":"<p style=\"text-align: justify;\"><span style=\"font-family: helvetica, arial, sans-serif; font-size: 14pt;\"><em><strong>** El centro de formaci\u00f3n socialista industrial Apure fue la sede para la realizaci\u00f3n de la actividad<\/strong><\/em><!--more--><\/span><\/p>\n<p><span style=\"font-family: helvetica, arial, sans-serif; font-size: 14pt;\">Se llev\u00f3 a cabo una formaci\u00f3n dirigida a los maestros, trabajadores administrativos, personal de servicio y mantenimiento, coordinadores y dem\u00e1s sujetos que hacen vida activa en el centro de formaci\u00f3n socialista Biruaca, como parte de la planificaci\u00f3n elaborada por la gerencia regional y la divisi\u00f3n de formaci\u00f3n profesional<\/span><\/p>\n<p><span style=\"font-family: helvetica, arial, sans-serif; font-size: 14pt;\">En los contenidos pertinentes se les orienta el estudio permanente de los planes estrat\u00e9gicos de la naci\u00f3n, de los objetivos y metas estrat\u00e9gicas del Inces, el Plan de la Patria, la matriz program\u00e1tica del Inces, la transformaci\u00f3n curricular, los contenidos de formaci\u00f3n de formadores, entre otros que son necesarios para poder alcanzar las metas en materia formativa, todo esto debido a los procesos que se vienen desarrollando en materia de transformaci\u00f3n curricular, as\u00ed como la refundaci\u00f3n del Inces.<\/span><\/p>\n<div style=\"text-align: justify;\">\n<p><span style=\"font-family: helvetica, arial, sans-serif; font-size: 14pt;\">La Formaci\u00f3n la lider\u00f3 el \u00a0gerente regional Daviel Rodr\u00edguez, as\u00ed como el jefe de formaci\u00f3n profesional C\u00e9sar Loreto, la misma se seguir\u00e1 desarrollando de manera planificada al personal de los centros de formaci\u00f3n, as\u00ed como al personal de la gerencia regional.<\/span><\/p>\n<\/div>\n","protected":false},"excerpt":{"rendered":"<p>** El centro de formaci\u00f3n socialista industrial Apure fue la sede para la realizaci\u00f3n de la actividad<\/p>\n","protected":false},"author":15,"featured_media":47701,"comment_status":"closed","ping_status":"closed","sticky":false,"template":"","format":"standard","meta":{"footnotes":""},"categories":[2],"tags":[],"class_list":["post-47700","post","type-post","status-publish","format-standard","has-post-thumbnail","hentry","category-blog"],"_links":{"self":[{"href":"https:\/\/inces.gob.ve\/index.php\/wp-json\/wp\/v2\/posts\/47700","targetHints":{"allow":["GET"]}}],"collection":[{"href":"https:\/\/inces.gob.ve\/index.php\/wp-json\/wp\/v2\/posts"}],"about":[{"href":"https:\/\/inces.gob.ve\/index.php\/wp-json\/wp\/v2\/types\/post"}],"author":[{"embeddable":true,"href":"https:\/\/inces.gob.ve\/index.php\/wp-json\/wp\/v2\/users\/15"}],"replies":[{"embeddable":true,"href":"https:\/\/inces.gob.ve\/index.php\/wp-json\/wp\/v2\/comments?post=47700"}],"version-history":[{"count":2,"href":"https:\/\/inces.gob.ve\/index.php\/wp-json\/wp\/v2\/posts\/47700\/revisions"}],"predecessor-version":[{"id":47703,"href":"https:\/\/inces.gob.ve\/index.php\/wp-json\/wp\/v2\/posts\/47700\/revisions\/47703"}],"wp:featuredmedia":[{"embeddable":true,"href":"https:\/\/inces.gob.ve\/index.php\/wp-json\/wp\/v2\/media\/47701"}],"wp:attachment":[{"href":"https:\/\/inces.gob.ve\/index.php\/wp-json\/wp\/v2\/media?parent=47700"}],"wp:term":[{"taxonomy":"category","embeddable":true,"href":"https:\/\/inces.gob.ve\/index.php\/wp-json\/wp\/v2\/categories?post=47700"},{"taxonomy":"post_tag","embeddable":true,"href":"https:\/\/inces.gob.ve\/index.php\/wp-json\/wp\/v2\/tags?post=47700"}],"curies":[{"name":"wp","href":"https:\/\/api.w.org\/{rel}","templated":true}]}}