{"id":47714,"date":"2022-11-08T11:29:27","date_gmt":"2022-11-08T15:29:27","guid":{"rendered":"https:\/\/inces.gob.ve\/?p=47714"},"modified":"2022-11-08T11:29:27","modified_gmt":"2022-11-08T15:29:27","slug":"falcon-150-estudiantes-del-liceo-nacional-inces-falcon-protagonizan-actividad-cultural","status":"publish","type":"post","link":"https:\/\/inces.gob.ve\/index.php\/2022\/11\/08\/falcon-150-estudiantes-del-liceo-nacional-inces-falcon-protagonizan-actividad-cultural\/","title":{"rendered":"FALC\u00d3N | 150 Estudiantes del Liceo Nacional Inces Falc\u00f3n protagonizan actividad cultural"},"content":{"rendered":"<div dir=\"auto\" style=\"text-align: justify;\"><em><strong><span style=\"font-family: helvetica, arial, sans-serif; font-size: 14pt;\">**Estas acciones contribuyen al desarrollo integral de los j\u00f3venes en su educaci\u00f3n y a desarrollar la imaginaci\u00f3n y la creatividad.<\/span><\/strong><\/em><\/div>\n<p style=\"text-align: justify;\"><span style=\"font-family: helvetica, arial, sans-serif; font-size: 14pt;\"><!--more--><\/span><\/p>\n<p style=\"text-align: justify;\">\n<div dir=\"auto\" style=\"text-align: justify;\"><\/div>\n<div dir=\"auto\" style=\"text-align: justify;\"><span style=\"font-family: helvetica, arial, sans-serif; font-size: 14pt;\">MIRIAM GONZ\u00c1LEZ VILLARROEL\u00a0<\/span><\/div>\n<div dir=\"auto\" style=\"text-align: justify;\"><\/div>\n<div dir=\"auto\" style=\"text-align: justify;\"><span style=\"font-family: helvetica, arial, sans-serif; font-size: 14pt;\">Cumpliendo con el componente de participaci\u00f3n e integraci\u00f3n comunitaria, estudiantes del Liceo Nacional Inces Falc\u00f3n, en Coro, organizaron una actividad que involucr\u00f3 a los estudiantes, comunidad del punto y c\u00edrculo y a trabajadores del Instituto Nacional de Capacitaci\u00f3n y Educaci\u00f3n Socialista (Inces).<\/span><\/div>\n<div dir=\"auto\"><img loading=\"lazy\" decoding=\"async\" class=\"aligncenter wp-image-47719 size-full\" src=\"https:\/\/inces.gob.ve\/wp-content\/uploads\/2022\/11\/Falcon-protagonizan-actividad-cultural-6--scaled-e1667921191614.jpg\" alt=\"\" width=\"800\" height=\"667\" srcset=\"https:\/\/inces.gob.ve\/wp-content\/uploads\/2022\/11\/Falcon-protagonizan-actividad-cultural-6--scaled-e1667921191614.jpg 800w, https:\/\/inces.gob.ve\/wp-content\/uploads\/2022\/11\/Falcon-protagonizan-actividad-cultural-6--scaled-e1667921191614-300x250.jpg 300w, https:\/\/inces.gob.ve\/wp-content\/uploads\/2022\/11\/Falcon-protagonizan-actividad-cultural-6--scaled-e1667921191614-768x640.jpg 768w\" sizes=\"auto, (max-width: 800px) 100vw, 800px\" \/><\/div>\n<div dir=\"auto\" style=\"text-align: justify;\"><\/div>\n<div dir=\"auto\" style=\"text-align: justify;\"><span style=\"font-family: helvetica, arial, sans-serif; font-size: 14pt;\">En la actividad cultural que se realiz\u00f3 en el centro de formaci\u00f3n socialista \u00abJos\u00e9 Leonardo Chirino\u00bb participaron 150 estudiantes que cursan estudios en los diferentes per\u00edodos en este liceo, cumpliendo con los requisitos exigidos por el componente educativo que busca la integraci\u00f3n de los j\u00f3venes a trav\u00e9s de actividades deportivas, recreativas y comunitarias, precis\u00f3 Masly Espinoza,\u00a0 directora del liceo.<\/span><\/div>\n<div dir=\"auto\"><img loading=\"lazy\" decoding=\"async\" class=\"aligncenter wp-image-47715 size-full\" src=\"https:\/\/inces.gob.ve\/wp-content\/uploads\/2022\/11\/Falcon-protagonizan-actividad-cultural1--scaled-e1667921232676.jpg\" alt=\"\" width=\"800\" height=\"600\" srcset=\"https:\/\/inces.gob.ve\/wp-content\/uploads\/2022\/11\/Falcon-protagonizan-actividad-cultural1--scaled-e1667921232676.jpg 800w, https:\/\/inces.gob.ve\/wp-content\/uploads\/2022\/11\/Falcon-protagonizan-actividad-cultural1--scaled-e1667921232676-300x225.jpg 300w, https:\/\/inces.gob.ve\/wp-content\/uploads\/2022\/11\/Falcon-protagonizan-actividad-cultural1--scaled-e1667921232676-768x576.jpg 768w, https:\/\/inces.gob.ve\/wp-content\/uploads\/2022\/11\/Falcon-protagonizan-actividad-cultural1--scaled-e1667921232676-136x102.jpg 136w\" sizes=\"auto, (max-width: 800px) 100vw, 800px\" \/><\/div>\n<div dir=\"auto\" style=\"text-align: justify;\"><\/div>\n<div dir=\"auto\" style=\"text-align: justify;\"><span style=\"font-family: helvetica, arial, sans-serif; font-size: 14pt;\">\u201cEl proceso transformador de las pol\u00edticas educativas hacen que el estudiante no se detenga y avance en su formaci\u00f3n profesional para que la juventud se involucre en los procesos de transformaci\u00f3n del pa\u00eds, somos el futuro y el presente\u00bb. acot\u00f3 Edgleannys Vargas del 6to periodo.<\/span><\/div>\n<div dir=\"auto\"><img loading=\"lazy\" decoding=\"async\" class=\"aligncenter wp-image-47718 size-full\" src=\"https:\/\/inces.gob.ve\/wp-content\/uploads\/2022\/11\/Falcon-protagonizan-actividad-cultural-5--scaled-e1667921263674.jpg\" alt=\"\" width=\"800\" height=\"499\" srcset=\"https:\/\/inces.gob.ve\/wp-content\/uploads\/2022\/11\/Falcon-protagonizan-actividad-cultural-5--scaled-e1667921263674.jpg 800w, https:\/\/inces.gob.ve\/wp-content\/uploads\/2022\/11\/Falcon-protagonizan-actividad-cultural-5--scaled-e1667921263674-300x187.jpg 300w, https:\/\/inces.gob.ve\/wp-content\/uploads\/2022\/11\/Falcon-protagonizan-actividad-cultural-5--scaled-e1667921263674-768x479.jpg 768w\" sizes=\"auto, (max-width: 800px) 100vw, 800px\" \/><\/div>\n<div dir=\"auto\" style=\"text-align: justify;\"><\/div>\n<div dir=\"auto\" style=\"text-align: justify;\"><span style=\"font-family: helvetica, arial, sans-serif; font-size: 14pt;\">\u201cEsta experiencia de estudiar para obtener el t\u00edtulo de bachiller con un perfil productivo nos muestra la intencionalidad y respaldo del Inces para que avancemos hacia el futuro\u00bb, precis\u00f3, Carmen Blanco estudiante del 4to periodo.<\/span><\/div>\n<div dir=\"auto\" style=\"text-align: justify;\"><\/div>\n<div dir=\"auto\" style=\"text-align: justify;\"><span style=\"font-family: helvetica, arial, sans-serif; font-size: 14pt;\">En la actividad pedag\u00f3gica se presentaron grupos de danzas,\u00a0 organizados por el estudiante, Edward Jos\u00e9 Zarraga; por otra parte, la charla sobre la lectura e interpretaci\u00f3n de la palabra cristiana, estuvo a cargo de Richard Jos\u00e9 Colina Polanco, ambos estudiantes del 1er periodo.<\/span><\/div>\n<div dir=\"auto\"><img loading=\"lazy\" decoding=\"async\" class=\"aligncenter wp-image-47716 size-full\" src=\"https:\/\/inces.gob.ve\/wp-content\/uploads\/2022\/11\/Falcon-protagonizan-actividad-cultural4--scaled-e1667921295164.jpg\" alt=\"\" width=\"800\" height=\"600\" srcset=\"https:\/\/inces.gob.ve\/wp-content\/uploads\/2022\/11\/Falcon-protagonizan-actividad-cultural4--scaled-e1667921295164.jpg 800w, https:\/\/inces.gob.ve\/wp-content\/uploads\/2022\/11\/Falcon-protagonizan-actividad-cultural4--scaled-e1667921295164-300x225.jpg 300w, https:\/\/inces.gob.ve\/wp-content\/uploads\/2022\/11\/Falcon-protagonizan-actividad-cultural4--scaled-e1667921295164-768x576.jpg 768w, https:\/\/inces.gob.ve\/wp-content\/uploads\/2022\/11\/Falcon-protagonizan-actividad-cultural4--scaled-e1667921295164-136x102.jpg 136w\" sizes=\"auto, (max-width: 800px) 100vw, 800px\" \/><\/div>\n<div dir=\"auto\" style=\"text-align: justify;\"><\/div>\n<div dir=\"auto\" style=\"text-align: justify;\"><span style=\"font-family: helvetica, arial, sans-serif; font-size: 14pt;\">Asimismo, se realizaron encuentros de domin\u00f3 y elaboraci\u00f3n de manualidades alusivas a la navidad, donde la innovaci\u00f3n y la creatividad de los estudiantes se puso de manifiesto.<\/span><\/div>\n","protected":false},"excerpt":{"rendered":"<p>**Estas acciones contribuyen al desarrollo integral de los j\u00f3venes en su educaci\u00f3n y a desarrollar la imaginaci\u00f3n y la creatividad.<\/p>\n","protected":false},"author":15,"featured_media":47717,"comment_status":"closed","ping_status":"closed","sticky":false,"template":"","format":"standard","meta":{"footnotes":""},"categories":[2],"tags":[],"class_list":["post-47714","post","type-post","status-publish","format-standard","has-post-thumbnail","hentry","category-blog"],"_links":{"self":[{"href":"https:\/\/inces.gob.ve\/index.php\/wp-json\/wp\/v2\/posts\/47714","targetHints":{"allow":["GET"]}}],"collection":[{"href":"https:\/\/inces.gob.ve\/index.php\/wp-json\/wp\/v2\/posts"}],"about":[{"href":"https:\/\/inces.gob.ve\/index.php\/wp-json\/wp\/v2\/types\/post"}],"author":[{"embeddable":true,"href":"https:\/\/inces.gob.ve\/index.php\/wp-json\/wp\/v2\/users\/15"}],"replies":[{"embeddable":true,"href":"https:\/\/inces.gob.ve\/index.php\/wp-json\/wp\/v2\/comments?post=47714"}],"version-history":[{"count":1,"href":"https:\/\/inces.gob.ve\/index.php\/wp-json\/wp\/v2\/posts\/47714\/revisions"}],"predecessor-version":[{"id":47720,"href":"https:\/\/inces.gob.ve\/index.php\/wp-json\/wp\/v2\/posts\/47714\/revisions\/47720"}],"wp:featuredmedia":[{"embeddable":true,"href":"https:\/\/inces.gob.ve\/index.php\/wp-json\/wp\/v2\/media\/47717"}],"wp:attachment":[{"href":"https:\/\/inces.gob.ve\/index.php\/wp-json\/wp\/v2\/media?parent=47714"}],"wp:term":[{"taxonomy":"category","embeddable":true,"href":"https:\/\/inces.gob.ve\/index.php\/wp-json\/wp\/v2\/categories?post=47714"},{"taxonomy":"post_tag","embeddable":true,"href":"https:\/\/inces.gob.ve\/index.php\/wp-json\/wp\/v2\/tags?post=47714"}],"curies":[{"name":"wp","href":"https:\/\/api.w.org\/{rel}","templated":true}]}}