{"id":47730,"date":"2022-11-08T14:35:44","date_gmt":"2022-11-08T18:35:44","guid":{"rendered":"https:\/\/inces.gob.ve\/?p=47730"},"modified":"2022-11-08T16:58:38","modified_gmt":"2022-11-08T20:58:38","slug":"inces-y-fundacion-telefonica-renuevan-alianza-con-la-apertura-de-una-sala-digital-para-cursos-avanzados","status":"publish","type":"post","link":"https:\/\/inces.gob.ve\/index.php\/2022\/11\/08\/inces-y-fundacion-telefonica-renuevan-alianza-con-la-apertura-de-una-sala-digital-para-cursos-avanzados\/","title":{"rendered":"Inces y Fundaci\u00f3n Telef\u00f3nica renuevan alianza con la apertura de una Sala Digital"},"content":{"rendered":"<p style=\"text-align: justify;\" align=\"center\"><span style=\"font-family: georgia, palatino, serif;\"><span style=\"font-size: 14pt;\"><i><b>** La Sala Digital donada por la Fundaci\u00f3n Telef\u00f3nica Movistar est\u00e1 ubicada los espacios de lo que ser\u00e1 la futura Escuela de Medios y Comunicaci\u00f3n destinada para la formaci\u00f3n de j\u00f3venes en cine, televisi\u00f3n, radio y redes sociales<\/b><\/i><\/span><\/span><\/p>\n<p style=\"text-align: justify;\" align=\"center\"><span style=\"font-family: georgia, palatino, serif;\"><!--more--><\/span><\/p>\n<p style=\"text-align: left;\" align=\"center\"><span style=\"font-family: georgia, palatino, serif;\">Freddy Mart\u00ednez<\/span><\/p>\n<p style=\"text-align: left;\" align=\"center\">Foto Luis J. Gonz\u00e1lez C.<\/p>\n<p style=\"text-align: justify;\" align=\"justify\"><span style=\"font-family: georgia, palatino, serif; font-size: 14pt;\">Inces y la Fundaci\u00f3n Telef\u00f3nica Movistar renuevan convenio de cooperaci\u00f3n institucional con la inauguraci\u00f3n de una Sala Digital en los espacios de lo que ser\u00e1 la futura Escuela de Medios y Comunicaci\u00f3n ubicada en el piso 7 del edificio sede de la avenida Nueva Granada, un proyecto que forma parte de los acuerdos suscritos que ambas instituciones mantienen desde hace un a\u00f1o.<img loading=\"lazy\" decoding=\"async\" class=\"aligncenter wp-image-47736 size-full\" src=\"https:\/\/inces.gob.ve\/wp-content\/uploads\/2022\/11\/alianza-apertura-Sala-Digital-7--e1667932278970.jpg\" alt=\"\" width=\"800\" height=\"533\" srcset=\"https:\/\/inces.gob.ve\/wp-content\/uploads\/2022\/11\/alianza-apertura-Sala-Digital-7--e1667932278970.jpg 800w, https:\/\/inces.gob.ve\/wp-content\/uploads\/2022\/11\/alianza-apertura-Sala-Digital-7--e1667932278970-300x200.jpg 300w, https:\/\/inces.gob.ve\/wp-content\/uploads\/2022\/11\/alianza-apertura-Sala-Digital-7--e1667932278970-768x512.jpg 768w, https:\/\/inces.gob.ve\/wp-content\/uploads\/2022\/11\/alianza-apertura-Sala-Digital-7--e1667932278970-272x182.jpg 272w\" sizes=\"auto, (max-width: 800px) 100vw, 800px\" \/><\/span><\/p>\n<p style=\"text-align: justify;\" align=\"justify\"><span style=\"font-family: georgia, palatino, serif; font-size: 14pt;\">Este acuerdo refuerza la importancia de la cooperaci\u00f3n entre las instituciones p\u00fablicas y empresa privada destinada a la formaci\u00f3n integral de la juventud a fin de avanzar hacia sociedades con ventajas tecnol\u00f3gicas.<\/span><\/p>\n<p align=\"justify\"><span style=\"font-family: georgia, palatino, serif;\"><img loading=\"lazy\" decoding=\"async\" class=\"aligncenter wp-image-47735 size-full\" src=\"https:\/\/inces.gob.ve\/wp-content\/uploads\/2022\/11\/alianza-apertura-Sala-Digital-6--e1667932384778.jpg\" alt=\"\" width=\"800\" height=\"533\" srcset=\"https:\/\/inces.gob.ve\/wp-content\/uploads\/2022\/11\/alianza-apertura-Sala-Digital-6--e1667932384778.jpg 800w, https:\/\/inces.gob.ve\/wp-content\/uploads\/2022\/11\/alianza-apertura-Sala-Digital-6--e1667932384778-300x200.jpg 300w, https:\/\/inces.gob.ve\/wp-content\/uploads\/2022\/11\/alianza-apertura-Sala-Digital-6--e1667932384778-768x512.jpg 768w, https:\/\/inces.gob.ve\/wp-content\/uploads\/2022\/11\/alianza-apertura-Sala-Digital-6--e1667932384778-272x182.jpg 272w\" sizes=\"auto, (max-width: 800px) 100vw, 800px\" \/><\/span><\/p>\n<p style=\"text-align: justify;\" align=\"justify\"><span style=\"font-family: georgia, palatino, serif; font-size: 14pt;\">En la actividad de apertura de la Sala Digital estuvo presente Wuikelman Angel; asimismo, Edgar Blanco, Viceministro del Mpp para el Trabajo, Jos\u00e9 Luis Rodr\u00edguez Zarco presidente de la Fundaci\u00f3n Telef\u00f3nica, Luis Cacho L\u00f3pez consejero cultural de la Embajada del Reino de Espa\u00f1a y Ana Mar\u00eda Mancera gerente general de Fundaci\u00f3n Telef\u00f3nica.<\/span><\/p>\n<p align=\"justify\"><span style=\"font-family: georgia, palatino, serif;\"><img loading=\"lazy\" decoding=\"async\" class=\"alignnone wp-image-47733 size-full\" src=\"https:\/\/inces.gob.ve\/wp-content\/uploads\/2022\/11\/alianza-apertura-Sala-Digital-3--e1667932415443.jpg\" alt=\"\" width=\"800\" height=\"533\" srcset=\"https:\/\/inces.gob.ve\/wp-content\/uploads\/2022\/11\/alianza-apertura-Sala-Digital-3--e1667932415443.jpg 800w, https:\/\/inces.gob.ve\/wp-content\/uploads\/2022\/11\/alianza-apertura-Sala-Digital-3--e1667932415443-300x200.jpg 300w, https:\/\/inces.gob.ve\/wp-content\/uploads\/2022\/11\/alianza-apertura-Sala-Digital-3--e1667932415443-768x512.jpg 768w, https:\/\/inces.gob.ve\/wp-content\/uploads\/2022\/11\/alianza-apertura-Sala-Digital-3--e1667932415443-272x182.jpg 272w\" sizes=\"auto, (max-width: 800px) 100vw, 800px\" \/><\/span><\/p>\n<p style=\"text-align: justify;\" align=\"justify\"><span style=\"font-family: georgia, palatino, serif; font-size: 14pt;\">La Sala Digital Movistar cuenta con equipos de computaci\u00f3n e internet de alta velocidad con acceso a la plataforma de aprendizaje Conecta Empleo que enlazar\u00e1 con un cat\u00e1logo ampliado de 32 cursos en l\u00ednea, adem\u00e1s los participantes podr\u00e1n recibir clases te\u00f3rico-pr\u00e1cticas vinculadas al plan de estudio de la Escuela de Medios y Comunicaci\u00f3n Digital.<\/span><\/p>\n<div class=\"yj6qo\" style=\"text-align: justify;\"><span style=\"font-family: georgia, palatino, serif;\"><img loading=\"lazy\" decoding=\"async\" class=\"aligncenter wp-image-47731 size-full\" src=\"https:\/\/inces.gob.ve\/wp-content\/uploads\/2022\/11\/alianza-apertura-Sala-Digital1--e1667932437618.jpg\" alt=\"\" width=\"800\" height=\"533\" srcset=\"https:\/\/inces.gob.ve\/wp-content\/uploads\/2022\/11\/alianza-apertura-Sala-Digital1--e1667932437618.jpg 800w, https:\/\/inces.gob.ve\/wp-content\/uploads\/2022\/11\/alianza-apertura-Sala-Digital1--e1667932437618-300x200.jpg 300w, https:\/\/inces.gob.ve\/wp-content\/uploads\/2022\/11\/alianza-apertura-Sala-Digital1--e1667932437618-768x512.jpg 768w, https:\/\/inces.gob.ve\/wp-content\/uploads\/2022\/11\/alianza-apertura-Sala-Digital1--e1667932437618-272x182.jpg 272w\" sizes=\"auto, (max-width: 800px) 100vw, 800px\" \/><\/span><\/div>\n<div><\/div>\n<div>\n<p align=\"justify\"><span style=\"font-family: helvetica, sans-serif;\"><span style=\"font-size: large;\">Adem\u00e1s de la Sala Digital, la Escuela de Medios y Comunicaci\u00f3n Digital tiene un sal\u00f3n-estudio para cine, una amplia sala de televisi\u00f3n, una cabina de radio, un espacio de edici\u00f3n y grabaci\u00f3n y un sal\u00f3n para redes sociales, sin duda un acierto destinado la formaci\u00f3n de muchos j\u00f3venes que deseen incursionar en el mundo de la producci\u00f3n audiovisual. <\/span><\/span><\/p>\n<p align=\"justify\"><span style=\"font-family: helvetica, sans-serif;\"><span style=\"font-size: large;\">El presidente del Inces Wuikelman Angel expres\u00f3 ante los medios de comunicaci\u00f3n presentes en el acto que con la apertura de este complejo se trata de un trabajo dedicado a la juventud venezolana para la formaci\u00f3n t\u00e9cnica en el \u00e1rea de las competencias digitales, en el cual se ha colocado a disposici\u00f3n las plataformas \u201cConecta Empleo\u201d (Movistar) y \u201cCampus Virtual Inces\u201d. <\/span><\/span><\/p>\n<p align=\"justify\">\u201c<span style=\"font-family: helvetica, sans-serif;\"><span style=\"font-size: large;\">La Sala Digital es un espacio especialmente concebido para formar profesionales que va a estar orientado al mundo de la comunicaci\u00f3n y que incluye a fot\u00f3grafos, camar\u00f3grafos, productores, sonidistas, editores, entre otros profesionales de los medios\u201d, manifest\u00f3 Angel.<\/span><\/span><\/p>\n<p align=\"justify\"><img loading=\"lazy\" decoding=\"async\" class=\"aligncenter wp-image-47747 size-full\" src=\"https:\/\/inces.gob.ve\/wp-content\/uploads\/2022\/11\/alianza-apertura-Sala-Digital-11--e1667940041272.jpg\" alt=\"\" width=\"800\" height=\"533\" srcset=\"https:\/\/inces.gob.ve\/wp-content\/uploads\/2022\/11\/alianza-apertura-Sala-Digital-11--e1667940041272.jpg 800w, https:\/\/inces.gob.ve\/wp-content\/uploads\/2022\/11\/alianza-apertura-Sala-Digital-11--e1667940041272-300x200.jpg 300w, https:\/\/inces.gob.ve\/wp-content\/uploads\/2022\/11\/alianza-apertura-Sala-Digital-11--e1667940041272-768x512.jpg 768w, https:\/\/inces.gob.ve\/wp-content\/uploads\/2022\/11\/alianza-apertura-Sala-Digital-11--e1667940041272-272x182.jpg 272w\" sizes=\"auto, (max-width: 800px) 100vw, 800px\" \/><\/p>\n<p align=\"justify\"><span style=\"font-family: helvetica, sans-serif;\"><span style=\"font-size: large;\">Para Jos\u00e9 Luis Rodr\u00edguez Zarco, presidente de la Fundaci\u00f3n Telef\u00f3nica Movistar en Venezuela, se trata de un acto importante porque est\u00e1 orientado para la educaci\u00f3n y para la juventud. \u201cTodos los eventos de la pandemia han acelerado la digitalizaci\u00f3n de la sociedad, lo que esper\u00e1bamos que se produjera en diez a\u00f1os, acaba de suceder en dos. Por ello, las sociedades que no se digitalicen o no apliquen las nuevas tecnolog\u00edas se van a quedar en el pasado, pero esto no aplica para Venezuela porque, tanto los privados, como las instituciones del Estado, no lo van a permitir\u201d. <\/span><\/span><\/p>\n<p align=\"justify\"><span style=\"font-family: helvetica, sans-serif;\"><span style=\"font-size: large;\">Entretanto, Luis Cacho L\u00f3pez, consejero cultural de la Embajada de Espa\u00f1a en Venezuela se\u00f1al\u00f3 que para la legaci\u00f3n que representa es imperativo apoyar la formaci\u00f3n de los j\u00f3venes venezolanos, \u201cpara la Embajada es un orgullo estar presente en la suscripci\u00f3n de este convenio, pues, la idea de la Consejer\u00eda Cultural es apoyar a Venezuela en todo lo que sea necesario en educaci\u00f3n, en promoci\u00f3n de cultura, en la creaci\u00f3n de v\u00ednculos y puentes de uni\u00f3n entre dos pueblos hermanos\u201d. <\/span><\/span><\/p>\n<p align=\"justify\"><span style=\"font-family: helvetica, sans-serif;\"><span style=\"font-size: large;\">El consejero cultural valor\u00f3 la renovaci\u00f3n del acuerdo de cooperaci\u00f3n entre ambas instituciones. <\/span><\/span><\/p>\n<\/div>\n<div class=\"adL\" style=\"text-align: justify;\"><\/div>\n<div class=\"adL\" dir=\"ltr\" data-smartmail=\"gmail_signature\">\n<div dir=\"ltr\">\n<div style=\"text-align: justify;\"><\/div>\n<\/div>\n<\/div>\n","protected":false},"excerpt":{"rendered":"<p>** La Sala Digital donada por la Fundaci\u00f3n Telef\u00f3nica Movistar est\u00e1 ubicada los espacios de lo que ser\u00e1 la futura Escuela de Medios y Comunicaci\u00f3n destinada para la formaci\u00f3n de j\u00f3venes en cine, televisi\u00f3n, radio y redes sociales<\/p>\n","protected":false},"author":15,"featured_media":47734,"comment_status":"closed","ping_status":"closed","sticky":false,"template":"","format":"standard","meta":{"footnotes":""},"categories":[2],"tags":[],"class_list":["post-47730","post","type-post","status-publish","format-standard","has-post-thumbnail","hentry","category-blog"],"_links":{"self":[{"href":"https:\/\/inces.gob.ve\/index.php\/wp-json\/wp\/v2\/posts\/47730","targetHints":{"allow":["GET"]}}],"collection":[{"href":"https:\/\/inces.gob.ve\/index.php\/wp-json\/wp\/v2\/posts"}],"about":[{"href":"https:\/\/inces.gob.ve\/index.php\/wp-json\/wp\/v2\/types\/post"}],"author":[{"embeddable":true,"href":"https:\/\/inces.gob.ve\/index.php\/wp-json\/wp\/v2\/users\/15"}],"replies":[{"embeddable":true,"href":"https:\/\/inces.gob.ve\/index.php\/wp-json\/wp\/v2\/comments?post=47730"}],"version-history":[{"count":12,"href":"https:\/\/inces.gob.ve\/index.php\/wp-json\/wp\/v2\/posts\/47730\/revisions"}],"predecessor-version":[{"id":47751,"href":"https:\/\/inces.gob.ve\/index.php\/wp-json\/wp\/v2\/posts\/47730\/revisions\/47751"}],"wp:featuredmedia":[{"embeddable":true,"href":"https:\/\/inces.gob.ve\/index.php\/wp-json\/wp\/v2\/media\/47734"}],"wp:attachment":[{"href":"https:\/\/inces.gob.ve\/index.php\/wp-json\/wp\/v2\/media?parent=47730"}],"wp:term":[{"taxonomy":"category","embeddable":true,"href":"https:\/\/inces.gob.ve\/index.php\/wp-json\/wp\/v2\/categories?post=47730"},{"taxonomy":"post_tag","embeddable":true,"href":"https:\/\/inces.gob.ve\/index.php\/wp-json\/wp\/v2\/tags?post=47730"}],"curies":[{"name":"wp","href":"https:\/\/api.w.org\/{rel}","templated":true}]}}