{"id":47768,"date":"2022-11-09T11:01:52","date_gmt":"2022-11-09T15:01:52","guid":{"rendered":"https:\/\/inces.gob.ve\/?p=47768"},"modified":"2022-11-09T11:02:27","modified_gmt":"2022-11-09T15:02:27","slug":"nueva-esparta-en-el-cfs-guaraguao-se-realizan-134-certificaciones","status":"publish","type":"post","link":"https:\/\/inces.gob.ve\/index.php\/2022\/11\/09\/nueva-esparta-en-el-cfs-guaraguao-se-realizan-134-certificaciones\/","title":{"rendered":"NUEVA ESPARTA | En el CFS Guaraguao se realizan 134 certificaciones"},"content":{"rendered":"<p style=\"text-align: justify;\"><span style=\"font-family: helvetica, arial, sans-serif; font-size: 14pt;\">**<em><strong>Las salidas ocupacionales m\u00e1s solicitadas son cocina, textil, mec\u00e1nica, refrigeraci\u00f3ny computaci\u00f3n<\/strong><\/em><!--more--><\/span><\/p>\n<p>&nbsp;<\/p>\n<p style=\"text-align: justify;\" align=\"justify\"><span style=\"font-family: helvetica, arial, sans-serif; font-size: 14pt;\">ELEITA C\u00c9SPEDES DE ANTEPAZ<\/span><\/p>\n<p style=\"text-align: justify;\" align=\"justify\"><span style=\"font-family: helvetica, arial, sans-serif; font-size: 14pt;\">Una gran jornada de Certificaci\u00f3n de Saberes se desarroll\u00f3 el pasado viernes en el Centro de Formaci\u00f3n Socialista (CFS) Guaraguao, localizado en la poblaci\u00f3n de Porlamar en la Isla de Margarita, llevada a cabo por el equipo de Curr\u00edculo y Did\u00e1ctica y Formaci\u00f3n Profesional del Inces Nueva Esparta, gerenciado por Alex Andarcia.<\/span><\/p>\n<p align=\"justify\"><img loading=\"lazy\" decoding=\"async\" class=\"aligncenter wp-image-47772 \" src=\"https:\/\/inces.gob.ve\/wp-content\/uploads\/2022\/11\/salidas-ocupacionales-4--scaled-e1668005881981.jpg\" alt=\"\" width=\"503\" height=\"671\" srcset=\"https:\/\/inces.gob.ve\/wp-content\/uploads\/2022\/11\/salidas-ocupacionales-4--scaled-e1668005881981.jpg 800w, https:\/\/inces.gob.ve\/wp-content\/uploads\/2022\/11\/salidas-ocupacionales-4--scaled-e1668005881981-225x300.jpg 225w, https:\/\/inces.gob.ve\/wp-content\/uploads\/2022\/11\/salidas-ocupacionales-4--scaled-e1668005881981-768x1024.jpg 768w, https:\/\/inces.gob.ve\/wp-content\/uploads\/2022\/11\/salidas-ocupacionales-4--scaled-e1668005881981-576x768.jpg 576w\" sizes=\"auto, (max-width: 503px) 100vw, 503px\" \/><\/p>\n<p style=\"text-align: justify;\" align=\"justify\"><span style=\"font-family: helvetica, arial, sans-serif; font-size: 14pt;\">En esta actividad, donde estuvieron involucrados los integrantes del punto y c\u00edrculo, consejo comunal, Fundaproal, las cocineras de la patria y los vecinos del Paseo Guaraguao y sitios aleda\u00f1os, se atendieron 134 sujetos de aprendizaje en un total de 294 salidas ocupacionales.<\/span><\/p>\n<p align=\"justify\"><img loading=\"lazy\" decoding=\"async\" class=\"aligncenter wp-image-47773 size-full\" src=\"https:\/\/inces.gob.ve\/wp-content\/uploads\/2022\/11\/salidas-ocupacionales-5--scaled-e1668005910324.jpg\" alt=\"\" width=\"800\" height=\"600\" srcset=\"https:\/\/inces.gob.ve\/wp-content\/uploads\/2022\/11\/salidas-ocupacionales-5--scaled-e1668005910324.jpg 800w, https:\/\/inces.gob.ve\/wp-content\/uploads\/2022\/11\/salidas-ocupacionales-5--scaled-e1668005910324-300x225.jpg 300w, https:\/\/inces.gob.ve\/wp-content\/uploads\/2022\/11\/salidas-ocupacionales-5--scaled-e1668005910324-768x576.jpg 768w, https:\/\/inces.gob.ve\/wp-content\/uploads\/2022\/11\/salidas-ocupacionales-5--scaled-e1668005910324-136x102.jpg 136w\" sizes=\"auto, (max-width: 800px) 100vw, 800px\" \/><\/p>\n<p style=\"text-align: justify;\" align=\"justify\"><span style=\"font-family: helvetica, arial, sans-serif; font-size: 14pt;\">Yndira Tortab\u00fa, coordinadora de encadenamiento productivo, manifest\u00f3 que certificaron en las \u00e1reas textil, refrigeraci\u00f3n, mec\u00e1nica, cocina, automotriz, gastronom\u00eda, adornos para el hogar, peluquer\u00eda,\u00a0 computaci\u00f3n y agricultura.<\/span><\/p>\n<p align=\"justify\"><img loading=\"lazy\" decoding=\"async\" class=\"aligncenter wp-image-47771 size-full\" src=\"https:\/\/inces.gob.ve\/wp-content\/uploads\/2022\/11\/salidas-ocupacionales-2--scaled-e1668005938760.jpg\" alt=\"\" width=\"800\" height=\"600\" srcset=\"https:\/\/inces.gob.ve\/wp-content\/uploads\/2022\/11\/salidas-ocupacionales-2--scaled-e1668005938760.jpg 800w, https:\/\/inces.gob.ve\/wp-content\/uploads\/2022\/11\/salidas-ocupacionales-2--scaled-e1668005938760-300x225.jpg 300w, https:\/\/inces.gob.ve\/wp-content\/uploads\/2022\/11\/salidas-ocupacionales-2--scaled-e1668005938760-768x576.jpg 768w, https:\/\/inces.gob.ve\/wp-content\/uploads\/2022\/11\/salidas-ocupacionales-2--scaled-e1668005938760-136x102.jpg 136w\" sizes=\"auto, (max-width: 800px) 100vw, 800px\" \/><\/p>\n<p style=\"text-align: justify;\" align=\"justify\"><span style=\"font-family: helvetica, arial, sans-serif; font-size: 14pt;\">Aprovech\u00f3 Tortab\u00fa para felicitar a los maestro t\u00e9cnicos productivos, a los integrantes de Formaci\u00f3n Profesional, Talento Humano, Administraci\u00f3n y todos los miembros del Inces Nueva Esparta, quienes les ayudaron en esta importante tarea de certificar los saberes de aquellas personas que han aprendido un oficio de manera emp\u00edrica, viendo hacer a otros o por los consejos y ense\u00f1anzas de sus familiares o amigos.<\/span><\/p>\n<p align=\"justify\"><img loading=\"lazy\" decoding=\"async\" class=\"aligncenter wp-image-47770 size-full\" src=\"https:\/\/inces.gob.ve\/wp-content\/uploads\/2022\/11\/salidas-ocupacionales3--scaled-e1668006079201.jpg\" alt=\"\" width=\"800\" height=\"600\" srcset=\"https:\/\/inces.gob.ve\/wp-content\/uploads\/2022\/11\/salidas-ocupacionales3--scaled-e1668006079201.jpg 800w, https:\/\/inces.gob.ve\/wp-content\/uploads\/2022\/11\/salidas-ocupacionales3--scaled-e1668006079201-300x225.jpg 300w, https:\/\/inces.gob.ve\/wp-content\/uploads\/2022\/11\/salidas-ocupacionales3--scaled-e1668006079201-768x576.jpg 768w, https:\/\/inces.gob.ve\/wp-content\/uploads\/2022\/11\/salidas-ocupacionales3--scaled-e1668006079201-136x102.jpg 136w\" sizes=\"auto, (max-width: 800px) 100vw, 800px\" \/><\/p>\n","protected":false},"excerpt":{"rendered":"<p>**Las salidas ocupacionales m\u00e1s solicitadas son cocina, textil, mec\u00e1nica, refrigeraci\u00f3ny computaci\u00f3n<\/p>\n","protected":false},"author":15,"featured_media":47769,"comment_status":"closed","ping_status":"closed","sticky":false,"template":"","format":"standard","meta":{"footnotes":""},"categories":[2],"tags":[],"class_list":["post-47768","post","type-post","status-publish","format-standard","has-post-thumbnail","hentry","category-blog"],"_links":{"self":[{"href":"https:\/\/inces.gob.ve\/index.php\/wp-json\/wp\/v2\/posts\/47768","targetHints":{"allow":["GET"]}}],"collection":[{"href":"https:\/\/inces.gob.ve\/index.php\/wp-json\/wp\/v2\/posts"}],"about":[{"href":"https:\/\/inces.gob.ve\/index.php\/wp-json\/wp\/v2\/types\/post"}],"author":[{"embeddable":true,"href":"https:\/\/inces.gob.ve\/index.php\/wp-json\/wp\/v2\/users\/15"}],"replies":[{"embeddable":true,"href":"https:\/\/inces.gob.ve\/index.php\/wp-json\/wp\/v2\/comments?post=47768"}],"version-history":[{"count":2,"href":"https:\/\/inces.gob.ve\/index.php\/wp-json\/wp\/v2\/posts\/47768\/revisions"}],"predecessor-version":[{"id":47775,"href":"https:\/\/inces.gob.ve\/index.php\/wp-json\/wp\/v2\/posts\/47768\/revisions\/47775"}],"wp:featuredmedia":[{"embeddable":true,"href":"https:\/\/inces.gob.ve\/index.php\/wp-json\/wp\/v2\/media\/47769"}],"wp:attachment":[{"href":"https:\/\/inces.gob.ve\/index.php\/wp-json\/wp\/v2\/media?parent=47768"}],"wp:term":[{"taxonomy":"category","embeddable":true,"href":"https:\/\/inces.gob.ve\/index.php\/wp-json\/wp\/v2\/categories?post=47768"},{"taxonomy":"post_tag","embeddable":true,"href":"https:\/\/inces.gob.ve\/index.php\/wp-json\/wp\/v2\/tags?post=47768"}],"curies":[{"name":"wp","href":"https:\/\/api.w.org\/{rel}","templated":true}]}}