{"id":47864,"date":"2022-11-14T14:40:48","date_gmt":"2022-11-14T18:40:48","guid":{"rendered":"https:\/\/inces.gob.ve\/?p=47864"},"modified":"2022-11-14T14:53:39","modified_gmt":"2022-11-14T18:53:39","slug":"nueva-esparta-atendidos-vecinos-de-genoves-en-jornada-de-certificacion-y-culminacion-de-formacion","status":"publish","type":"post","link":"https:\/\/inces.gob.ve\/index.php\/2022\/11\/14\/nueva-esparta-atendidos-vecinos-de-genoves-en-jornada-de-certificacion-y-culminacion-de-formacion\/","title":{"rendered":"NUEVA ESPARTA  \/ Atendidos vecinos de Genov\u00e9s en jornada de certificaci\u00f3n y culminaci\u00f3n de formaci\u00f3n"},"content":{"rendered":"<p style=\"text-align: justify;\"><span style=\"font-family: arial, sans-serif;\">*<span style=\"font-family: helvetica, arial, sans-serif; font-size: 14pt;\">*<em><strong>Los participantes del Curso de Barber\u00eda del Inces y de la Peluquer\u00eda Sensacional Look brindaron sus servicios a los viejitos, ni\u00f1os y a las damas de este sector de Porlamar<\/strong><\/em><\/span><\/span><span style=\"font-family: helvetica, arial, sans-serif; font-size: 14pt;\"><!--more--><\/span><\/p>\n<p style=\"text-align: justify;\" align=\"justify\"><span style=\"font-family: helvetica, arial, sans-serif; font-size: 14pt;\">ELEITA C\u00c9SPEDES DE ANTEPAZ<\/span><\/p>\n<p style=\"text-align: justify;\" align=\"justify\"><span style=\"font-family: helvetica, arial, sans-serif; font-size: 14pt;\">\u00a0Los 18 participantes de la formaci\u00f3n de Barber\u00eda, que imparti\u00f3 el Inces en el Instituto da Atenci\u00f3n al Menor en Nueva Esparta, Iamene, realizaron una excelente jornada de atenci\u00f3n para los vecinos de la Calle Campos, Sector Genov\u00e9s, en Porlamar.<\/span><\/p>\n<p style=\"text-align: justify;\" align=\"justify\"><span style=\"font-family: helvetica, arial, sans-serif; font-size: 14pt;\">Los j\u00f3venes formados entre los meses de julio y noviembre, en las instalaciones del N\u00facleo de Apoyo Familiar y Participaci\u00f3n Ciudadana, Nafpc, del Iamane, por la maestra t\u00e9cnico productiva, Mtp, del Inces, Ronilde Bravo, demostraron los conocimientos adquiridos cortando el cabello a ni\u00f1os, j\u00f3venes y a los viejitos, vecinos todos de esta conocida zona de la Isla de Margarita.<\/span><\/p>\n<p align=\"justify\"><img loading=\"lazy\" decoding=\"async\" class=\"aligncenter wp-image-47865 \" src=\"https:\/\/inces.gob.ve\/wp-content\/uploads\/2022\/11\/formacion-Genoves1--scaled-e1668451153211-768x1024.jpg\" alt=\"\" width=\"450\" height=\"600\" srcset=\"https:\/\/inces.gob.ve\/wp-content\/uploads\/2022\/11\/formacion-Genoves1--scaled-e1668451153211-768x1024.jpg 768w, https:\/\/inces.gob.ve\/wp-content\/uploads\/2022\/11\/formacion-Genoves1--scaled-e1668451153211-225x300.jpg 225w, https:\/\/inces.gob.ve\/wp-content\/uploads\/2022\/11\/formacion-Genoves1--scaled-e1668451153211-576x768.jpg 576w, https:\/\/inces.gob.ve\/wp-content\/uploads\/2022\/11\/formacion-Genoves1--scaled-e1668451153211.jpg 800w\" sizes=\"auto, (max-width: 450px) 100vw, 450px\" \/><\/p>\n<p style=\"text-align: justify;\" align=\"justify\"><span style=\"font-family: helvetica, arial, sans-serif; font-size: 14pt;\">Por su parte las damas y las muchachas del curso hicieron manicure y pedicure, arreglo de cejas y tambi\u00e9n cortaron y secaron cabello tanto a los residentes del \u00e1rea como a los trabajadores y las trabajadoras del Inces de la gerencia regional de Nueva Esparta.<\/span><\/p>\n<p style=\"text-align: justify;\" align=\"justify\"><span style=\"font-family: helvetica, arial, sans-serif; font-size: 14pt;\">En la actividad, de igual manera, intervinieron en la certificaci\u00f3n de sus conocimientos los integrantes de la Peluquer\u00eda Sensacional Look, 3 peluqueros, 2 manicuristas y la encargada del negocio, todos prestaron su colaboraci\u00f3n, a la vez que mostraron sus experiencias para certificarse. Los trabajadores de la regional Nueva Esparta sirvieron de modelo para las certificaciones , agradecidos felicitaron a quienes les embellaquecieron sus rostros y sus u\u00f1as.<img loading=\"lazy\" decoding=\"async\" class=\"aligncenter wp-image-47868 \" src=\"https:\/\/inces.gob.ve\/wp-content\/uploads\/2022\/11\/formacion-Genoves-5--scaled-e1668451177993-768x1024.jpg\" alt=\"\" width=\"447\" height=\"596\" srcset=\"https:\/\/inces.gob.ve\/wp-content\/uploads\/2022\/11\/formacion-Genoves-5--scaled-e1668451177993-768x1024.jpg 768w, https:\/\/inces.gob.ve\/wp-content\/uploads\/2022\/11\/formacion-Genoves-5--scaled-e1668451177993-225x300.jpg 225w, https:\/\/inces.gob.ve\/wp-content\/uploads\/2022\/11\/formacion-Genoves-5--scaled-e1668451177993-576x768.jpg 576w, https:\/\/inces.gob.ve\/wp-content\/uploads\/2022\/11\/formacion-Genoves-5--scaled-e1668451177993.jpg 800w\" sizes=\"auto, (max-width: 447px) 100vw, 447px\" \/> <\/span><\/p>\n<p style=\"text-align: justify;\" align=\"justify\"><span style=\"font-family: helvetica, arial, sans-serif; font-size: 14pt;\">La profesora Orieta Bravo en la ocasi\u00f3n se certific\u00f3 en las salidas ocupacionales de cocina dom\u00e9stica, pasapalos y dulcer\u00eda criolla. Al final del evento los asistentes degustaron las delicias que prepar\u00f3: galletas, panes, cremas, ponqu\u00e9s , dulces y bebidas.<\/span><\/p>\n","protected":false},"excerpt":{"rendered":"<p>**Los participantes del Curso de Barber\u00eda del Inces y de la Peluquer\u00eda Sensacional Look brindaron sus servicios a los viejitos, ni\u00f1os y a las damas de este sector de Porlamar<\/p>\n","protected":false},"author":15,"featured_media":47871,"comment_status":"closed","ping_status":"closed","sticky":false,"template":"","format":"standard","meta":{"footnotes":""},"categories":[2],"tags":[],"class_list":["post-47864","post","type-post","status-publish","format-standard","has-post-thumbnail","hentry","category-blog"],"_links":{"self":[{"href":"https:\/\/inces.gob.ve\/index.php\/wp-json\/wp\/v2\/posts\/47864","targetHints":{"allow":["GET"]}}],"collection":[{"href":"https:\/\/inces.gob.ve\/index.php\/wp-json\/wp\/v2\/posts"}],"about":[{"href":"https:\/\/inces.gob.ve\/index.php\/wp-json\/wp\/v2\/types\/post"}],"author":[{"embeddable":true,"href":"https:\/\/inces.gob.ve\/index.php\/wp-json\/wp\/v2\/users\/15"}],"replies":[{"embeddable":true,"href":"https:\/\/inces.gob.ve\/index.php\/wp-json\/wp\/v2\/comments?post=47864"}],"version-history":[{"count":2,"href":"https:\/\/inces.gob.ve\/index.php\/wp-json\/wp\/v2\/posts\/47864\/revisions"}],"predecessor-version":[{"id":47870,"href":"https:\/\/inces.gob.ve\/index.php\/wp-json\/wp\/v2\/posts\/47864\/revisions\/47870"}],"wp:featuredmedia":[{"embeddable":true,"href":"https:\/\/inces.gob.ve\/index.php\/wp-json\/wp\/v2\/media\/47871"}],"wp:attachment":[{"href":"https:\/\/inces.gob.ve\/index.php\/wp-json\/wp\/v2\/media?parent=47864"}],"wp:term":[{"taxonomy":"category","embeddable":true,"href":"https:\/\/inces.gob.ve\/index.php\/wp-json\/wp\/v2\/categories?post=47864"},{"taxonomy":"post_tag","embeddable":true,"href":"https:\/\/inces.gob.ve\/index.php\/wp-json\/wp\/v2\/tags?post=47864"}],"curies":[{"name":"wp","href":"https:\/\/api.w.org\/{rel}","templated":true}]}}