{"id":47902,"date":"2022-11-18T13:44:00","date_gmt":"2022-11-18T17:44:00","guid":{"rendered":"https:\/\/inces.gob.ve\/?p=47902"},"modified":"2022-11-18T15:32:22","modified_gmt":"2022-11-18T19:32:22","slug":"centro-de-pensamiento-intersaber-presento-su-revista-en-la-filven-2022","status":"publish","type":"post","link":"https:\/\/inces.gob.ve\/index.php\/2022\/11\/18\/centro-de-pensamiento-intersaber-presento-su-revista-en-la-filven-2022\/","title":{"rendered":"Centro de Pensamiento Intersaber present\u00f3 su revista en la Filven 2022"},"content":{"rendered":"<p style=\"text-align: justify;\" align=\"center\"><strong><span style=\"font-size: 14pt; font-family: helvetica, arial, sans-serif;\"><i>** En la quinta jornada de la feria, la Revista Intersaber fue la protagonista con una vistosa presentaci\u00f3n de su joven colecci\u00f3n de cuatro ediciones publicadas hasta ahora<\/i><\/span><\/strong><!--more--><\/p>\n<p style=\"text-align: justify;\" align=\"justify\"><span style=\"font-size: 14pt; font-family: helvetica, arial, sans-serif;\"><b>El Centro de Pensamiento Intersaber<\/b> present\u00f3 cuatro ediciones de su revista en la <b>Feria Internacional del Libro de Venezuela &#8211;<\/b><b>Filven 2022-<\/b><b> <\/b>evento que se desarrolla en los espacios de la <b>Galer\u00eda de Arte Nacional<\/b> con una importante participaci\u00f3n de invitados internacionales y con una programaci\u00f3n de actividades entre talleres literarios, conferencias, exposiciones, conciertos y bautizos de libros.<\/span><\/p>\n<p style=\"text-align: justify;\" align=\"justify\"><span style=\"font-size: 14pt; font-family: helvetica, arial, sans-serif;\">Esta presentaci\u00f3n realizada en la <b>Sala Cumbe <\/b>estuvo a cargo del soci\u00f3logo <b>Jes\u00fas Machado, <\/b>en calidad de editor y director de esta publicaci\u00f3n, que re\u00fane a destacados investigadores de distintas \u00e1reas del conocimiento cient\u00edfico e intelectual con una regular programaci\u00f3n de actividades acad\u00e9micas donde se realizan talleres dirigidos a j\u00f3venes en temas como petr\u00f3leo, geopol\u00edtica, educaci\u00f3n, historia, econom\u00eda y ecolog\u00eda.<\/span><\/p>\n<p align=\"justify\"><img loading=\"lazy\" decoding=\"async\" class=\"aligncenter wp-image-47904 size-large\" src=\"https:\/\/inces.gob.ve\/wp-content\/uploads\/2022\/11\/IMG-20221114-WA0150-1024x683.jpg\" alt=\"\" width=\"640\" height=\"427\" srcset=\"https:\/\/inces.gob.ve\/wp-content\/uploads\/2022\/11\/IMG-20221114-WA0150-1024x683.jpg 1024w, https:\/\/inces.gob.ve\/wp-content\/uploads\/2022\/11\/IMG-20221114-WA0150-300x200.jpg 300w, https:\/\/inces.gob.ve\/wp-content\/uploads\/2022\/11\/IMG-20221114-WA0150-768x512.jpg 768w, https:\/\/inces.gob.ve\/wp-content\/uploads\/2022\/11\/IMG-20221114-WA0150-272x182.jpg 272w, https:\/\/inces.gob.ve\/wp-content\/uploads\/2022\/11\/IMG-20221114-WA0150.jpg 1080w\" sizes=\"auto, (max-width: 640px) 100vw, 640px\" \/><\/p>\n<p style=\"text-align: justify;\" align=\"justify\"><span style=\"font-size: 14pt; font-family: helvetica, arial, sans-serif;\">En su amplia exposici\u00f3n, Machado habl\u00f3 de c\u00f3mo ha sido la din\u00e1mica del equipo editorial para reunir a un grupo de investigadores que durante un a\u00f1o de trabajo han producido cuarenta ensayos o art\u00edculos de investigaci\u00f3n y que se resume en diez art\u00edculos por cada edici\u00f3n tem\u00e1tica.<\/span><\/p>\n<p style=\"text-align: justify;\" align=\"justify\"><span style=\"font-size: 14pt; font-family: helvetica, arial, sans-serif;\">La Revista Intersaber public\u00f3 su primer n\u00famero hace precisamente un a\u00f1o en el marco de la anterior feria con el tema <b>Comuna.<\/b> Una segunda edici\u00f3n reuni\u00f3 a diez investigadores para desarrollar el tema <b>Juventudes,<\/b> seguidamente el tercer n\u00famero convoc\u00f3 aspectos y miradas sobre la <b>E<\/b><b>conom\u00eda <\/b><b>P<\/b><b>roductiva<\/b> y la cuarta edici\u00f3n convoc\u00f3 a los expertos en la materia de la <b>Educaci\u00f3n Popular<\/b> y la <b>Pedagog\u00eda Cr\u00edtica<\/b>.<\/span><\/p>\n<p align=\"justify\"><img loading=\"lazy\" decoding=\"async\" class=\"aligncenter wp-image-47903 size-large\" src=\"https:\/\/inces.gob.ve\/wp-content\/uploads\/2022\/11\/IMG-20221114-WA0148-1024x683.jpg\" alt=\"\" width=\"640\" height=\"427\" srcset=\"https:\/\/inces.gob.ve\/wp-content\/uploads\/2022\/11\/IMG-20221114-WA0148-1024x683.jpg 1024w, https:\/\/inces.gob.ve\/wp-content\/uploads\/2022\/11\/IMG-20221114-WA0148-300x200.jpg 300w, https:\/\/inces.gob.ve\/wp-content\/uploads\/2022\/11\/IMG-20221114-WA0148-768x512.jpg 768w, https:\/\/inces.gob.ve\/wp-content\/uploads\/2022\/11\/IMG-20221114-WA0148-272x182.jpg 272w, https:\/\/inces.gob.ve\/wp-content\/uploads\/2022\/11\/IMG-20221114-WA0148.jpg 1080w\" sizes=\"auto, (max-width: 640px) 100vw, 640px\" \/><\/p>\n<p style=\"text-align: justify;\" align=\"justify\"><span style=\"font-size: 14pt; font-family: helvetica, arial, sans-serif;\">El Centro de Pensamiento Intersaber ha tenido una destacada participaci\u00f3n en esta 18 edici\u00f3n de la Filven 2022 con dos presentaciones de libros de los autores Wuikelman Angel Paredes y Richard Delgado. Seguidamente, para el d\u00eda martes 15 de noviembre el turno ser\u00e1 para el historiador Alexander Torres Iriarte con la presentaci\u00f3n del libro <i><b>La amenaza inusual <\/b><\/i>en calidad de reedici\u00f3n.<\/span><\/p>\n<p align=\"justify\"><img loading=\"lazy\" decoding=\"async\" class=\"aligncenter wp-image-47905 size-large\" src=\"https:\/\/inces.gob.ve\/wp-content\/uploads\/2022\/11\/IMG-20221114-WA0145-1024x683.jpg\" alt=\"\" width=\"640\" height=\"427\" srcset=\"https:\/\/inces.gob.ve\/wp-content\/uploads\/2022\/11\/IMG-20221114-WA0145-1024x683.jpg 1024w, https:\/\/inces.gob.ve\/wp-content\/uploads\/2022\/11\/IMG-20221114-WA0145-300x200.jpg 300w, https:\/\/inces.gob.ve\/wp-content\/uploads\/2022\/11\/IMG-20221114-WA0145-768x512.jpg 768w, https:\/\/inces.gob.ve\/wp-content\/uploads\/2022\/11\/IMG-20221114-WA0145-272x182.jpg 272w, https:\/\/inces.gob.ve\/wp-content\/uploads\/2022\/11\/IMG-20221114-WA0145.jpg 1080w\" sizes=\"auto, (max-width: 640px) 100vw, 640px\" \/><\/p>\n","protected":false},"excerpt":{"rendered":"<p>** En la quinta jornada de la feria, la Revista Intersaber fue la protagonista con una vistosa presentaci\u00f3n de su joven colecci\u00f3n de cuatro ediciones publicadas hasta ahora<\/p>\n","protected":false},"author":4,"featured_media":47906,"comment_status":"closed","ping_status":"closed","sticky":false,"template":"","format":"standard","meta":{"footnotes":""},"categories":[2],"tags":[],"class_list":["post-47902","post","type-post","status-publish","format-standard","has-post-thumbnail","hentry","category-blog"],"_links":{"self":[{"href":"https:\/\/inces.gob.ve\/index.php\/wp-json\/wp\/v2\/posts\/47902","targetHints":{"allow":["GET"]}}],"collection":[{"href":"https:\/\/inces.gob.ve\/index.php\/wp-json\/wp\/v2\/posts"}],"about":[{"href":"https:\/\/inces.gob.ve\/index.php\/wp-json\/wp\/v2\/types\/post"}],"author":[{"embeddable":true,"href":"https:\/\/inces.gob.ve\/index.php\/wp-json\/wp\/v2\/users\/4"}],"replies":[{"embeddable":true,"href":"https:\/\/inces.gob.ve\/index.php\/wp-json\/wp\/v2\/comments?post=47902"}],"version-history":[{"count":4,"href":"https:\/\/inces.gob.ve\/index.php\/wp-json\/wp\/v2\/posts\/47902\/revisions"}],"predecessor-version":[{"id":47941,"href":"https:\/\/inces.gob.ve\/index.php\/wp-json\/wp\/v2\/posts\/47902\/revisions\/47941"}],"wp:featuredmedia":[{"embeddable":true,"href":"https:\/\/inces.gob.ve\/index.php\/wp-json\/wp\/v2\/media\/47906"}],"wp:attachment":[{"href":"https:\/\/inces.gob.ve\/index.php\/wp-json\/wp\/v2\/media?parent=47902"}],"wp:term":[{"taxonomy":"category","embeddable":true,"href":"https:\/\/inces.gob.ve\/index.php\/wp-json\/wp\/v2\/categories?post=47902"},{"taxonomy":"post_tag","embeddable":true,"href":"https:\/\/inces.gob.ve\/index.php\/wp-json\/wp\/v2\/tags?post=47902"}],"curies":[{"name":"wp","href":"https:\/\/api.w.org\/{rel}","templated":true}]}}