{"id":47951,"date":"2022-11-16T15:18:16","date_gmt":"2022-11-16T19:18:16","guid":{"rendered":"https:\/\/inces.gob.ve\/?p=47951"},"modified":"2022-11-16T15:18:16","modified_gmt":"2022-11-16T19:18:16","slug":"barinas-inces-desarrolla-la-formacion-confeccion-de-ropa-infantil-directamente-en-la-comunidad","status":"publish","type":"post","link":"https:\/\/inces.gob.ve\/index.php\/2022\/11\/16\/barinas-inces-desarrolla-la-formacion-confeccion-de-ropa-infantil-directamente-en-la-comunidad\/","title":{"rendered":"BARINAS | Inces desarrolla la formaci\u00f3n Confecci\u00f3n de ropa infantil directamente en la comunidad"},"content":{"rendered":"<p><span style=\"font-family: helvetica, arial, sans-serif; font-size: 14pt;\"><em><strong>** Impulsando la incorporaci\u00f3n de la poblaci\u00f3n, llevando las formaciones a los espacios de su punto y c\u00edrculo<\/strong><\/em><strong><!--more--><\/strong><\/span><\/p>\n<p><strong>HIRASYANEL BAYONA<\/strong><\/p>\n<p><span style=\"font-family: helvetica, arial, sans-serif; font-size: 14pt;\">Desde la comunidad de la parroquia Ram\u00f3n Ignacio M\u00e9ndez, del Inces Barinas, se desarrolla la formaci\u00f3n Confecci\u00f3n de ropa infantil, del Motor Industria, \u00e1rea textil, dirigido a un grupo de mujeres con inter\u00e9s en emprender en el oficio.<\/span><\/p>\n<p><span style=\"font-family: helvetica, arial, sans-serif; font-size: 14pt;\">Los encuentros formativos se realizan en espacios de la Escuela B\u00e1sica Juan Pablo II, de forma presencial, y est\u00e1n a cargo de la maestra t\u00e9cnico productiva Nelly Coromoto Zambrano, incorporada al Centro de Formaci\u00f3n Socialista (CFS) Francisco de Miranda Inces Barinas.<\/span><\/p>\n<p><span style=\"font-family: helvetica, arial, sans-serif; font-size: 14pt;\">Zambrano explic\u00f3 que cuenta con una matricula de 20 mujeres, casi en su totalidad habitantes de la comunidad Juan Pablo II, quienes se incorporaron a la formaci\u00f3n con conocimientos casi nulos en el \u00e1rea y hoy en d\u00eda ya se encuentran confeccionado diversas prendas infantiles, y algunas de ellas ya cuentan con la formaci\u00f3n productiva como una herramienta de emprendimiento y de ingreso econ\u00f3mico.<\/span><\/p>\n<p><span style=\"font-family: helvetica, arial, sans-serif; font-size: 14pt;\">Asimismo Zambrano inform\u00f3 que la formaci\u00f3n contempla el m\u00f3dulo de seguridad industrial, la costura a mano y con m\u00e1quina de coser, elaboraci\u00f3n de patrones de ropa infantil, confecci\u00f3n de prendas de vestir entre las que est\u00e1n: shorts, blusas, faldas rotondas, leggins, franelas, pantalones deportivos, chemis y vestidos, destacando que muchas de las prendas han sido realizadas con tela de prendas de vestir usadas que se encontraban en buen estado, mismas que ser\u00e1n mostradas a la comunidad en pr\u00f3xima expoferia a realizarse en el cierre escolar para iniciar el asueto navide\u00f1o.<\/span><\/p>\n<p><span style=\"font-family: helvetica, arial, sans-serif; font-size: 14pt;\">Para Inces Barinas es relevante brindar las condiciones que faciliten la incorporaci\u00f3n de todos los sectores a los procesos de formaci\u00f3n productiva, por lo que sigue fortaleciendo, con un trabajo mancomunado con las comunidades,\u00a0 el llevar las formaciones a espacios del punto y c\u00edrculo, brindando a los o las participantes condiciones m\u00e1s viables para que puedan sumarse a formarse en un oficio productivo.<\/span><\/p>\n","protected":false},"excerpt":{"rendered":"<p>** Impulsando la incorporaci\u00f3n de la poblaci\u00f3n, llevando las formaciones a los espacios de su punto y c\u00edrculo<\/p>\n","protected":false},"author":4,"featured_media":47952,"comment_status":"closed","ping_status":"closed","sticky":false,"template":"","format":"standard","meta":{"footnotes":""},"categories":[2],"tags":[],"class_list":["post-47951","post","type-post","status-publish","format-standard","has-post-thumbnail","hentry","category-blog"],"_links":{"self":[{"href":"https:\/\/inces.gob.ve\/index.php\/wp-json\/wp\/v2\/posts\/47951","targetHints":{"allow":["GET"]}}],"collection":[{"href":"https:\/\/inces.gob.ve\/index.php\/wp-json\/wp\/v2\/posts"}],"about":[{"href":"https:\/\/inces.gob.ve\/index.php\/wp-json\/wp\/v2\/types\/post"}],"author":[{"embeddable":true,"href":"https:\/\/inces.gob.ve\/index.php\/wp-json\/wp\/v2\/users\/4"}],"replies":[{"embeddable":true,"href":"https:\/\/inces.gob.ve\/index.php\/wp-json\/wp\/v2\/comments?post=47951"}],"version-history":[{"count":1,"href":"https:\/\/inces.gob.ve\/index.php\/wp-json\/wp\/v2\/posts\/47951\/revisions"}],"predecessor-version":[{"id":47953,"href":"https:\/\/inces.gob.ve\/index.php\/wp-json\/wp\/v2\/posts\/47951\/revisions\/47953"}],"wp:featuredmedia":[{"embeddable":true,"href":"https:\/\/inces.gob.ve\/index.php\/wp-json\/wp\/v2\/media\/47952"}],"wp:attachment":[{"href":"https:\/\/inces.gob.ve\/index.php\/wp-json\/wp\/v2\/media?parent=47951"}],"wp:term":[{"taxonomy":"category","embeddable":true,"href":"https:\/\/inces.gob.ve\/index.php\/wp-json\/wp\/v2\/categories?post=47951"},{"taxonomy":"post_tag","embeddable":true,"href":"https:\/\/inces.gob.ve\/index.php\/wp-json\/wp\/v2\/tags?post=47951"}],"curies":[{"name":"wp","href":"https:\/\/api.w.org\/{rel}","templated":true}]}}