{"id":47977,"date":"2022-11-17T13:53:27","date_gmt":"2022-11-17T17:53:27","guid":{"rendered":"https:\/\/inces.gob.ve\/?p=47977"},"modified":"2022-11-17T13:54:50","modified_gmt":"2022-11-17T17:54:50","slug":"zulia-preparados-para-el-motor-industrial-26-jovenes-egresan-del-inces-en-la-col-formados-en-la-ocupacion-de-electricidad","status":"publish","type":"post","link":"https:\/\/inces.gob.ve\/index.php\/2022\/11\/17\/zulia-preparados-para-el-motor-industrial-26-jovenes-egresan-del-inces-en-la-col-formados-en-la-ocupacion-de-electricidad\/","title":{"rendered":"ZULIA  |  \u00a1Preparados para el motor industrial! 26 j\u00f3venes egresan del Inces en la COL formados en la ocupaci\u00f3n de Electricidad"},"content":{"rendered":"<p style=\"text-align: justify;\"><em><strong><span style=\"font-family: helvetica, arial, sans-serif; font-size: 14pt;\">**<\/span><span style=\"font-family: helvetica, arial, sans-serif; font-size: 14pt;\"> Despu\u00e9s de 10 meses de formaci\u00f3n y de ejecutar pr\u00e1cticas en seis planteles a trav\u00e9s de las Bricomiles, 26 participantes egresaron del Centro de Formaci\u00f3n Socialista de Cabimas del Inces Zulia acreditados en la ocupaci\u00f3n de electricidad y preparados para sumarse al motor industrial.<\/span><\/strong><\/em><!--more--><\/p>\n<p style=\"text-align: justify;\"><span style=\"font-family: helvetica, arial, sans-serif; font-size: 14pt;\">MARIANA ALBARR\u00c1N \/ LENIN R\u00cdOS<\/span><\/p>\n<p style=\"text-align: justify;\"><span style=\"font-family: helvetica, arial, sans-serif; font-size: 14pt;\">El compromiso crece desde la formaci\u00f3n t\u00e9cnica, cumpliendo con la l\u00ednea estrat\u00e9gica de producci\u00f3n de bienes y servicios, que buscan garantizar el crecimiento y desarrollo econ\u00f3mico de Venezuela, sin duda, para impulsar futuro, como lo demuestran 26 j\u00f3venes que egresan despu\u00e9s de 10 meses, en el Instituto Nacional de Capacitaci\u00f3n y Educaci\u00f3n Socialista (INCES), \u00a0a trav\u00e9s de su Centro de Formaci\u00f3n Socialista Cabimas, en el Zulia, listos para incorporarse al mundo del trabajo y despu\u00e9s de brindar un importante aporte social,\u00a0 mediante las Brigadas Comunitarias Militares, en el \u00e1mbito educativo.<\/span><\/p>\n<p><img loading=\"lazy\" decoding=\"async\" class=\"aligncenter wp-image-47978 \" src=\"https:\/\/inces.gob.ve\/wp-content\/uploads\/2022\/11\/motor-industrial-1--e1668707464643.jpg\" alt=\"\" width=\"404\" height=\"539\" srcset=\"https:\/\/inces.gob.ve\/wp-content\/uploads\/2022\/11\/motor-industrial-1--e1668707464643.jpg 650w, https:\/\/inces.gob.ve\/wp-content\/uploads\/2022\/11\/motor-industrial-1--e1668707464643-225x300.jpg 225w, https:\/\/inces.gob.ve\/wp-content\/uploads\/2022\/11\/motor-industrial-1--e1668707464643-576x768.jpg 576w\" sizes=\"auto, (max-width: 404px) 100vw, 404px\" \/><\/p>\n<p style=\"text-align: justify;\"><span style=\"font-family: helvetica, arial, sans-serif; font-size: 14pt;\">\u201cUn certificado Inces, representa para m\u00ed un rasgo significativo en mi curr\u00edculo. Tengo cinco a\u00f1os desempe\u00f1\u00e1ndome como Electricista y gracias a la instituci\u00f3n adquir\u00ed conocimientos te\u00f3ricos-pr\u00e1cticos s\u00f3lidos, que me respaldan en mi proyecto de iniciar una microempresa. Mi formaci\u00f3n t\u00e9cnica profesional no termina aqu\u00ed, ya que voy a capacitarme, pr\u00f3ximamente en refrigeraci\u00f3n y probablemente brinde mi aporte como Maestro T\u00e9cnico Voluntario, para apoyar a que otros j\u00f3venes, cuenten con una oportunidad, como la m\u00eda\u201d, expres\u00f3 Endrick Guti\u00e9rrez, de 24 a\u00f1os.<\/span><\/p>\n<p><img loading=\"lazy\" decoding=\"async\" class=\"aligncenter wp-image-47981 \" src=\"https:\/\/inces.gob.ve\/wp-content\/uploads\/2022\/11\/motor-industrial-6-.jpg\" alt=\"\" width=\"384\" height=\"423\" srcset=\"https:\/\/inces.gob.ve\/wp-content\/uploads\/2022\/11\/motor-industrial-6-.jpg 327w, https:\/\/inces.gob.ve\/wp-content\/uploads\/2022\/11\/motor-industrial-6--273x300.jpg 273w\" sizes=\"auto, (max-width: 384px) 100vw, 384px\" \/><\/p>\n<p style=\"text-align: justify;\"><span style=\"font-family: helvetica, arial, sans-serif; font-size: 14pt;\">Por su parte, \u00c9rica L\u00f3pez, de 30 a\u00f1os, la \u00fanica participante mujer que integr\u00f3 el grupo, coment\u00f3 que siempre ten\u00eda la inclinaci\u00f3n por reparar los motores el\u00e9ctricos en su hogar, pero sab\u00eda que necesitaba ir m\u00e1s all\u00e1 y encontr\u00f3 en el Inces, el mejor espacio, para adquirir los conocimientos que complementaran sus haceres.<\/span><\/p>\n<p><img loading=\"lazy\" decoding=\"async\" class=\"aligncenter wp-image-47979 size-full\" src=\"https:\/\/inces.gob.ve\/wp-content\/uploads\/2022\/11\/motor-industrial-2--e1668707500543.jpg\" alt=\"\" width=\"650\" height=\"706\" srcset=\"https:\/\/inces.gob.ve\/wp-content\/uploads\/2022\/11\/motor-industrial-2--e1668707500543.jpg 650w, https:\/\/inces.gob.ve\/wp-content\/uploads\/2022\/11\/motor-industrial-2--e1668707500543-276x300.jpg 276w\" sizes=\"auto, (max-width: 650px) 100vw, 650px\" \/><\/p>\n<p style=\"text-align: justify;\"><span style=\"font-family: helvetica, arial, sans-serif; font-size: 14pt;\">\u201cCada uno de los participantes se prepar\u00f3 de la mejor manera. Durante el periodo de la temporada vacacional, con mucha disposici\u00f3n se sumaron a las Bricomiles que atendieron m\u00e1s de 6 planteles en Cabimas, demostrando la calidad de su formaci\u00f3n, que va desde el dominio del lenguaje t\u00e9cnico hasta practica con transformadores\u201d, describi\u00f3 el Maestro T\u00e9cnico Productivo Jos\u00e9 Oviedo, a cargo del grupo, quien concluy\u00f3 que: \u201cJuntos nos acercamos a la meta, un pa\u00eds productivo, con una generaci\u00f3n de relevo, que se puede integrar al motor industrial, cargada de talento, voluntad y preparaci\u00f3n\u201d.\u00a0<\/span><\/p>\n<p style=\"text-align: justify;\">\n","protected":false},"excerpt":{"rendered":"<p>** Despu\u00e9s de 10 meses de formaci\u00f3n y de ejecutar pr\u00e1cticas en seis planteles a trav\u00e9s de las Bricomiles, 26 participantes egresaron del Centro de Formaci\u00f3n Socialista de Cabimas del Inces Zulia acreditados en la ocupaci\u00f3n de electricidad y preparados para sumarse al motor industrial.<\/p>\n","protected":false},"author":15,"featured_media":47980,"comment_status":"closed","ping_status":"closed","sticky":false,"template":"","format":"standard","meta":{"footnotes":""},"categories":[2],"tags":[],"class_list":["post-47977","post","type-post","status-publish","format-standard","has-post-thumbnail","hentry","category-blog"],"_links":{"self":[{"href":"https:\/\/inces.gob.ve\/index.php\/wp-json\/wp\/v2\/posts\/47977","targetHints":{"allow":["GET"]}}],"collection":[{"href":"https:\/\/inces.gob.ve\/index.php\/wp-json\/wp\/v2\/posts"}],"about":[{"href":"https:\/\/inces.gob.ve\/index.php\/wp-json\/wp\/v2\/types\/post"}],"author":[{"embeddable":true,"href":"https:\/\/inces.gob.ve\/index.php\/wp-json\/wp\/v2\/users\/15"}],"replies":[{"embeddable":true,"href":"https:\/\/inces.gob.ve\/index.php\/wp-json\/wp\/v2\/comments?post=47977"}],"version-history":[{"count":2,"href":"https:\/\/inces.gob.ve\/index.php\/wp-json\/wp\/v2\/posts\/47977\/revisions"}],"predecessor-version":[{"id":47983,"href":"https:\/\/inces.gob.ve\/index.php\/wp-json\/wp\/v2\/posts\/47977\/revisions\/47983"}],"wp:featuredmedia":[{"embeddable":true,"href":"https:\/\/inces.gob.ve\/index.php\/wp-json\/wp\/v2\/media\/47980"}],"wp:attachment":[{"href":"https:\/\/inces.gob.ve\/index.php\/wp-json\/wp\/v2\/media?parent=47977"}],"wp:term":[{"taxonomy":"category","embeddable":true,"href":"https:\/\/inces.gob.ve\/index.php\/wp-json\/wp\/v2\/categories?post=47977"},{"taxonomy":"post_tag","embeddable":true,"href":"https:\/\/inces.gob.ve\/index.php\/wp-json\/wp\/v2\/tags?post=47977"}],"curies":[{"name":"wp","href":"https:\/\/api.w.org\/{rel}","templated":true}]}}