{"id":47984,"date":"2022-11-18T10:47:32","date_gmt":"2022-11-18T14:47:32","guid":{"rendered":"https:\/\/inces.gob.ve\/?p=47984"},"modified":"2022-11-18T10:48:49","modified_gmt":"2022-11-18T14:48:49","slug":"miranda-acreditacion-de-saberes-y-oficios-en-los-valles-del-tuy","status":"publish","type":"post","link":"https:\/\/inces.gob.ve\/index.php\/2022\/11\/18\/miranda-acreditacion-de-saberes-y-oficios-en-los-valles-del-tuy\/","title":{"rendered":"MIRANDA | Acreditaci\u00f3n de saberes y oficios en Los Valles del Tuy"},"content":{"rendered":"<p style=\"text-align: justify;\"><strong><em>*<span style=\"font-family: helvetica, arial, sans-serif; font-size: 14pt;\">*Seguimos avanzando y apoyando nuestro talento, para capacitar excelentes profesionales<\/span><\/em><\/strong><!--more--><\/p>\n<p>&nbsp;<\/p>\n<p style=\"text-align: justify;\"><span style=\"font-family: helvetica, arial, sans-serif; font-size: 14pt;\">El maestro t\u00e9cnico productivo Jos\u00e9 Jes\u00fas Gonz\u00e1lez, coordinador del programa agr\u00edcola,\u00a0 quien imparten formaciones relacionadas con la agricultura, la actividad pecuaria y la apicultura, detall\u00f3 la acreditaci\u00f3n de saberes y oficios de 32 participantes de Los Valles el Tuy.<\/span><\/p>\n<p><img loading=\"lazy\" decoding=\"async\" class=\"aligncenter wp-image-47987 size-full\" src=\"https:\/\/inces.gob.ve\/wp-content\/uploads\/2022\/11\/excelentes-profesionales-3--e1668782801954.jpg\" alt=\"\" width=\"800\" height=\"600\" srcset=\"https:\/\/inces.gob.ve\/wp-content\/uploads\/2022\/11\/excelentes-profesionales-3--e1668782801954.jpg 800w, https:\/\/inces.gob.ve\/wp-content\/uploads\/2022\/11\/excelentes-profesionales-3--e1668782801954-300x225.jpg 300w, https:\/\/inces.gob.ve\/wp-content\/uploads\/2022\/11\/excelentes-profesionales-3--e1668782801954-768x576.jpg 768w, https:\/\/inces.gob.ve\/wp-content\/uploads\/2022\/11\/excelentes-profesionales-3--e1668782801954-136x102.jpg 136w\" sizes=\"auto, (max-width: 800px) 100vw, 800px\" \/><\/p>\n<p style=\"text-align: justify;\"><span style=\"font-family: helvetica, arial, sans-serif; font-size: 14pt;\">As\u00ed mismo la maestra t\u00e9cnico productiva (MTP) del programa agr\u00edcola Rosaura Sosa, inform\u00f3 acerca de la acreditaci\u00f3n de veinticinco participantes agricultores, tres barberos, cuatro operadores de m\u00e1quina recta y uno en apicultura, quienes realizaron pr\u00e1cticas en cada una de sus actividades en conjunto con el personal del penitenciario y la comunidad.<img loading=\"lazy\" decoding=\"async\" class=\"aligncenter wp-image-47985 size-full\" src=\"https:\/\/inces.gob.ve\/wp-content\/uploads\/2022\/11\/excelentes-profesionales1--e1668782757392.jpg\" alt=\"\" width=\"800\" height=\"600\" srcset=\"https:\/\/inces.gob.ve\/wp-content\/uploads\/2022\/11\/excelentes-profesionales1--e1668782757392.jpg 800w, https:\/\/inces.gob.ve\/wp-content\/uploads\/2022\/11\/excelentes-profesionales1--e1668782757392-300x225.jpg 300w, https:\/\/inces.gob.ve\/wp-content\/uploads\/2022\/11\/excelentes-profesionales1--e1668782757392-768x576.jpg 768w, https:\/\/inces.gob.ve\/wp-content\/uploads\/2022\/11\/excelentes-profesionales1--e1668782757392-136x102.jpg 136w\" sizes=\"auto, (max-width: 800px) 100vw, 800px\" \/><\/span><\/p>\n<p style=\"text-align: justify;\"><span style=\"font-family: helvetica, arial, sans-serif; font-size: 14pt;\">Por otra parte, resalt\u00f3 que dicha acreditaci\u00f3n la obtienen aquellas personas que dominan un oficio y el Inces reconoce su trabajo a trav\u00e9s de una serie de pruebas y actividades, para que puedan obtener su certificado en el \u00e1rea en que se desenvuelven, adem\u00e1s invit\u00f3 a todas aquellas personas que deseen participar en estas acreditaciones a estar atentas para enero del a\u00f1o 2023 para que puedan participar y obtener sus certificados. <img loading=\"lazy\" decoding=\"async\" class=\"aligncenter wp-image-47986 size-full\" src=\"https:\/\/inces.gob.ve\/wp-content\/uploads\/2022\/11\/excelentes-profesionales2--e1668782777819.jpg\" alt=\"\" width=\"800\" height=\"600\" srcset=\"https:\/\/inces.gob.ve\/wp-content\/uploads\/2022\/11\/excelentes-profesionales2--e1668782777819.jpg 800w, https:\/\/inces.gob.ve\/wp-content\/uploads\/2022\/11\/excelentes-profesionales2--e1668782777819-300x225.jpg 300w, https:\/\/inces.gob.ve\/wp-content\/uploads\/2022\/11\/excelentes-profesionales2--e1668782777819-768x576.jpg 768w, https:\/\/inces.gob.ve\/wp-content\/uploads\/2022\/11\/excelentes-profesionales2--e1668782777819-136x102.jpg 136w\" sizes=\"auto, (max-width: 800px) 100vw, 800px\" \/><\/span><\/p>\n","protected":false},"excerpt":{"rendered":"<p>**Seguimos avanzando y apoyando nuestro talento, para capacitar excelentes profesionales<\/p>\n","protected":false},"author":15,"featured_media":47988,"comment_status":"closed","ping_status":"closed","sticky":false,"template":"","format":"standard","meta":{"footnotes":""},"categories":[2],"tags":[],"class_list":["post-47984","post","type-post","status-publish","format-standard","has-post-thumbnail","hentry","category-blog"],"_links":{"self":[{"href":"https:\/\/inces.gob.ve\/index.php\/wp-json\/wp\/v2\/posts\/47984","targetHints":{"allow":["GET"]}}],"collection":[{"href":"https:\/\/inces.gob.ve\/index.php\/wp-json\/wp\/v2\/posts"}],"about":[{"href":"https:\/\/inces.gob.ve\/index.php\/wp-json\/wp\/v2\/types\/post"}],"author":[{"embeddable":true,"href":"https:\/\/inces.gob.ve\/index.php\/wp-json\/wp\/v2\/users\/15"}],"replies":[{"embeddable":true,"href":"https:\/\/inces.gob.ve\/index.php\/wp-json\/wp\/v2\/comments?post=47984"}],"version-history":[{"count":1,"href":"https:\/\/inces.gob.ve\/index.php\/wp-json\/wp\/v2\/posts\/47984\/revisions"}],"predecessor-version":[{"id":47989,"href":"https:\/\/inces.gob.ve\/index.php\/wp-json\/wp\/v2\/posts\/47984\/revisions\/47989"}],"wp:featuredmedia":[{"embeddable":true,"href":"https:\/\/inces.gob.ve\/index.php\/wp-json\/wp\/v2\/media\/47988"}],"wp:attachment":[{"href":"https:\/\/inces.gob.ve\/index.php\/wp-json\/wp\/v2\/media?parent=47984"}],"wp:term":[{"taxonomy":"category","embeddable":true,"href":"https:\/\/inces.gob.ve\/index.php\/wp-json\/wp\/v2\/categories?post=47984"},{"taxonomy":"post_tag","embeddable":true,"href":"https:\/\/inces.gob.ve\/index.php\/wp-json\/wp\/v2\/tags?post=47984"}],"curies":[{"name":"wp","href":"https:\/\/api.w.org\/{rel}","templated":true}]}}