{"id":48028,"date":"2022-11-18T19:25:16","date_gmt":"2022-11-18T23:25:16","guid":{"rendered":"https:\/\/inces.gob.ve\/?p=48028"},"modified":"2022-11-22T12:41:48","modified_gmt":"2022-11-22T16:41:48","slug":"el-baloncesto-distrital-presenta-proyecto-para-categorias-formativas","status":"publish","type":"post","link":"https:\/\/inces.gob.ve\/index.php\/2022\/11\/18\/el-baloncesto-distrital-presenta-proyecto-para-categorias-formativas\/","title":{"rendered":"El baloncesto distrital presenta proyecto para categor\u00edas formativas"},"content":{"rendered":"<p style=\"text-align: justify;\"><strong><em>** La jornada de formaci\u00f3n dur\u00f3 dos d\u00edas y fue organizada por la Gerencia de Cultura<\/em><\/strong><!--more--><\/p>\n<p>&nbsp;<\/p>\n<p style=\"text-align: justify;\"><span style=\"font-weight: 400; font-family: helvetica, arial, sans-serif; font-size: 14pt;\">PRENSA INCES:<\/span><\/p>\n<p style=\"text-align: justify;\"><span style=\"font-weight: 400; font-family: helvetica, arial, sans-serif; font-size: 14pt;\">Fotos Rafael Urbina<\/span><\/p>\n<p style=\"text-align: justify;\"><span style=\"font-weight: 400; font-family: helvetica, arial, sans-serif; font-size: 14pt;\">Continua el Taller Te\u00f3rico Prc\u00e1tico de Baloncesto en el auditorio del Inces, Avenida Nueva Granada\u00a0 y en la cancha de usos m\u00faltiples del piso 4, del edificio anexo, en su plan de continuidad de actividades a todo nivel, presenta un proyecto para ser aplicado en las categor\u00edas formativas, consciente de que all\u00ed est\u00e1 el porvenir de esta disciplina deportiva.<\/span><\/p>\n<p style=\"text-align: justify;\"><span style=\"font-weight: 400; font-family: helvetica, arial, sans-serif; font-size: 14pt;\">La Gerencia General de Cultura, Deporte, Recreaci\u00f3n y Participaci\u00f3n Comunal y la\u00a0 Asociaci\u00f3n de Baloncesto del Distrito Capital dictan taller de actualizaci\u00f3n a los entrenadores, atletas y p\u00fablico en general. Las modificaciones y reglas de la Federaci\u00f3n Internacional de Baloncesto Amateur FIBA\u00a0 se\u00f1alan la importancia de enfocar la formaci\u00f3n en la disciplina y la forma de jugar.\u00a0\u00a0\u00a0\u00a0<\/span><\/p>\n<p style=\"text-align: justify;\"><span style=\"font-weight: 400; font-family: helvetica, arial, sans-serif; font-size: 14pt;\">N\u00e9stor Salazar presidente de la asociaci\u00f3n de Baloncesto\u00a0 habl\u00f3 sobre\u00a0 la importancia de orientar el trabajo hacia las categor\u00edas de formaci\u00f3n, a las pr\u00f3ximas nueva generaciones en las diversas canchas capitalinas. Y definir los talentos con lo que contar\u00eda para las pr\u00f3ximas descendencias en el baloncesto este Taller Te\u00f3rico Pr\u00e1ctico de actualizaci\u00f3n va dirigido a los entrenadores que hacen vida en las canchas capitalinas y por exigencia de la FIBA en su reglamento y en la forma de jugar.<\/span><\/p>\n<p style=\"text-align: justify;\"><span style=\"font-weight: 400; font-family: helvetica, arial, sans-serif; font-size: 14pt;\">En su intervenci\u00f3n el \u00e1rbitro Mois\u00e9s \u00c1vila explic\u00f3 a todos los presentes la nueva modificaci\u00f3n del reglamento,\u00a0 que entr\u00f3 en vigencia el 1 de octubre de este a\u00f1o. Es un cambio a nivel mundial de la Federaci\u00f3n Internacional de Baloncesto Amateur FIBA para todo el basquetbol, explico los art\u00edculos 4, 8,12, 37\u00a0 tiempo del juego,\u00a0 posici\u00f3n alterna, la falta de saque y la falta antideportiva, fue lo que expuso ya que hay otras modificaciones en el reglamento que va en el IRRS\u00a0 que no se expuso por falta de tiempo, nos regimos por el reglamento FIBA.<\/span><\/p>\n<p style=\"text-align: justify;\"><span style=\"font-weight: 400; font-family: helvetica, arial, sans-serif; font-size: 14pt;\">El profesor Francisco Diez indic\u00f3 que el baloncesto ha modificado elementos muy importantes, primero apoyar el an\u00e1lisis en conjunto con los \u00e1rbitros, las reglas internacionales que van a afectar al\u00a0 baloncesto a partir del a\u00f1o que viene. Segundo la modalidad de la ense\u00f1anza de la defensa de las categor\u00edas menores de 17 a\u00f1os no podr\u00e1n\u00a0 utilizar la defensa que llamamos nosotros de zona, el mini b\u00e1squet desde los 8 a\u00f1os hasta los 18 a\u00f1os los entrenadores tienen que especializarse en la ense\u00f1anza de la defensa personal. Lo que se est\u00e1 tratando de lograr es que el baloncesto en el mundo sea menos f\u00edsico. La Federaci\u00f3n Internacional de Baloncesto est\u00e1 tratando de humanizar la formaci\u00f3n del atleta.<\/span><\/p>\n","protected":false},"excerpt":{"rendered":"<p>** La jornada de formaci\u00f3n dur\u00f3 dos d\u00edas y fue organizada por la Gerencia de Cultura<\/p>\n","protected":false},"author":4,"featured_media":48030,"comment_status":"closed","ping_status":"closed","sticky":false,"template":"","format":"standard","meta":{"footnotes":""},"categories":[2],"tags":[],"class_list":["post-48028","post","type-post","status-publish","format-standard","has-post-thumbnail","hentry","category-blog"],"_links":{"self":[{"href":"https:\/\/inces.gob.ve\/index.php\/wp-json\/wp\/v2\/posts\/48028","targetHints":{"allow":["GET"]}}],"collection":[{"href":"https:\/\/inces.gob.ve\/index.php\/wp-json\/wp\/v2\/posts"}],"about":[{"href":"https:\/\/inces.gob.ve\/index.php\/wp-json\/wp\/v2\/types\/post"}],"author":[{"embeddable":true,"href":"https:\/\/inces.gob.ve\/index.php\/wp-json\/wp\/v2\/users\/4"}],"replies":[{"embeddable":true,"href":"https:\/\/inces.gob.ve\/index.php\/wp-json\/wp\/v2\/comments?post=48028"}],"version-history":[{"count":3,"href":"https:\/\/inces.gob.ve\/index.php\/wp-json\/wp\/v2\/posts\/48028\/revisions"}],"predecessor-version":[{"id":48041,"href":"https:\/\/inces.gob.ve\/index.php\/wp-json\/wp\/v2\/posts\/48028\/revisions\/48041"}],"wp:featuredmedia":[{"embeddable":true,"href":"https:\/\/inces.gob.ve\/index.php\/wp-json\/wp\/v2\/media\/48030"}],"wp:attachment":[{"href":"https:\/\/inces.gob.ve\/index.php\/wp-json\/wp\/v2\/media?parent=48028"}],"wp:term":[{"taxonomy":"category","embeddable":true,"href":"https:\/\/inces.gob.ve\/index.php\/wp-json\/wp\/v2\/categories?post=48028"},{"taxonomy":"post_tag","embeddable":true,"href":"https:\/\/inces.gob.ve\/index.php\/wp-json\/wp\/v2\/tags?post=48028"}],"curies":[{"name":"wp","href":"https:\/\/api.w.org\/{rel}","templated":true}]}}