{"id":48032,"date":"2022-11-22T11:43:12","date_gmt":"2022-11-22T15:43:12","guid":{"rendered":"https:\/\/inces.gob.ve\/?p=48032"},"modified":"2022-11-25T08:02:02","modified_gmt":"2022-11-25T12:02:02","slug":"facon-inces-atendio-a-imaseo-con-aprendizajes-productivos","status":"publish","type":"post","link":"https:\/\/inces.gob.ve\/index.php\/2022\/11\/22\/facon-inces-atendio-a-imaseo-con-aprendizajes-productivos\/","title":{"rendered":"FALC\u00d3N | Inces atendi\u00f3 aI Imaseo con aprendizajes productivos"},"content":{"rendered":"<p style=\"text-align: justify;\" align=\"center\"><em><strong><span style=\"font-family: helvetica, arial, sans-serif; font-size: 14pt;\">**Como parte de los procesos de formaci\u00f3n y autoformaci\u00f3n de la clase trabajadora<\/span><\/strong><\/em><\/p>\n<p align=\"center\"><!--more--><\/p>\n<p lang=\"es-ES\" style=\"text-align: justify;\" align=\"justify\"><span style=\"font-family: helvetica, arial, sans-serif; font-size: 14pt;\"><b>MIRIAM GONZ\u00c1LEZ VILLARROEL\u00a0<\/b><\/span><\/p>\n<p style=\"text-align: justify;\" align=\"justify\"><span style=\"font-family: helvetica, arial, sans-serif; font-size: 14pt;\">El Instituto Nacional de capacitaci\u00f3n y Educaci\u00f3n Socialista (Inces) a trav\u00e9s del centro de formaci\u00f3n socialista (CFS) \u201cJosefa Camejo\u201d en la ciudad de Punto Fijo, atendi\u00f3 al personal administrativo de la entidad de trabajo: Instituto Municipal de Aseo Urbano (Imaseo) del municipio Carirubana con el proceso formativo: C\u00e1lculo de Prestaciones Sociales.<\/span><\/p>\n<p style=\"text-align: justify;\" align=\"justify\"><img loading=\"lazy\" decoding=\"async\" class=\"wp-image-48037 aligncenter\" src=\"https:\/\/inces.gob.ve\/wp-content\/uploads\/2022\/11\/aprendizajes-productivos-6-.jpg\" alt=\"\" width=\"572\" height=\"557\" srcset=\"https:\/\/inces.gob.ve\/wp-content\/uploads\/2022\/11\/aprendizajes-productivos-6-.jpg 498w, https:\/\/inces.gob.ve\/wp-content\/uploads\/2022\/11\/aprendizajes-productivos-6--300x292.jpg 300w\" sizes=\"auto, (max-width: 572px) 100vw, 572px\" \/><\/p>\n<p style=\"text-align: justify;\" align=\"justify\"><span style=\"font-family: helvetica, arial, sans-serif; font-size: 14pt;\">La acci\u00f3n pedag\u00f3gica estuvo a cargo del maestro t\u00e9cnico voluntario (MTV) abogado Francisco Andino, quien utiliz\u00f3 la estrategia metodol\u00f3gica inductiva y <span lang=\"es-ES\">did\u00e1ctica, enfoca<\/span><span lang=\"es-ES\">ndo<\/span><span lang=\"es-ES\"> el aprendizaje <\/span><span lang=\"es-ES\">hacia el desarrollo de las competencias <\/span><span lang=\"es-ES\">de an\u00e1lisis, interpretaci\u00f3n e indagaci\u00f3n, <\/span>bajo la premisa: \u201cUn compromiso de todos\u201d, el cual est\u00e1 orientado a los trabajadores, para que conozcan c\u00f3mo se realiza el c\u00e1lculo de prestaciones sociales de conformidad a la legislaci\u00f3n venezolana.<\/span><\/p>\n<p style=\"text-align: justify;\" align=\"justify\"><img loading=\"lazy\" decoding=\"async\" class=\"wp-image-48033 aligncenter\" src=\"https:\/\/inces.gob.ve\/wp-content\/uploads\/2022\/11\/aprendizajes-productivos-1-.jpg\" alt=\"\" width=\"692\" height=\"600\" srcset=\"https:\/\/inces.gob.ve\/wp-content\/uploads\/2022\/11\/aprendizajes-productivos-1-.jpg 800w, https:\/\/inces.gob.ve\/wp-content\/uploads\/2022\/11\/aprendizajes-productivos-1--300x260.jpg 300w, https:\/\/inces.gob.ve\/wp-content\/uploads\/2022\/11\/aprendizajes-productivos-1--768x666.jpg 768w\" sizes=\"auto, (max-width: 692px) 100vw, 692px\" \/><\/p>\n<p style=\"text-align: justify;\" align=\"justify\"><span style=\"font-family: helvetica, arial, sans-serif; font-size: 14pt;\">De igual forma, el objetivo, fue proporcionar las herramientas necesarias para el c\u00e1lculo de todos los conceptos a pagar por prestaciones sociales de conformidad con las diversas formas de culminaci\u00f3n de las relaciones laborales contenidos en la Ley Org\u00e1nica del Trabajo, los Trabajadores y las Trabajadoras; igualmente; aprendieron sobre salario, la norma integral, jornada de trabajo, horas extras, bono nocturno, d\u00edas feriados, vacaciones, bono vacacional y utilidades, entre otros.<\/span><\/p>\n<p style=\"text-align: justify;\" align=\"justify\"><img loading=\"lazy\" decoding=\"async\" class=\"aligncenter wp-image-48036 \" src=\"https:\/\/inces.gob.ve\/wp-content\/uploads\/2022\/11\/aprendizajes-productivos-5-.jpg\" alt=\"\" width=\"694\" height=\"483\" srcset=\"https:\/\/inces.gob.ve\/wp-content\/uploads\/2022\/11\/aprendizajes-productivos-5-.jpg 800w, https:\/\/inces.gob.ve\/wp-content\/uploads\/2022\/11\/aprendizajes-productivos-5--300x209.jpg 300w, https:\/\/inces.gob.ve\/wp-content\/uploads\/2022\/11\/aprendizajes-productivos-5--768x535.jpg 768w\" sizes=\"auto, (max-width: 694px) 100vw, 694px\" \/><\/p>\n<p style=\"text-align: justify;\" align=\"justify\">\n","protected":false},"excerpt":{"rendered":"<p>**Como parte de los procesos de formaci\u00f3n y autoformaci\u00f3n de la clase trabajadora<\/p>\n","protected":false},"author":15,"featured_media":48035,"comment_status":"closed","ping_status":"closed","sticky":false,"template":"","format":"standard","meta":{"footnotes":""},"categories":[2],"tags":[],"class_list":["post-48032","post","type-post","status-publish","format-standard","has-post-thumbnail","hentry","category-blog"],"_links":{"self":[{"href":"https:\/\/inces.gob.ve\/index.php\/wp-json\/wp\/v2\/posts\/48032","targetHints":{"allow":["GET"]}}],"collection":[{"href":"https:\/\/inces.gob.ve\/index.php\/wp-json\/wp\/v2\/posts"}],"about":[{"href":"https:\/\/inces.gob.ve\/index.php\/wp-json\/wp\/v2\/types\/post"}],"author":[{"embeddable":true,"href":"https:\/\/inces.gob.ve\/index.php\/wp-json\/wp\/v2\/users\/15"}],"replies":[{"embeddable":true,"href":"https:\/\/inces.gob.ve\/index.php\/wp-json\/wp\/v2\/comments?post=48032"}],"version-history":[{"count":4,"href":"https:\/\/inces.gob.ve\/index.php\/wp-json\/wp\/v2\/posts\/48032\/revisions"}],"predecessor-version":[{"id":48140,"href":"https:\/\/inces.gob.ve\/index.php\/wp-json\/wp\/v2\/posts\/48032\/revisions\/48140"}],"wp:featuredmedia":[{"embeddable":true,"href":"https:\/\/inces.gob.ve\/index.php\/wp-json\/wp\/v2\/media\/48035"}],"wp:attachment":[{"href":"https:\/\/inces.gob.ve\/index.php\/wp-json\/wp\/v2\/media?parent=48032"}],"wp:term":[{"taxonomy":"category","embeddable":true,"href":"https:\/\/inces.gob.ve\/index.php\/wp-json\/wp\/v2\/categories?post=48032"},{"taxonomy":"post_tag","embeddable":true,"href":"https:\/\/inces.gob.ve\/index.php\/wp-json\/wp\/v2\/tags?post=48032"}],"curies":[{"name":"wp","href":"https:\/\/api.w.org\/{rel}","templated":true}]}}